{"id":24337,"date":"2018-10-29T16:38:59","date_gmt":"2018-10-29T15:38:59","guid":{"rendered":"https:\/\/www.garvanacoustic.com\/ibm-roma\/"},"modified":"2023-08-21T12:10:28","modified_gmt":"2023-08-21T10:10:28","slug":"ibm-roma","status":"publish","type":"post","link":"https:\/\/www.garvanacoustic.com\/de\/referenzen\/unternehmen\/ibm-roma\/","title":{"rendered":"IBM &#8211; Roma"},"content":{"rendered":"<section><div class=\"container\"><div class=\"row\"><div class=\"wpb_column hcode-column-container vc_col-sm-12 col-xs-mobile-fullwidth\" data-front-class=\"col-xs-mobile-fullwidth\"><div class=\"vc-column-innner-wrapper\"><p><strong>IBM - Rom<\/strong><br \/>\nDas Software Executive Briefing Center\u00a0<strong>IBM<\/strong>\u00a0in Rom wurde dank des Projektes des italienischen Architekten Massimo Iosa Ghini und seines B\u00fcros vollst\u00e4ndig erneuert. Das Ergebnis ist ein\u00a0<strong>innovativer Raummit<\/strong>\u00a0futuristischer Atmosph\u00e4re, in dem stark die bekannte \"Streifen\" des IBM-LOGO zur Geltung kommen.<br \/>\nF\u00fcr die Umsetzung wurden die\u00a0<strong>besten avangardistischen Technologien<\/strong>\u00a0im audio-visuellen Bereich eingesetzt und die\u00a0<strong>versenkbaren Lautsprecher<\/strong>\u00a0von Garvan wurden nicht nur wegen der hohen Qualit\u00e4t des Klangs sondern auch wegen ihrer\u00a0<strong>beachtlichen \u00e4sthetischen Note<\/strong>\u00a0ausgew\u00e4hlt, die dazu beitr\u00e4gt, dem entsprechenden Ambiente Komfort und Sch\u00f6nheit zu verleihen.<\/p>\n<div>\n<div>Die<strong>\u00a0b\u00fcndig in die Wand eingebauten<\/strong>\u00a0Lautsprecher von Garvan, die von Sangalli Tecnologie Srl aus Bergamo installiert wurden, f\u00fcgen sich perfekt in die innovativen und technischen R\u00e4ume des Firmensitzes der IBM ein,\u00a0<strong>da sie im Inneren der W\u00e4nde verschwinden<\/strong>\u00a0und gleichzeitig dem Zuh\u00f6rer dank der eigens f\u00fcr den Gebrauch in sehr kleinen Einbaugeh\u00e4usen entwickelten Lautsprecher eine\u00a0<strong>einzigartige Einbeziehung<\/strong>\u00a0erm\u00f6glichen.<br \/>\nGarvan ist wiederum die Wahl, die Qualit\u00e4t, Sch\u00f6nheit und Technologie vereint.<\/div>\n<\/div>\n[vc_media_grid grid_id=\"vc_gid:1692612564795-5fe742a6-934b-9\" include=\"24338,24341,24342,24343,24344,24345,24346\"]<\/div><\/div><\/div><\/div><\/section>","protected":false},"excerpt":{"rendered":"<p>IBM &#8211; Rom Das Software Executive Briefing Center\u00a0IBM\u00a0in Rom wurde dank des Projektes des italienischen Architekten Massimo Iosa Ghini und seines B\u00fcros vollst\u00e4ndig erneuert. Das Ergebnis ist ein\u00a0innovativer Raummit\u00a0futuristischer Atmosph\u00e4re, in dem stark die bekannte &#8222;Streifen&#8220; des IBM-LOGO zur Geltung kommen. F\u00fcr die Umsetzung wurden die\u00a0besten avangardistischen Technologien\u00a0im audio-visuellen Bereich eingesetzt und die\u00a0versenkbaren Lautsprecher\u00a0von Garvan [&hellip;]<\/p>\n","protected":false},"author":6,"featured_media":24339,"comment_status":"open","ping_status":"open","sticky":false,"template":"","format":"standard","meta":{"_joinchat":[],"footnotes":""},"categories":[144,143],"tags":[],"class_list":["post-24337","post","type-post","status-publish","format-standard","has-post-thumbnail","hentry","category-referenzen","category-unternehmen"],"yoast_head":"<!-- This site is optimized with the Yoast SEO Premium plugin v27.4 (Yoast SEO v27.4) - https:\/\/yoast.com\/product\/yoast-seo-premium-wordpress\/ -->\n<title>IBM - Roma - Garvan Acoustic<\/title>\n<meta name=\"robots\" content=\"index, follow, max-snippet:-1, max-image-preview:large, max-video-preview:-1\" \/>\n<link rel=\"canonical\" href=\"https:\/\/www.garvanacoustic.com\/de\/referenzen\/unternehmen\/ibm-roma\/\" \/>\n<meta property=\"og:locale\" content=\"de_DE\" \/>\n<meta property=\"og:type\" content=\"article\" \/>\n<meta property=\"og:title\" content=\"IBM - Roma\" \/>\n<meta property=\"og:description\" content=\"IBM - Rom Das Software Executive Briefing Center\u00a0IBM\u00a0in Rom wurde dank des Projektes des italienischen Architekten Massimo Iosa Ghini und seines B\u00fcros vollst\u00e4ndig erneuert. Das Ergebnis ist ein\u00a0innovativer Raummit\u00a0futuristischer Atmosph\u00e4re, in dem stark die bekannte &quot;Streifen&quot; des IBM-LOGO zur Geltung kommen. F\u00fcr die Umsetzung wurden die\u00a0besten avangardistischen Technologien\u00a0im audio-visuellen Bereich eingesetzt und die\u00a0versenkbaren Lautsprecher\u00a0von Garvan [&hellip;]\" \/>\n<meta property=\"og:url\" content=\"https:\/\/www.garvanacoustic.com\/de\/referenzen\/unternehmen\/ibm-roma\/\" \/>\n<meta property=\"og:site_name\" content=\"Garvan Acoustic\" \/>\n<meta property=\"article:publisher\" content=\"https:\/\/www.facebook.com\/garvanacoustic\" \/>\n<meta property=\"article:published_time\" content=\"2018-10-29T15:38:59+00:00\" \/>\n<meta property=\"article:modified_time\" content=\"2023-08-21T10:10:28+00:00\" \/>\n<meta property=\"og:image\" content=\"https:\/\/www.garvanacoustic.com\/wp-content\/uploads\/2018\/11\/IBM-Roma.jpg\" \/>\n\t<meta property=\"og:image:width\" content=\"760\" \/>\n\t<meta property=\"og:image:height\" content=\"570\" \/>\n\t<meta property=\"og:image:type\" content=\"image\/jpeg\" \/>\n<meta name=\"author\" content=\"garvan_editor\" \/>\n<meta name=\"twitter:card\" content=\"summary_large_image\" \/>\n<meta name=\"twitter:label1\" content=\"Verfasst von\" \/>\n\t<meta name=\"twitter:data1\" content=\"garvan_editor\" \/>\n\t<meta name=\"twitter:label2\" content=\"Gesch\u00e4tzte Lesezeit\" \/>\n\t<meta name=\"twitter:data2\" content=\"1\u00a0Minute\" \/>\n<script type=\"application\/ld+json\" class=\"yoast-schema-graph\">{\"@context\":\"https:\\\/\\\/schema.org\",\"@graph\":[{\"@type\":\"Article\",\"@id\":\"https:\\\/\\\/www.garvanacoustic.com\\\/de\\\/referenzen\\\/unternehmen\\\/ibm-roma\\\/#article\",\"isPartOf\":{\"@id\":\"https:\\\/\\\/www.garvanacoustic.com\\\/de\\\/referenzen\\\/unternehmen\\\/ibm-roma\\\/\"},\"author\":{\"name\":\"garvan_editor\",\"@id\":\"https:\\\/\\\/www.garvanacoustic.com\\\/de\\\/#\\\/schema\\\/person\\\/09727156b8cb00892d1258442a3c907d\"},\"headline\":\"IBM &#8211; Roma\",\"datePublished\":\"2018-10-29T15:38:59+00:00\",\"dateModified\":\"2023-08-21T10:10:28+00:00\",\"mainEntityOfPage\":{\"@id\":\"https:\\\/\\\/www.garvanacoustic.com\\\/de\\\/referenzen\\\/unternehmen\\\/ibm-roma\\\/\"},\"wordCount\":210,\"commentCount\":0,\"publisher\":{\"@id\":\"https:\\\/\\\/www.garvanacoustic.com\\\/de\\\/#organization\"},\"image\":{\"@id\":\"https:\\\/\\\/www.garvanacoustic.com\\\/de\\\/referenzen\\\/unternehmen\\\/ibm-roma\\\/#primaryimage\"},\"thumbnailUrl\":\"https:\\\/\\\/www.garvanacoustic.com\\\/wp-content\\\/uploads\\\/2018\\\/11\\\/IBM-Roma.jpg\",\"articleSection\":[\"Referenzen\",\"Unternehmen\"],\"inLanguage\":\"de\",\"potentialAction\":[{\"@type\":\"CommentAction\",\"name\":\"Comment\",\"target\":[\"https:\\\/\\\/www.garvanacoustic.com\\\/de\\\/referenzen\\\/unternehmen\\\/ibm-roma\\\/#respond\"]}]},{\"@type\":\"WebPage\",\"@id\":\"https:\\\/\\\/www.garvanacoustic.com\\\/de\\\/referenzen\\\/unternehmen\\\/ibm-roma\\\/\",\"url\":\"https:\\\/\\\/www.garvanacoustic.com\\\/de\\\/referenzen\\\/unternehmen\\\/ibm-roma\\\/\",\"name\":\"IBM - Roma - Garvan Acoustic\",\"isPartOf\":{\"@id\":\"https:\\\/\\\/www.garvanacoustic.com\\\/de\\\/#website\"},\"primaryImageOfPage\":{\"@id\":\"https:\\\/\\\/www.garvanacoustic.com\\\/de\\\/referenzen\\\/unternehmen\\\/ibm-roma\\\/#primaryimage\"},\"image\":{\"@id\":\"https:\\\/\\\/www.garvanacoustic.com\\\/de\\\/referenzen\\\/unternehmen\\\/ibm-roma\\\/#primaryimage\"},\"thumbnailUrl\":\"https:\\\/\\\/www.garvanacoustic.com\\\/wp-content\\\/uploads\\\/2018\\\/11\\\/IBM-Roma.jpg\",\"datePublished\":\"2018-10-29T15:38:59+00:00\",\"dateModified\":\"2023-08-21T10:10:28+00:00\",\"breadcrumb\":{\"@id\":\"https:\\\/\\\/www.garvanacoustic.com\\\/de\\\/referenzen\\\/unternehmen\\\/ibm-roma\\\/#breadcrumb\"},\"inLanguage\":\"de\",\"potentialAction\":[{\"@type\":\"ReadAction\",\"target\":[\"https:\\\/\\\/www.garvanacoustic.com\\\/de\\\/referenzen\\\/unternehmen\\\/ibm-roma\\\/\"]}]},{\"@type\":\"ImageObject\",\"inLanguage\":\"de\",\"@id\":\"https:\\\/\\\/www.garvanacoustic.com\\\/de\\\/referenzen\\\/unternehmen\\\/ibm-roma\\\/#primaryimage\",\"url\":\"https:\\\/\\\/www.garvanacoustic.com\\\/wp-content\\\/uploads\\\/2018\\\/11\\\/IBM-Roma.jpg\",\"contentUrl\":\"https:\\\/\\\/www.garvanacoustic.com\\\/wp-content\\\/uploads\\\/2018\\\/11\\\/IBM-Roma.jpg\",\"width\":760,\"height\":570},{\"@type\":\"BreadcrumbList\",\"@id\":\"https:\\\/\\\/www.garvanacoustic.com\\\/de\\\/referenzen\\\/unternehmen\\\/ibm-roma\\\/#breadcrumb\",\"itemListElement\":[{\"@type\":\"ListItem\",\"position\":1,\"name\":\"Home\",\"item\":\"https:\\\/\\\/www.garvanacoustic.com\\\/de\\\/\"},{\"@type\":\"ListItem\",\"position\":2,\"name\":\"IBM &#8211; Roma\"}]},{\"@type\":\"WebSite\",\"@id\":\"https:\\\/\\\/www.garvanacoustic.com\\\/de\\\/#website\",\"url\":\"https:\\\/\\\/www.garvanacoustic.com\\\/de\\\/\",\"name\":\"Garvan Acoustic\",\"description\":\"Diffusori e trattamento acustico: scopri la qualit\u00e0 del Made in Italy\",\"publisher\":{\"@id\":\"https:\\\/\\\/www.garvanacoustic.com\\\/de\\\/#organization\"},\"potentialAction\":[{\"@type\":\"SearchAction\",\"target\":{\"@type\":\"EntryPoint\",\"urlTemplate\":\"https:\\\/\\\/www.garvanacoustic.com\\\/de\\\/?s={search_term_string}\"},\"query-input\":{\"@type\":\"PropertyValueSpecification\",\"valueRequired\":true,\"valueName\":\"search_term_string\"}}],\"inLanguage\":\"de\"},{\"@type\":\"Organization\",\"@id\":\"https:\\\/\\\/www.garvanacoustic.com\\\/de\\\/#organization\",\"name\":\"Garvan Acoustic\",\"url\":\"https:\\\/\\\/www.garvanacoustic.com\\\/de\\\/\",\"logo\":{\"@type\":\"ImageObject\",\"inLanguage\":\"de\",\"@id\":\"https:\\\/\\\/www.garvanacoustic.com\\\/de\\\/#\\\/schema\\\/logo\\\/image\\\/\",\"url\":\"https:\\\/\\\/www.garvanacoustic.com\\\/wp-content\\\/uploads\\\/2018\\\/07\\\/garvan-acoustic-logo.png\",\"contentUrl\":\"https:\\\/\\\/www.garvanacoustic.com\\\/wp-content\\\/uploads\\\/2018\\\/07\\\/garvan-acoustic-logo.png\",\"width\":400,\"height\":161,\"caption\":\"Garvan Acoustic\"},\"image\":{\"@id\":\"https:\\\/\\\/www.garvanacoustic.com\\\/de\\\/#\\\/schema\\\/logo\\\/image\\\/\"},\"sameAs\":[\"https:\\\/\\\/www.facebook.com\\\/garvanacoustic\",\"https:\\\/\\\/www.instagram.com\\\/garvanacoustic\\\/\"],\"description\":\"Produttori di Diffusori Acustici e Pannelli Fonoassorbenti Made in Italy\",\"email\":\"garvan@garvanacoustic.com\",\"telephone\":\"0546 682097\"},{\"@type\":\"Person\",\"@id\":\"https:\\\/\\\/www.garvanacoustic.com\\\/de\\\/#\\\/schema\\\/person\\\/09727156b8cb00892d1258442a3c907d\",\"name\":\"garvan_editor\",\"image\":{\"@type\":\"ImageObject\",\"inLanguage\":\"de\",\"@id\":\"https:\\\/\\\/secure.gravatar.com\\\/avatar\\\/e9162e14491fbe40c8b8f258b3dcc580abbd812dd4769ec35a2771dab4442bd3?s=96&d=mm&r=g\",\"url\":\"https:\\\/\\\/secure.gravatar.com\\\/avatar\\\/e9162e14491fbe40c8b8f258b3dcc580abbd812dd4769ec35a2771dab4442bd3?s=96&d=mm&r=g\",\"contentUrl\":\"https:\\\/\\\/secure.gravatar.com\\\/avatar\\\/e9162e14491fbe40c8b8f258b3dcc580abbd812dd4769ec35a2771dab4442bd3?s=96&d=mm&r=g\",\"caption\":\"garvan_editor\"},\"url\":\"https:\\\/\\\/www.garvanacoustic.com\\\/de\\\/author\\\/garvan_editor\\\/\"}]}<\/script>\n<!-- \/ Yoast SEO Premium plugin. -->","yoast_head_json":{"title":"IBM - Roma - Garvan Acoustic","robots":{"index":"index","follow":"follow","max-snippet":"max-snippet:-1","max-image-preview":"max-image-preview:large","max-video-preview":"max-video-preview:-1"},"canonical":"https:\/\/www.garvanacoustic.com\/de\/referenzen\/unternehmen\/ibm-roma\/","og_locale":"de_DE","og_type":"article","og_title":"IBM - Roma","og_description":"IBM - Rom Das Software Executive Briefing Center\u00a0IBM\u00a0in Rom wurde dank des Projektes des italienischen Architekten Massimo Iosa Ghini und seines B\u00fcros vollst\u00e4ndig erneuert. Das Ergebnis ist ein\u00a0innovativer Raummit\u00a0futuristischer Atmosph\u00e4re, in dem stark die bekannte \"Streifen\" des IBM-LOGO zur Geltung kommen. F\u00fcr die Umsetzung wurden die\u00a0besten avangardistischen Technologien\u00a0im audio-visuellen Bereich eingesetzt und die\u00a0versenkbaren Lautsprecher\u00a0von Garvan [&hellip;]","og_url":"https:\/\/www.garvanacoustic.com\/de\/referenzen\/unternehmen\/ibm-roma\/","og_site_name":"Garvan Acoustic","article_publisher":"https:\/\/www.facebook.com\/garvanacoustic","article_published_time":"2018-10-29T15:38:59+00:00","article_modified_time":"2023-08-21T10:10:28+00:00","og_image":[{"width":760,"height":570,"url":"https:\/\/www.garvanacoustic.com\/wp-content\/uploads\/2018\/11\/IBM-Roma.jpg","type":"image\/jpeg"}],"author":"garvan_editor","twitter_card":"summary_large_image","twitter_misc":{"Verfasst von":"garvan_editor","Gesch\u00e4tzte Lesezeit":"1\u00a0Minute"},"schema":{"@context":"https:\/\/schema.org","@graph":[{"@type":"Article","@id":"https:\/\/www.garvanacoustic.com\/de\/referenzen\/unternehmen\/ibm-roma\/#article","isPartOf":{"@id":"https:\/\/www.garvanacoustic.com\/de\/referenzen\/unternehmen\/ibm-roma\/"},"author":{"name":"garvan_editor","@id":"https:\/\/www.garvanacoustic.com\/de\/#\/schema\/person\/09727156b8cb00892d1258442a3c907d"},"headline":"IBM &#8211; Roma","datePublished":"2018-10-29T15:38:59+00:00","dateModified":"2023-08-21T10:10:28+00:00","mainEntityOfPage":{"@id":"https:\/\/www.garvanacoustic.com\/de\/referenzen\/unternehmen\/ibm-roma\/"},"wordCount":210,"commentCount":0,"publisher":{"@id":"https:\/\/www.garvanacoustic.com\/de\/#organization"},"image":{"@id":"https:\/\/www.garvanacoustic.com\/de\/referenzen\/unternehmen\/ibm-roma\/#primaryimage"},"thumbnailUrl":"https:\/\/www.garvanacoustic.com\/wp-content\/uploads\/2018\/11\/IBM-Roma.jpg","articleSection":["Referenzen","Unternehmen"],"inLanguage":"de","potentialAction":[{"@type":"CommentAction","name":"Comment","target":["https:\/\/www.garvanacoustic.com\/de\/referenzen\/unternehmen\/ibm-roma\/#respond"]}]},{"@type":"WebPage","@id":"https:\/\/www.garvanacoustic.com\/de\/referenzen\/unternehmen\/ibm-roma\/","url":"https:\/\/www.garvanacoustic.com\/de\/referenzen\/unternehmen\/ibm-roma\/","name":"IBM - Roma - Garvan Acoustic","isPartOf":{"@id":"https:\/\/www.garvanacoustic.com\/de\/#website"},"primaryImageOfPage":{"@id":"https:\/\/www.garvanacoustic.com\/de\/referenzen\/unternehmen\/ibm-roma\/#primaryimage"},"image":{"@id":"https:\/\/www.garvanacoustic.com\/de\/referenzen\/unternehmen\/ibm-roma\/#primaryimage"},"thumbnailUrl":"https:\/\/www.garvanacoustic.com\/wp-content\/uploads\/2018\/11\/IBM-Roma.jpg","datePublished":"2018-10-29T15:38:59+00:00","dateModified":"2023-08-21T10:10:28+00:00","breadcrumb":{"@id":"https:\/\/www.garvanacoustic.com\/de\/referenzen\/unternehmen\/ibm-roma\/#breadcrumb"},"inLanguage":"de","potentialAction":[{"@type":"ReadAction","target":["https:\/\/www.garvanacoustic.com\/de\/referenzen\/unternehmen\/ibm-roma\/"]}]},{"@type":"ImageObject","inLanguage":"de","@id":"https:\/\/www.garvanacoustic.com\/de\/referenzen\/unternehmen\/ibm-roma\/#primaryimage","url":"https:\/\/www.garvanacoustic.com\/wp-content\/uploads\/2018\/11\/IBM-Roma.jpg","contentUrl":"https:\/\/www.garvanacoustic.com\/wp-content\/uploads\/2018\/11\/IBM-Roma.jpg","width":760,"height":570},{"@type":"BreadcrumbList","@id":"https:\/\/www.garvanacoustic.com\/de\/referenzen\/unternehmen\/ibm-roma\/#breadcrumb","itemListElement":[{"@type":"ListItem","position":1,"name":"Home","item":"https:\/\/www.garvanacoustic.com\/de\/"},{"@type":"ListItem","position":2,"name":"IBM &#8211; Roma"}]},{"@type":"WebSite","@id":"https:\/\/www.garvanacoustic.com\/de\/#website","url":"https:\/\/www.garvanacoustic.com\/de\/","name":"Garvan Acoustic","description":"Diffusori e trattamento acustico: scopri la qualit\u00e0 del Made in Italy","publisher":{"@id":"https:\/\/www.garvanacoustic.com\/de\/#organization"},"potentialAction":[{"@type":"SearchAction","target":{"@type":"EntryPoint","urlTemplate":"https:\/\/www.garvanacoustic.com\/de\/?s={search_term_string}"},"query-input":{"@type":"PropertyValueSpecification","valueRequired":true,"valueName":"search_term_string"}}],"inLanguage":"de"},{"@type":"Organization","@id":"https:\/\/www.garvanacoustic.com\/de\/#organization","name":"Garvan Acoustic","url":"https:\/\/www.garvanacoustic.com\/de\/","logo":{"@type":"ImageObject","inLanguage":"de","@id":"https:\/\/www.garvanacoustic.com\/de\/#\/schema\/logo\/image\/","url":"https:\/\/www.garvanacoustic.com\/wp-content\/uploads\/2018\/07\/garvan-acoustic-logo.png","contentUrl":"https:\/\/www.garvanacoustic.com\/wp-content\/uploads\/2018\/07\/garvan-acoustic-logo.png","width":400,"height":161,"caption":"Garvan Acoustic"},"image":{"@id":"https:\/\/www.garvanacoustic.com\/de\/#\/schema\/logo\/image\/"},"sameAs":["https:\/\/www.facebook.com\/garvanacoustic","https:\/\/www.instagram.com\/garvanacoustic\/"],"description":"Produttori di Diffusori Acustici e Pannelli Fonoassorbenti Made in Italy","email":"garvan@garvanacoustic.com","telephone":"0546 682097"},{"@type":"Person","@id":"https:\/\/www.garvanacoustic.com\/de\/#\/schema\/person\/09727156b8cb00892d1258442a3c907d","name":"garvan_editor","image":{"@type":"ImageObject","inLanguage":"de","@id":"https:\/\/secure.gravatar.com\/avatar\/e9162e14491fbe40c8b8f258b3dcc580abbd812dd4769ec35a2771dab4442bd3?s=96&d=mm&r=g","url":"https:\/\/secure.gravatar.com\/avatar\/e9162e14491fbe40c8b8f258b3dcc580abbd812dd4769ec35a2771dab4442bd3?s=96&d=mm&r=g","contentUrl":"https:\/\/secure.gravatar.com\/avatar\/e9162e14491fbe40c8b8f258b3dcc580abbd812dd4769ec35a2771dab4442bd3?s=96&d=mm&r=g","caption":"garvan_editor"},"url":"https:\/\/www.garvanacoustic.com\/de\/author\/garvan_editor\/"}]}},"_links":{"self":[{"href":"https:\/\/www.garvanacoustic.com\/de\/wp-json\/wp\/v2\/posts\/24337","targetHints":{"allow":["GET"]}}],"collection":[{"href":"https:\/\/www.garvanacoustic.com\/de\/wp-json\/wp\/v2\/posts"}],"about":[{"href":"https:\/\/www.garvanacoustic.com\/de\/wp-json\/wp\/v2\/types\/post"}],"author":[{"embeddable":true,"href":"https:\/\/www.garvanacoustic.com\/de\/wp-json\/wp\/v2\/users\/6"}],"replies":[{"embeddable":true,"href":"https:\/\/www.garvanacoustic.com\/de\/wp-json\/wp\/v2\/comments?post=24337"}],"version-history":[{"count":4,"href":"https:\/\/www.garvanacoustic.com\/de\/wp-json\/wp\/v2\/posts\/24337\/revisions"}],"predecessor-version":[{"id":61804,"href":"https:\/\/www.garvanacoustic.com\/de\/wp-json\/wp\/v2\/posts\/24337\/revisions\/61804"}],"wp:featuredmedia":[{"embeddable":true,"href":"https:\/\/www.garvanacoustic.com\/de\/wp-json\/wp\/v2\/media\/24339"}],"wp:attachment":[{"href":"https:\/\/www.garvanacoustic.com\/de\/wp-json\/wp\/v2\/media?parent=24337"}],"wp:term":[{"taxonomy":"category","embeddable":true,"href":"https:\/\/www.garvanacoustic.com\/de\/wp-json\/wp\/v2\/categories?post=24337"},{"taxonomy":"post_tag","embeddable":true,"href":"https:\/\/www.garvanacoustic.com\/de\/wp-json\/wp\/v2\/tags?post=24337"}],"curies":[{"name":"wp","href":"https:\/\/api.w.org\/{rel}","templated":true}]}}