{"id":24589,"date":"2018-11-02T15:54:23","date_gmt":"2018-11-02T14:54:23","guid":{"rendered":"https:\/\/www.garvanacoustic.com\/residenza-a-rimini\/"},"modified":"2019-03-04T11:46:34","modified_gmt":"2019-03-04T10:46:34","slug":"wonhsitz-in-rimini","status":"publish","type":"post","link":"https:\/\/www.garvanacoustic.com\/de\/referenzen\/wonhsitz-in-rimini\/","title":{"rendered":"Wonhsitz in Rimini"},"content":{"rendered":"<section><div class=\"container\"><div class=\"row\"><div class=\"wpb_column hcode-column-container vc_col-sm-12 col-xs-mobile-fullwidth\" data-front-class=\"col-xs-mobile-fullwidth\"><div class=\"vc-column-innner-wrapper\"><p><strong>Wonhsitz in Rimini<\/strong><\/p>\n<p>Ein moderner und eleganter privaten Wohnsitz in Rimini enth\u00e4lt die Garvan Lautsprecher. Die klaren, einfachen Linien der Lautsprecher integrieren sich perfekt mit den aktuellen, raffinierten architektonischen Strukturen und bereichern die Umgebungen mit Ausgeglichenheit und Unauff\u00e4lligkeit. Die On-Wall Lautsprecher sind in den Metallstrukturen eingef\u00fcgt, die die R\u00e4ume teilen, sie erf\u00fcllen die Umgebungen und integrieren die minimalistischen Linien. Die Einbau-Lautsprecher sind in den W\u00e4nden unsichtbar integriert, dank des neuen, innovativen fl\u00e4chenb\u00fcndigen Wandeinbaus. \u00c4sthetische Bestandteile und kundenspezifische Farben, f\u00fcr die modernste Eleganz. Realisierung von Audio-und Videoanlage: Cat di Bertozzi &amp; C. Snc.<\/p>\n[vc_media_grid grid_id=\"vc_gid:1551696273911-89c9695a-e52a-2\" include=\"21953,21954,21955,21956,21957,21958,21959,21960,21961\"]<\/div><\/div><\/div><\/div><\/section>","protected":false},"excerpt":{"rendered":"<p>Wonhsitz in Rimini Ein moderner und eleganter privaten Wohnsitz in Rimini enth\u00e4lt die Garvan Lautsprecher. Die klaren, einfachen Linien der Lautsprecher integrieren sich perfekt mit den aktuellen, raffinierten architektonischen Strukturen und bereichern die Umgebungen mit Ausgeglichenheit und Unauff\u00e4lligkeit. Die On-Wall Lautsprecher sind in den Metallstrukturen eingef\u00fcgt, die die R\u00e4ume teilen, sie erf\u00fcllen die Umgebungen und [&hellip;]<\/p>\n","protected":false},"author":6,"featured_media":24425,"comment_status":"open","ping_status":"open","sticky":false,"template":"","format":"standard","meta":{"_joinchat":[],"footnotes":""},"categories":[151,144],"tags":[],"class_list":["post-24589","post","type-post","status-publish","format-standard","has-post-thumbnail","hentry","category-privatpersonen","category-referenzen"],"yoast_head":"<!-- This site is optimized with the Yoast SEO Premium plugin v27.4 (Yoast SEO v27.4) - https:\/\/yoast.com\/product\/yoast-seo-premium-wordpress\/ -->\n<title>Wonhsitz in Rimini - Garvan Acoustic<\/title>\n<meta name=\"robots\" content=\"index, follow, max-snippet:-1, max-image-preview:large, max-video-preview:-1\" \/>\n<link rel=\"canonical\" href=\"https:\/\/www.garvanacoustic.com\/de\/referenzen\/wonhsitz-in-rimini\/\" \/>\n<meta property=\"og:locale\" content=\"de_DE\" \/>\n<meta property=\"og:type\" content=\"article\" \/>\n<meta property=\"og:title\" content=\"Wonhsitz in Rimini\" \/>\n<meta property=\"og:description\" content=\"Wonhsitz in Rimini Ein moderner und eleganter privaten Wohnsitz in Rimini enth\u00e4lt die Garvan Lautsprecher. Die klaren, einfachen Linien der Lautsprecher integrieren sich perfekt mit den aktuellen, raffinierten architektonischen Strukturen und bereichern die Umgebungen mit Ausgeglichenheit und Unauff\u00e4lligkeit. Die On-Wall Lautsprecher sind in den Metallstrukturen eingef\u00fcgt, die die R\u00e4ume teilen, sie erf\u00fcllen die Umgebungen und [&hellip;]\" \/>\n<meta property=\"og:url\" content=\"https:\/\/www.garvanacoustic.com\/de\/referenzen\/wonhsitz-in-rimini\/\" \/>\n<meta property=\"og:site_name\" content=\"Garvan Acoustic\" \/>\n<meta property=\"article:publisher\" content=\"https:\/\/www.facebook.com\/garvanacoustic\" \/>\n<meta property=\"article:published_time\" content=\"2018-11-02T14:54:23+00:00\" \/>\n<meta property=\"article:modified_time\" content=\"2019-03-04T10:46:34+00:00\" \/>\n<meta property=\"og:image\" content=\"https:\/\/www.garvanacoustic.com\/wp-content\/uploads\/2018\/11\/Residenza-a-Rimini.jpg\" \/>\n\t<meta property=\"og:image:width\" content=\"760\" \/>\n\t<meta property=\"og:image:height\" content=\"570\" \/>\n\t<meta property=\"og:image:type\" content=\"image\/jpeg\" \/>\n<meta name=\"author\" content=\"garvan_editor\" \/>\n<meta name=\"twitter:card\" content=\"summary_large_image\" \/>\n<meta name=\"twitter:label1\" content=\"Verfasst von\" \/>\n\t<meta name=\"twitter:data1\" content=\"garvan_editor\" \/>\n\t<meta name=\"twitter:label2\" content=\"Gesch\u00e4tzte Lesezeit\" \/>\n\t<meta name=\"twitter:data2\" content=\"1\u00a0Minute\" \/>\n<script type=\"application\/ld+json\" class=\"yoast-schema-graph\">{\"@context\":\"https:\\\/\\\/schema.org\",\"@graph\":[{\"@type\":\"Article\",\"@id\":\"https:\\\/\\\/www.garvanacoustic.com\\\/de\\\/referenzen\\\/wonhsitz-in-rimini\\\/#article\",\"isPartOf\":{\"@id\":\"https:\\\/\\\/www.garvanacoustic.com\\\/de\\\/referenzen\\\/wonhsitz-in-rimini\\\/\"},\"author\":{\"name\":\"garvan_editor\",\"@id\":\"https:\\\/\\\/www.garvanacoustic.com\\\/de\\\/#\\\/schema\\\/person\\\/09727156b8cb00892d1258442a3c907d\"},\"headline\":\"Wonhsitz in Rimini\",\"datePublished\":\"2018-11-02T14:54:23+00:00\",\"dateModified\":\"2019-03-04T10:46:34+00:00\",\"mainEntityOfPage\":{\"@id\":\"https:\\\/\\\/www.garvanacoustic.com\\\/de\\\/referenzen\\\/wonhsitz-in-rimini\\\/\"},\"wordCount\":131,\"commentCount\":0,\"publisher\":{\"@id\":\"https:\\\/\\\/www.garvanacoustic.com\\\/de\\\/#organization\"},\"image\":{\"@id\":\"https:\\\/\\\/www.garvanacoustic.com\\\/de\\\/referenzen\\\/wonhsitz-in-rimini\\\/#primaryimage\"},\"thumbnailUrl\":\"https:\\\/\\\/www.garvanacoustic.com\\\/wp-content\\\/uploads\\\/2018\\\/11\\\/Residenza-a-Rimini.jpg\",\"articleSection\":[\"Privatpersonen\",\"Referenzen\"],\"inLanguage\":\"de\",\"potentialAction\":[{\"@type\":\"CommentAction\",\"name\":\"Comment\",\"target\":[\"https:\\\/\\\/www.garvanacoustic.com\\\/de\\\/referenzen\\\/wonhsitz-in-rimini\\\/#respond\"]}]},{\"@type\":\"WebPage\",\"@id\":\"https:\\\/\\\/www.garvanacoustic.com\\\/de\\\/referenzen\\\/wonhsitz-in-rimini\\\/\",\"url\":\"https:\\\/\\\/www.garvanacoustic.com\\\/de\\\/referenzen\\\/wonhsitz-in-rimini\\\/\",\"name\":\"Wonhsitz in Rimini - Garvan Acoustic\",\"isPartOf\":{\"@id\":\"https:\\\/\\\/www.garvanacoustic.com\\\/de\\\/#website\"},\"primaryImageOfPage\":{\"@id\":\"https:\\\/\\\/www.garvanacoustic.com\\\/de\\\/referenzen\\\/wonhsitz-in-rimini\\\/#primaryimage\"},\"image\":{\"@id\":\"https:\\\/\\\/www.garvanacoustic.com\\\/de\\\/referenzen\\\/wonhsitz-in-rimini\\\/#primaryimage\"},\"thumbnailUrl\":\"https:\\\/\\\/www.garvanacoustic.com\\\/wp-content\\\/uploads\\\/2018\\\/11\\\/Residenza-a-Rimini.jpg\",\"datePublished\":\"2018-11-02T14:54:23+00:00\",\"dateModified\":\"2019-03-04T10:46:34+00:00\",\"breadcrumb\":{\"@id\":\"https:\\\/\\\/www.garvanacoustic.com\\\/de\\\/referenzen\\\/wonhsitz-in-rimini\\\/#breadcrumb\"},\"inLanguage\":\"de\",\"potentialAction\":[{\"@type\":\"ReadAction\",\"target\":[\"https:\\\/\\\/www.garvanacoustic.com\\\/de\\\/referenzen\\\/wonhsitz-in-rimini\\\/\"]}]},{\"@type\":\"ImageObject\",\"inLanguage\":\"de\",\"@id\":\"https:\\\/\\\/www.garvanacoustic.com\\\/de\\\/referenzen\\\/wonhsitz-in-rimini\\\/#primaryimage\",\"url\":\"https:\\\/\\\/www.garvanacoustic.com\\\/wp-content\\\/uploads\\\/2018\\\/11\\\/Residenza-a-Rimini.jpg\",\"contentUrl\":\"https:\\\/\\\/www.garvanacoustic.com\\\/wp-content\\\/uploads\\\/2018\\\/11\\\/Residenza-a-Rimini.jpg\",\"width\":760,\"height\":570},{\"@type\":\"BreadcrumbList\",\"@id\":\"https:\\\/\\\/www.garvanacoustic.com\\\/de\\\/referenzen\\\/wonhsitz-in-rimini\\\/#breadcrumb\",\"itemListElement\":[{\"@type\":\"ListItem\",\"position\":1,\"name\":\"Home\",\"item\":\"https:\\\/\\\/www.garvanacoustic.com\\\/de\\\/\"},{\"@type\":\"ListItem\",\"position\":2,\"name\":\"Wonhsitz in Rimini\"}]},{\"@type\":\"WebSite\",\"@id\":\"https:\\\/\\\/www.garvanacoustic.com\\\/de\\\/#website\",\"url\":\"https:\\\/\\\/www.garvanacoustic.com\\\/de\\\/\",\"name\":\"Garvan Acoustic\",\"description\":\"Diffusori e trattamento acustico: scopri la qualit\u00e0 del Made in Italy\",\"publisher\":{\"@id\":\"https:\\\/\\\/www.garvanacoustic.com\\\/de\\\/#organization\"},\"potentialAction\":[{\"@type\":\"SearchAction\",\"target\":{\"@type\":\"EntryPoint\",\"urlTemplate\":\"https:\\\/\\\/www.garvanacoustic.com\\\/de\\\/?s={search_term_string}\"},\"query-input\":{\"@type\":\"PropertyValueSpecification\",\"valueRequired\":true,\"valueName\":\"search_term_string\"}}],\"inLanguage\":\"de\"},{\"@type\":\"Organization\",\"@id\":\"https:\\\/\\\/www.garvanacoustic.com\\\/de\\\/#organization\",\"name\":\"Garvan Acoustic\",\"url\":\"https:\\\/\\\/www.garvanacoustic.com\\\/de\\\/\",\"logo\":{\"@type\":\"ImageObject\",\"inLanguage\":\"de\",\"@id\":\"https:\\\/\\\/www.garvanacoustic.com\\\/de\\\/#\\\/schema\\\/logo\\\/image\\\/\",\"url\":\"https:\\\/\\\/www.garvanacoustic.com\\\/wp-content\\\/uploads\\\/2018\\\/07\\\/garvan-acoustic-logo.png\",\"contentUrl\":\"https:\\\/\\\/www.garvanacoustic.com\\\/wp-content\\\/uploads\\\/2018\\\/07\\\/garvan-acoustic-logo.png\",\"width\":400,\"height\":161,\"caption\":\"Garvan Acoustic\"},\"image\":{\"@id\":\"https:\\\/\\\/www.garvanacoustic.com\\\/de\\\/#\\\/schema\\\/logo\\\/image\\\/\"},\"sameAs\":[\"https:\\\/\\\/www.facebook.com\\\/garvanacoustic\",\"https:\\\/\\\/www.instagram.com\\\/garvanacoustic\\\/\"],\"description\":\"Produttori di Diffusori Acustici e Pannelli Fonoassorbenti Made in Italy\",\"email\":\"garvan@garvanacoustic.com\",\"telephone\":\"0546 682097\"},{\"@type\":\"Person\",\"@id\":\"https:\\\/\\\/www.garvanacoustic.com\\\/de\\\/#\\\/schema\\\/person\\\/09727156b8cb00892d1258442a3c907d\",\"name\":\"garvan_editor\",\"image\":{\"@type\":\"ImageObject\",\"inLanguage\":\"de\",\"@id\":\"https:\\\/\\\/secure.gravatar.com\\\/avatar\\\/e9162e14491fbe40c8b8f258b3dcc580abbd812dd4769ec35a2771dab4442bd3?s=96&d=mm&r=g\",\"url\":\"https:\\\/\\\/secure.gravatar.com\\\/avatar\\\/e9162e14491fbe40c8b8f258b3dcc580abbd812dd4769ec35a2771dab4442bd3?s=96&d=mm&r=g\",\"contentUrl\":\"https:\\\/\\\/secure.gravatar.com\\\/avatar\\\/e9162e14491fbe40c8b8f258b3dcc580abbd812dd4769ec35a2771dab4442bd3?s=96&d=mm&r=g\",\"caption\":\"garvan_editor\"},\"url\":\"https:\\\/\\\/www.garvanacoustic.com\\\/de\\\/author\\\/garvan_editor\\\/\"}]}<\/script>\n<!-- \/ Yoast SEO Premium plugin. -->","yoast_head_json":{"title":"Wonhsitz in Rimini - Garvan Acoustic","robots":{"index":"index","follow":"follow","max-snippet":"max-snippet:-1","max-image-preview":"max-image-preview:large","max-video-preview":"max-video-preview:-1"},"canonical":"https:\/\/www.garvanacoustic.com\/de\/referenzen\/wonhsitz-in-rimini\/","og_locale":"de_DE","og_type":"article","og_title":"Wonhsitz in Rimini","og_description":"Wonhsitz in Rimini Ein moderner und eleganter privaten Wohnsitz in Rimini enth\u00e4lt die Garvan Lautsprecher. Die klaren, einfachen Linien der Lautsprecher integrieren sich perfekt mit den aktuellen, raffinierten architektonischen Strukturen und bereichern die Umgebungen mit Ausgeglichenheit und Unauff\u00e4lligkeit. Die On-Wall Lautsprecher sind in den Metallstrukturen eingef\u00fcgt, die die R\u00e4ume teilen, sie erf\u00fcllen die Umgebungen und [&hellip;]","og_url":"https:\/\/www.garvanacoustic.com\/de\/referenzen\/wonhsitz-in-rimini\/","og_site_name":"Garvan Acoustic","article_publisher":"https:\/\/www.facebook.com\/garvanacoustic","article_published_time":"2018-11-02T14:54:23+00:00","article_modified_time":"2019-03-04T10:46:34+00:00","og_image":[{"width":760,"height":570,"url":"https:\/\/www.garvanacoustic.com\/wp-content\/uploads\/2018\/11\/Residenza-a-Rimini.jpg","type":"image\/jpeg"}],"author":"garvan_editor","twitter_card":"summary_large_image","twitter_misc":{"Verfasst von":"garvan_editor","Gesch\u00e4tzte Lesezeit":"1\u00a0Minute"},"schema":{"@context":"https:\/\/schema.org","@graph":[{"@type":"Article","@id":"https:\/\/www.garvanacoustic.com\/de\/referenzen\/wonhsitz-in-rimini\/#article","isPartOf":{"@id":"https:\/\/www.garvanacoustic.com\/de\/referenzen\/wonhsitz-in-rimini\/"},"author":{"name":"garvan_editor","@id":"https:\/\/www.garvanacoustic.com\/de\/#\/schema\/person\/09727156b8cb00892d1258442a3c907d"},"headline":"Wonhsitz in Rimini","datePublished":"2018-11-02T14:54:23+00:00","dateModified":"2019-03-04T10:46:34+00:00","mainEntityOfPage":{"@id":"https:\/\/www.garvanacoustic.com\/de\/referenzen\/wonhsitz-in-rimini\/"},"wordCount":131,"commentCount":0,"publisher":{"@id":"https:\/\/www.garvanacoustic.com\/de\/#organization"},"image":{"@id":"https:\/\/www.garvanacoustic.com\/de\/referenzen\/wonhsitz-in-rimini\/#primaryimage"},"thumbnailUrl":"https:\/\/www.garvanacoustic.com\/wp-content\/uploads\/2018\/11\/Residenza-a-Rimini.jpg","articleSection":["Privatpersonen","Referenzen"],"inLanguage":"de","potentialAction":[{"@type":"CommentAction","name":"Comment","target":["https:\/\/www.garvanacoustic.com\/de\/referenzen\/wonhsitz-in-rimini\/#respond"]}]},{"@type":"WebPage","@id":"https:\/\/www.garvanacoustic.com\/de\/referenzen\/wonhsitz-in-rimini\/","url":"https:\/\/www.garvanacoustic.com\/de\/referenzen\/wonhsitz-in-rimini\/","name":"Wonhsitz in Rimini - Garvan Acoustic","isPartOf":{"@id":"https:\/\/www.garvanacoustic.com\/de\/#website"},"primaryImageOfPage":{"@id":"https:\/\/www.garvanacoustic.com\/de\/referenzen\/wonhsitz-in-rimini\/#primaryimage"},"image":{"@id":"https:\/\/www.garvanacoustic.com\/de\/referenzen\/wonhsitz-in-rimini\/#primaryimage"},"thumbnailUrl":"https:\/\/www.garvanacoustic.com\/wp-content\/uploads\/2018\/11\/Residenza-a-Rimini.jpg","datePublished":"2018-11-02T14:54:23+00:00","dateModified":"2019-03-04T10:46:34+00:00","breadcrumb":{"@id":"https:\/\/www.garvanacoustic.com\/de\/referenzen\/wonhsitz-in-rimini\/#breadcrumb"},"inLanguage":"de","potentialAction":[{"@type":"ReadAction","target":["https:\/\/www.garvanacoustic.com\/de\/referenzen\/wonhsitz-in-rimini\/"]}]},{"@type":"ImageObject","inLanguage":"de","@id":"https:\/\/www.garvanacoustic.com\/de\/referenzen\/wonhsitz-in-rimini\/#primaryimage","url":"https:\/\/www.garvanacoustic.com\/wp-content\/uploads\/2018\/11\/Residenza-a-Rimini.jpg","contentUrl":"https:\/\/www.garvanacoustic.com\/wp-content\/uploads\/2018\/11\/Residenza-a-Rimini.jpg","width":760,"height":570},{"@type":"BreadcrumbList","@id":"https:\/\/www.garvanacoustic.com\/de\/referenzen\/wonhsitz-in-rimini\/#breadcrumb","itemListElement":[{"@type":"ListItem","position":1,"name":"Home","item":"https:\/\/www.garvanacoustic.com\/de\/"},{"@type":"ListItem","position":2,"name":"Wonhsitz in Rimini"}]},{"@type":"WebSite","@id":"https:\/\/www.garvanacoustic.com\/de\/#website","url":"https:\/\/www.garvanacoustic.com\/de\/","name":"Garvan Acoustic","description":"Diffusori e trattamento acustico: scopri la qualit\u00e0 del Made in Italy","publisher":{"@id":"https:\/\/www.garvanacoustic.com\/de\/#organization"},"potentialAction":[{"@type":"SearchAction","target":{"@type":"EntryPoint","urlTemplate":"https:\/\/www.garvanacoustic.com\/de\/?s={search_term_string}"},"query-input":{"@type":"PropertyValueSpecification","valueRequired":true,"valueName":"search_term_string"}}],"inLanguage":"de"},{"@type":"Organization","@id":"https:\/\/www.garvanacoustic.com\/de\/#organization","name":"Garvan Acoustic","url":"https:\/\/www.garvanacoustic.com\/de\/","logo":{"@type":"ImageObject","inLanguage":"de","@id":"https:\/\/www.garvanacoustic.com\/de\/#\/schema\/logo\/image\/","url":"https:\/\/www.garvanacoustic.com\/wp-content\/uploads\/2018\/07\/garvan-acoustic-logo.png","contentUrl":"https:\/\/www.garvanacoustic.com\/wp-content\/uploads\/2018\/07\/garvan-acoustic-logo.png","width":400,"height":161,"caption":"Garvan Acoustic"},"image":{"@id":"https:\/\/www.garvanacoustic.com\/de\/#\/schema\/logo\/image\/"},"sameAs":["https:\/\/www.facebook.com\/garvanacoustic","https:\/\/www.instagram.com\/garvanacoustic\/"],"description":"Produttori di Diffusori Acustici e Pannelli Fonoassorbenti Made in Italy","email":"garvan@garvanacoustic.com","telephone":"0546 682097"},{"@type":"Person","@id":"https:\/\/www.garvanacoustic.com\/de\/#\/schema\/person\/09727156b8cb00892d1258442a3c907d","name":"garvan_editor","image":{"@type":"ImageObject","inLanguage":"de","@id":"https:\/\/secure.gravatar.com\/avatar\/e9162e14491fbe40c8b8f258b3dcc580abbd812dd4769ec35a2771dab4442bd3?s=96&d=mm&r=g","url":"https:\/\/secure.gravatar.com\/avatar\/e9162e14491fbe40c8b8f258b3dcc580abbd812dd4769ec35a2771dab4442bd3?s=96&d=mm&r=g","contentUrl":"https:\/\/secure.gravatar.com\/avatar\/e9162e14491fbe40c8b8f258b3dcc580abbd812dd4769ec35a2771dab4442bd3?s=96&d=mm&r=g","caption":"garvan_editor"},"url":"https:\/\/www.garvanacoustic.com\/de\/author\/garvan_editor\/"}]}},"_links":{"self":[{"href":"https:\/\/www.garvanacoustic.com\/de\/wp-json\/wp\/v2\/posts\/24589","targetHints":{"allow":["GET"]}}],"collection":[{"href":"https:\/\/www.garvanacoustic.com\/de\/wp-json\/wp\/v2\/posts"}],"about":[{"href":"https:\/\/www.garvanacoustic.com\/de\/wp-json\/wp\/v2\/types\/post"}],"author":[{"embeddable":true,"href":"https:\/\/www.garvanacoustic.com\/de\/wp-json\/wp\/v2\/users\/6"}],"replies":[{"embeddable":true,"href":"https:\/\/www.garvanacoustic.com\/de\/wp-json\/wp\/v2\/comments?post=24589"}],"version-history":[{"count":3,"href":"https:\/\/www.garvanacoustic.com\/de\/wp-json\/wp\/v2\/posts\/24589\/revisions"}],"predecessor-version":[{"id":29973,"href":"https:\/\/www.garvanacoustic.com\/de\/wp-json\/wp\/v2\/posts\/24589\/revisions\/29973"}],"wp:featuredmedia":[{"embeddable":true,"href":"https:\/\/www.garvanacoustic.com\/de\/wp-json\/wp\/v2\/media\/24425"}],"wp:attachment":[{"href":"https:\/\/www.garvanacoustic.com\/de\/wp-json\/wp\/v2\/media?parent=24589"}],"wp:term":[{"taxonomy":"category","embeddable":true,"href":"https:\/\/www.garvanacoustic.com\/de\/wp-json\/wp\/v2\/categories?post=24589"},{"taxonomy":"post_tag","embeddable":true,"href":"https:\/\/www.garvanacoustic.com\/de\/wp-json\/wp\/v2\/tags?post=24589"}],"curies":[{"name":"wp","href":"https:\/\/api.w.org\/{rel}","templated":true}]}}