{"id":24669,"date":"2018-10-29T17:42:30","date_gmt":"2018-10-29T16:42:30","guid":{"rendered":"https:\/\/www.garvanacoustic.com\/garvan-e-i-colori-del-motomondiale\/"},"modified":"2019-03-04T12:00:45","modified_gmt":"2019-03-04T11:00:45","slug":"die-ausstellung-%e2%80%aai-colori-del-motomondiale-wird-in-rimini-geoeffnet","status":"publish","type":"post","link":"https:\/\/www.garvanacoustic.com\/de\/referenzen\/die-ausstellung-%e2%80%aai-colori-del-motomondiale-wird-in-rimini-geoeffnet\/","title":{"rendered":"Die Ausstellung \u202a\u00abI colori del Motomondiale\u00bb wird in Rimini ge\u00f6ffnet"},"content":{"rendered":"<section><div class=\"container\"><div class=\"row\"><div class=\"wpb_column hcode-column-container vc_col-sm-12 col-xs-mobile-fullwidth\" data-front-class=\"col-xs-mobile-fullwidth\"><div class=\"vc-column-innner-wrapper\"><p><strong>Die Ausstellung \u202a\u00abI colori del Motomondiale\u00bb wird in Rimini ge\u00f6ffnet<\/strong><\/p>\n<p>Niemand wei\u00df, was im Kopf eines Rennfahrers passiert: vermutlich unz\u00e4hlige, sehr schnelle Gedanken\u2026 Aldo Drudi, der von 20 Jahren Helme f\u00fcr Rennfahrer wie Valentino Rossi plant und erstellt, ist einer der wenigen, der solche Gedanken versteht. 20 Jahre von Gef\u00fchlen und Erlebnisse, die auf Kevlar gemalt sind, und die jetzt auf einer tollen Ausstellung in Rimini, die anl\u00e4sslich des Moto GP von San Marino er\u00f6ffnet wurde, zu bewundern sind. Bei Geschwindigkeiten von 300 km\/h ist vielleicht im Fahrerkopf kaum Platz f\u00fcr Musik. Trotzdem, ist Garvan Acoustic stolz, mit den GocciaTM Lautsprechern diese besondere Ausstellung zu beschallen, die einem gro\u00dfen K\u00fcnstler und dem besten Motorfahrer unserer Zeit gewidmet ist.<\/p>\n[vc_media_grid grid_id=\"vc_gid:1551697221071-dd9876c9-e138-2\" include=\"21468,21467,21466,21465,21464\"]<\/div><\/div><\/div><\/div><\/section>","protected":false},"excerpt":{"rendered":"<p>Die Ausstellung \u202a\u00abI colori del Motomondiale\u00bb wird in Rimini ge\u00f6ffnet Niemand wei\u00df, was im Kopf eines Rennfahrers passiert: vermutlich unz\u00e4hlige, sehr schnelle Gedanken\u2026 Aldo Drudi, der von 20 Jahren Helme f\u00fcr Rennfahrer wie Valentino Rossi plant und erstellt, ist einer der wenigen, der solche Gedanken versteht. 20 Jahre von Gef\u00fchlen und Erlebnisse, die auf Kevlar [&hellip;]<\/p>\n","protected":false},"author":6,"featured_media":24414,"comment_status":"open","ping_status":"open","sticky":false,"template":"","format":"standard","meta":{"_joinchat":[],"footnotes":""},"categories":[144,146],"tags":[],"class_list":["post-24669","post","type-post","status-publish","format-standard","has-post-thumbnail","hentry","category-referenzen","category-veranstaltungen-messen"],"yoast_head":"<!-- This site is optimized with the Yoast SEO Premium plugin v27.4 (Yoast SEO v27.4) - https:\/\/yoast.com\/product\/yoast-seo-premium-wordpress\/ -->\n<title>Die Ausstellung \u202a\u00abI colori del Motomondiale\u00bb wird in Rimini ge\u00f6ffnet - Garvan Acoustic<\/title>\n<meta name=\"robots\" content=\"index, follow, max-snippet:-1, max-image-preview:large, max-video-preview:-1\" \/>\n<link rel=\"canonical\" href=\"https:\/\/www.garvanacoustic.com\/de\/referenzen\/die-ausstellung-%e2%80%aai-colori-del-motomondiale-wird-in-rimini-geoeffnet\/\" \/>\n<meta property=\"og:locale\" content=\"de_DE\" \/>\n<meta property=\"og:type\" content=\"article\" \/>\n<meta property=\"og:title\" content=\"Die Ausstellung \u202a\u00abI colori del Motomondiale\u00bb wird in Rimini ge\u00f6ffnet\" \/>\n<meta property=\"og:description\" content=\"Die Ausstellung \u202a\u00abI colori del Motomondiale\u00bb wird in Rimini ge\u00f6ffnet Niemand wei\u00df, was im Kopf eines Rennfahrers passiert: vermutlich unz\u00e4hlige, sehr schnelle Gedanken\u2026 Aldo Drudi, der von 20 Jahren Helme f\u00fcr Rennfahrer wie Valentino Rossi plant und erstellt, ist einer der wenigen, der solche Gedanken versteht. 20 Jahre von Gef\u00fchlen und Erlebnisse, die auf Kevlar [&hellip;]\" \/>\n<meta property=\"og:url\" content=\"https:\/\/www.garvanacoustic.com\/de\/referenzen\/die-ausstellung-%e2%80%aai-colori-del-motomondiale-wird-in-rimini-geoeffnet\/\" \/>\n<meta property=\"og:site_name\" content=\"Garvan Acoustic\" \/>\n<meta property=\"article:publisher\" content=\"https:\/\/www.facebook.com\/garvanacoustic\" \/>\n<meta property=\"article:published_time\" content=\"2018-10-29T16:42:30+00:00\" \/>\n<meta property=\"article:modified_time\" content=\"2019-03-04T11:00:45+00:00\" \/>\n<meta property=\"og:image\" content=\"https:\/\/www.garvanacoustic.com\/wp-content\/uploads\/2018\/11\/I-colori-del-Motomondiale.jpg\" \/>\n\t<meta property=\"og:image:width\" content=\"760\" \/>\n\t<meta property=\"og:image:height\" content=\"570\" \/>\n\t<meta property=\"og:image:type\" content=\"image\/jpeg\" \/>\n<meta name=\"author\" content=\"garvan_editor\" \/>\n<meta name=\"twitter:card\" content=\"summary_large_image\" \/>\n<meta name=\"twitter:label1\" content=\"Verfasst von\" \/>\n\t<meta name=\"twitter:data1\" content=\"garvan_editor\" \/>\n\t<meta name=\"twitter:label2\" content=\"Gesch\u00e4tzte Lesezeit\" \/>\n\t<meta name=\"twitter:data2\" content=\"1\u00a0Minute\" \/>\n<script type=\"application\/ld+json\" class=\"yoast-schema-graph\">{\"@context\":\"https:\\\/\\\/schema.org\",\"@graph\":[{\"@type\":\"Article\",\"@id\":\"https:\\\/\\\/www.garvanacoustic.com\\\/de\\\/referenzen\\\/die-ausstellung-%e2%80%aai-colori-del-motomondiale-wird-in-rimini-geoeffnet\\\/#article\",\"isPartOf\":{\"@id\":\"https:\\\/\\\/www.garvanacoustic.com\\\/de\\\/referenzen\\\/die-ausstellung-%e2%80%aai-colori-del-motomondiale-wird-in-rimini-geoeffnet\\\/\"},\"author\":{\"name\":\"garvan_editor\",\"@id\":\"https:\\\/\\\/www.garvanacoustic.com\\\/de\\\/#\\\/schema\\\/person\\\/09727156b8cb00892d1258442a3c907d\"},\"headline\":\"Die Ausstellung \u202a\u00abI colori del Motomondiale\u00bb wird in Rimini ge\u00f6ffnet\",\"datePublished\":\"2018-10-29T16:42:30+00:00\",\"dateModified\":\"2019-03-04T11:00:45+00:00\",\"mainEntityOfPage\":{\"@id\":\"https:\\\/\\\/www.garvanacoustic.com\\\/de\\\/referenzen\\\/die-ausstellung-%e2%80%aai-colori-del-motomondiale-wird-in-rimini-geoeffnet\\\/\"},\"wordCount\":163,\"commentCount\":0,\"publisher\":{\"@id\":\"https:\\\/\\\/www.garvanacoustic.com\\\/de\\\/#organization\"},\"image\":{\"@id\":\"https:\\\/\\\/www.garvanacoustic.com\\\/de\\\/referenzen\\\/die-ausstellung-%e2%80%aai-colori-del-motomondiale-wird-in-rimini-geoeffnet\\\/#primaryimage\"},\"thumbnailUrl\":\"https:\\\/\\\/www.garvanacoustic.com\\\/wp-content\\\/uploads\\\/2018\\\/11\\\/I-colori-del-Motomondiale.jpg\",\"articleSection\":[\"Referenzen\",\"Veranstaltungen - Messen\"],\"inLanguage\":\"de\",\"potentialAction\":[{\"@type\":\"CommentAction\",\"name\":\"Comment\",\"target\":[\"https:\\\/\\\/www.garvanacoustic.com\\\/de\\\/referenzen\\\/die-ausstellung-%e2%80%aai-colori-del-motomondiale-wird-in-rimini-geoeffnet\\\/#respond\"]}]},{\"@type\":\"WebPage\",\"@id\":\"https:\\\/\\\/www.garvanacoustic.com\\\/de\\\/referenzen\\\/die-ausstellung-%e2%80%aai-colori-del-motomondiale-wird-in-rimini-geoeffnet\\\/\",\"url\":\"https:\\\/\\\/www.garvanacoustic.com\\\/de\\\/referenzen\\\/die-ausstellung-%e2%80%aai-colori-del-motomondiale-wird-in-rimini-geoeffnet\\\/\",\"name\":\"Die Ausstellung \u202a\u00abI colori del Motomondiale\u00bb wird in Rimini ge\u00f6ffnet - Garvan Acoustic\",\"isPartOf\":{\"@id\":\"https:\\\/\\\/www.garvanacoustic.com\\\/de\\\/#website\"},\"primaryImageOfPage\":{\"@id\":\"https:\\\/\\\/www.garvanacoustic.com\\\/de\\\/referenzen\\\/die-ausstellung-%e2%80%aai-colori-del-motomondiale-wird-in-rimini-geoeffnet\\\/#primaryimage\"},\"image\":{\"@id\":\"https:\\\/\\\/www.garvanacoustic.com\\\/de\\\/referenzen\\\/die-ausstellung-%e2%80%aai-colori-del-motomondiale-wird-in-rimini-geoeffnet\\\/#primaryimage\"},\"thumbnailUrl\":\"https:\\\/\\\/www.garvanacoustic.com\\\/wp-content\\\/uploads\\\/2018\\\/11\\\/I-colori-del-Motomondiale.jpg\",\"datePublished\":\"2018-10-29T16:42:30+00:00\",\"dateModified\":\"2019-03-04T11:00:45+00:00\",\"breadcrumb\":{\"@id\":\"https:\\\/\\\/www.garvanacoustic.com\\\/de\\\/referenzen\\\/die-ausstellung-%e2%80%aai-colori-del-motomondiale-wird-in-rimini-geoeffnet\\\/#breadcrumb\"},\"inLanguage\":\"de\",\"potentialAction\":[{\"@type\":\"ReadAction\",\"target\":[\"https:\\\/\\\/www.garvanacoustic.com\\\/de\\\/referenzen\\\/die-ausstellung-%e2%80%aai-colori-del-motomondiale-wird-in-rimini-geoeffnet\\\/\"]}]},{\"@type\":\"ImageObject\",\"inLanguage\":\"de\",\"@id\":\"https:\\\/\\\/www.garvanacoustic.com\\\/de\\\/referenzen\\\/die-ausstellung-%e2%80%aai-colori-del-motomondiale-wird-in-rimini-geoeffnet\\\/#primaryimage\",\"url\":\"https:\\\/\\\/www.garvanacoustic.com\\\/wp-content\\\/uploads\\\/2018\\\/11\\\/I-colori-del-Motomondiale.jpg\",\"contentUrl\":\"https:\\\/\\\/www.garvanacoustic.com\\\/wp-content\\\/uploads\\\/2018\\\/11\\\/I-colori-del-Motomondiale.jpg\",\"width\":760,\"height\":570},{\"@type\":\"BreadcrumbList\",\"@id\":\"https:\\\/\\\/www.garvanacoustic.com\\\/de\\\/referenzen\\\/die-ausstellung-%e2%80%aai-colori-del-motomondiale-wird-in-rimini-geoeffnet\\\/#breadcrumb\",\"itemListElement\":[{\"@type\":\"ListItem\",\"position\":1,\"name\":\"Home\",\"item\":\"https:\\\/\\\/www.garvanacoustic.com\\\/de\\\/\"},{\"@type\":\"ListItem\",\"position\":2,\"name\":\"Die Ausstellung \u202a\u00abI colori del Motomondiale\u00bb wird in Rimini ge\u00f6ffnet\"}]},{\"@type\":\"WebSite\",\"@id\":\"https:\\\/\\\/www.garvanacoustic.com\\\/de\\\/#website\",\"url\":\"https:\\\/\\\/www.garvanacoustic.com\\\/de\\\/\",\"name\":\"Garvan Acoustic\",\"description\":\"Diffusori e trattamento acustico: scopri la qualit\u00e0 del Made in Italy\",\"publisher\":{\"@id\":\"https:\\\/\\\/www.garvanacoustic.com\\\/de\\\/#organization\"},\"potentialAction\":[{\"@type\":\"SearchAction\",\"target\":{\"@type\":\"EntryPoint\",\"urlTemplate\":\"https:\\\/\\\/www.garvanacoustic.com\\\/de\\\/?s={search_term_string}\"},\"query-input\":{\"@type\":\"PropertyValueSpecification\",\"valueRequired\":true,\"valueName\":\"search_term_string\"}}],\"inLanguage\":\"de\"},{\"@type\":\"Organization\",\"@id\":\"https:\\\/\\\/www.garvanacoustic.com\\\/de\\\/#organization\",\"name\":\"Garvan Acoustic\",\"url\":\"https:\\\/\\\/www.garvanacoustic.com\\\/de\\\/\",\"logo\":{\"@type\":\"ImageObject\",\"inLanguage\":\"de\",\"@id\":\"https:\\\/\\\/www.garvanacoustic.com\\\/de\\\/#\\\/schema\\\/logo\\\/image\\\/\",\"url\":\"https:\\\/\\\/www.garvanacoustic.com\\\/wp-content\\\/uploads\\\/2018\\\/07\\\/garvan-acoustic-logo.png\",\"contentUrl\":\"https:\\\/\\\/www.garvanacoustic.com\\\/wp-content\\\/uploads\\\/2018\\\/07\\\/garvan-acoustic-logo.png\",\"width\":400,\"height\":161,\"caption\":\"Garvan Acoustic\"},\"image\":{\"@id\":\"https:\\\/\\\/www.garvanacoustic.com\\\/de\\\/#\\\/schema\\\/logo\\\/image\\\/\"},\"sameAs\":[\"https:\\\/\\\/www.facebook.com\\\/garvanacoustic\",\"https:\\\/\\\/www.instagram.com\\\/garvanacoustic\\\/\"],\"description\":\"Produttori di Diffusori Acustici e Pannelli Fonoassorbenti Made in Italy\",\"email\":\"garvan@garvanacoustic.com\",\"telephone\":\"0546 682097\"},{\"@type\":\"Person\",\"@id\":\"https:\\\/\\\/www.garvanacoustic.com\\\/de\\\/#\\\/schema\\\/person\\\/09727156b8cb00892d1258442a3c907d\",\"name\":\"garvan_editor\",\"image\":{\"@type\":\"ImageObject\",\"inLanguage\":\"de\",\"@id\":\"https:\\\/\\\/secure.gravatar.com\\\/avatar\\\/e9162e14491fbe40c8b8f258b3dcc580abbd812dd4769ec35a2771dab4442bd3?s=96&d=mm&r=g\",\"url\":\"https:\\\/\\\/secure.gravatar.com\\\/avatar\\\/e9162e14491fbe40c8b8f258b3dcc580abbd812dd4769ec35a2771dab4442bd3?s=96&d=mm&r=g\",\"contentUrl\":\"https:\\\/\\\/secure.gravatar.com\\\/avatar\\\/e9162e14491fbe40c8b8f258b3dcc580abbd812dd4769ec35a2771dab4442bd3?s=96&d=mm&r=g\",\"caption\":\"garvan_editor\"},\"url\":\"https:\\\/\\\/www.garvanacoustic.com\\\/de\\\/author\\\/garvan_editor\\\/\"}]}<\/script>\n<!-- \/ Yoast SEO Premium plugin. -->","yoast_head_json":{"title":"Die Ausstellung \u202a\u00abI colori del Motomondiale\u00bb wird in Rimini ge\u00f6ffnet - Garvan Acoustic","robots":{"index":"index","follow":"follow","max-snippet":"max-snippet:-1","max-image-preview":"max-image-preview:large","max-video-preview":"max-video-preview:-1"},"canonical":"https:\/\/www.garvanacoustic.com\/de\/referenzen\/die-ausstellung-%e2%80%aai-colori-del-motomondiale-wird-in-rimini-geoeffnet\/","og_locale":"de_DE","og_type":"article","og_title":"Die Ausstellung \u202a\u00abI colori del Motomondiale\u00bb wird in Rimini ge\u00f6ffnet","og_description":"Die Ausstellung \u202a\u00abI colori del Motomondiale\u00bb wird in Rimini ge\u00f6ffnet Niemand wei\u00df, was im Kopf eines Rennfahrers passiert: vermutlich unz\u00e4hlige, sehr schnelle Gedanken\u2026 Aldo Drudi, der von 20 Jahren Helme f\u00fcr Rennfahrer wie Valentino Rossi plant und erstellt, ist einer der wenigen, der solche Gedanken versteht. 20 Jahre von Gef\u00fchlen und Erlebnisse, die auf Kevlar [&hellip;]","og_url":"https:\/\/www.garvanacoustic.com\/de\/referenzen\/die-ausstellung-%e2%80%aai-colori-del-motomondiale-wird-in-rimini-geoeffnet\/","og_site_name":"Garvan Acoustic","article_publisher":"https:\/\/www.facebook.com\/garvanacoustic","article_published_time":"2018-10-29T16:42:30+00:00","article_modified_time":"2019-03-04T11:00:45+00:00","og_image":[{"width":760,"height":570,"url":"https:\/\/www.garvanacoustic.com\/wp-content\/uploads\/2018\/11\/I-colori-del-Motomondiale.jpg","type":"image\/jpeg"}],"author":"garvan_editor","twitter_card":"summary_large_image","twitter_misc":{"Verfasst von":"garvan_editor","Gesch\u00e4tzte Lesezeit":"1\u00a0Minute"},"schema":{"@context":"https:\/\/schema.org","@graph":[{"@type":"Article","@id":"https:\/\/www.garvanacoustic.com\/de\/referenzen\/die-ausstellung-%e2%80%aai-colori-del-motomondiale-wird-in-rimini-geoeffnet\/#article","isPartOf":{"@id":"https:\/\/www.garvanacoustic.com\/de\/referenzen\/die-ausstellung-%e2%80%aai-colori-del-motomondiale-wird-in-rimini-geoeffnet\/"},"author":{"name":"garvan_editor","@id":"https:\/\/www.garvanacoustic.com\/de\/#\/schema\/person\/09727156b8cb00892d1258442a3c907d"},"headline":"Die Ausstellung \u202a\u00abI colori del Motomondiale\u00bb wird in Rimini ge\u00f6ffnet","datePublished":"2018-10-29T16:42:30+00:00","dateModified":"2019-03-04T11:00:45+00:00","mainEntityOfPage":{"@id":"https:\/\/www.garvanacoustic.com\/de\/referenzen\/die-ausstellung-%e2%80%aai-colori-del-motomondiale-wird-in-rimini-geoeffnet\/"},"wordCount":163,"commentCount":0,"publisher":{"@id":"https:\/\/www.garvanacoustic.com\/de\/#organization"},"image":{"@id":"https:\/\/www.garvanacoustic.com\/de\/referenzen\/die-ausstellung-%e2%80%aai-colori-del-motomondiale-wird-in-rimini-geoeffnet\/#primaryimage"},"thumbnailUrl":"https:\/\/www.garvanacoustic.com\/wp-content\/uploads\/2018\/11\/I-colori-del-Motomondiale.jpg","articleSection":["Referenzen","Veranstaltungen - Messen"],"inLanguage":"de","potentialAction":[{"@type":"CommentAction","name":"Comment","target":["https:\/\/www.garvanacoustic.com\/de\/referenzen\/die-ausstellung-%e2%80%aai-colori-del-motomondiale-wird-in-rimini-geoeffnet\/#respond"]}]},{"@type":"WebPage","@id":"https:\/\/www.garvanacoustic.com\/de\/referenzen\/die-ausstellung-%e2%80%aai-colori-del-motomondiale-wird-in-rimini-geoeffnet\/","url":"https:\/\/www.garvanacoustic.com\/de\/referenzen\/die-ausstellung-%e2%80%aai-colori-del-motomondiale-wird-in-rimini-geoeffnet\/","name":"Die Ausstellung \u202a\u00abI colori del Motomondiale\u00bb wird in Rimini ge\u00f6ffnet - Garvan Acoustic","isPartOf":{"@id":"https:\/\/www.garvanacoustic.com\/de\/#website"},"primaryImageOfPage":{"@id":"https:\/\/www.garvanacoustic.com\/de\/referenzen\/die-ausstellung-%e2%80%aai-colori-del-motomondiale-wird-in-rimini-geoeffnet\/#primaryimage"},"image":{"@id":"https:\/\/www.garvanacoustic.com\/de\/referenzen\/die-ausstellung-%e2%80%aai-colori-del-motomondiale-wird-in-rimini-geoeffnet\/#primaryimage"},"thumbnailUrl":"https:\/\/www.garvanacoustic.com\/wp-content\/uploads\/2018\/11\/I-colori-del-Motomondiale.jpg","datePublished":"2018-10-29T16:42:30+00:00","dateModified":"2019-03-04T11:00:45+00:00","breadcrumb":{"@id":"https:\/\/www.garvanacoustic.com\/de\/referenzen\/die-ausstellung-%e2%80%aai-colori-del-motomondiale-wird-in-rimini-geoeffnet\/#breadcrumb"},"inLanguage":"de","potentialAction":[{"@type":"ReadAction","target":["https:\/\/www.garvanacoustic.com\/de\/referenzen\/die-ausstellung-%e2%80%aai-colori-del-motomondiale-wird-in-rimini-geoeffnet\/"]}]},{"@type":"ImageObject","inLanguage":"de","@id":"https:\/\/www.garvanacoustic.com\/de\/referenzen\/die-ausstellung-%e2%80%aai-colori-del-motomondiale-wird-in-rimini-geoeffnet\/#primaryimage","url":"https:\/\/www.garvanacoustic.com\/wp-content\/uploads\/2018\/11\/I-colori-del-Motomondiale.jpg","contentUrl":"https:\/\/www.garvanacoustic.com\/wp-content\/uploads\/2018\/11\/I-colori-del-Motomondiale.jpg","width":760,"height":570},{"@type":"BreadcrumbList","@id":"https:\/\/www.garvanacoustic.com\/de\/referenzen\/die-ausstellung-%e2%80%aai-colori-del-motomondiale-wird-in-rimini-geoeffnet\/#breadcrumb","itemListElement":[{"@type":"ListItem","position":1,"name":"Home","item":"https:\/\/www.garvanacoustic.com\/de\/"},{"@type":"ListItem","position":2,"name":"Die Ausstellung \u202a\u00abI colori del Motomondiale\u00bb wird in Rimini ge\u00f6ffnet"}]},{"@type":"WebSite","@id":"https:\/\/www.garvanacoustic.com\/de\/#website","url":"https:\/\/www.garvanacoustic.com\/de\/","name":"Garvan Acoustic","description":"Diffusori e trattamento acustico: scopri la qualit\u00e0 del Made in Italy","publisher":{"@id":"https:\/\/www.garvanacoustic.com\/de\/#organization"},"potentialAction":[{"@type":"SearchAction","target":{"@type":"EntryPoint","urlTemplate":"https:\/\/www.garvanacoustic.com\/de\/?s={search_term_string}"},"query-input":{"@type":"PropertyValueSpecification","valueRequired":true,"valueName":"search_term_string"}}],"inLanguage":"de"},{"@type":"Organization","@id":"https:\/\/www.garvanacoustic.com\/de\/#organization","name":"Garvan Acoustic","url":"https:\/\/www.garvanacoustic.com\/de\/","logo":{"@type":"ImageObject","inLanguage":"de","@id":"https:\/\/www.garvanacoustic.com\/de\/#\/schema\/logo\/image\/","url":"https:\/\/www.garvanacoustic.com\/wp-content\/uploads\/2018\/07\/garvan-acoustic-logo.png","contentUrl":"https:\/\/www.garvanacoustic.com\/wp-content\/uploads\/2018\/07\/garvan-acoustic-logo.png","width":400,"height":161,"caption":"Garvan Acoustic"},"image":{"@id":"https:\/\/www.garvanacoustic.com\/de\/#\/schema\/logo\/image\/"},"sameAs":["https:\/\/www.facebook.com\/garvanacoustic","https:\/\/www.instagram.com\/garvanacoustic\/"],"description":"Produttori di Diffusori Acustici e Pannelli Fonoassorbenti Made in Italy","email":"garvan@garvanacoustic.com","telephone":"0546 682097"},{"@type":"Person","@id":"https:\/\/www.garvanacoustic.com\/de\/#\/schema\/person\/09727156b8cb00892d1258442a3c907d","name":"garvan_editor","image":{"@type":"ImageObject","inLanguage":"de","@id":"https:\/\/secure.gravatar.com\/avatar\/e9162e14491fbe40c8b8f258b3dcc580abbd812dd4769ec35a2771dab4442bd3?s=96&d=mm&r=g","url":"https:\/\/secure.gravatar.com\/avatar\/e9162e14491fbe40c8b8f258b3dcc580abbd812dd4769ec35a2771dab4442bd3?s=96&d=mm&r=g","contentUrl":"https:\/\/secure.gravatar.com\/avatar\/e9162e14491fbe40c8b8f258b3dcc580abbd812dd4769ec35a2771dab4442bd3?s=96&d=mm&r=g","caption":"garvan_editor"},"url":"https:\/\/www.garvanacoustic.com\/de\/author\/garvan_editor\/"}]}},"_links":{"self":[{"href":"https:\/\/www.garvanacoustic.com\/de\/wp-json\/wp\/v2\/posts\/24669","targetHints":{"allow":["GET"]}}],"collection":[{"href":"https:\/\/www.garvanacoustic.com\/de\/wp-json\/wp\/v2\/posts"}],"about":[{"href":"https:\/\/www.garvanacoustic.com\/de\/wp-json\/wp\/v2\/types\/post"}],"author":[{"embeddable":true,"href":"https:\/\/www.garvanacoustic.com\/de\/wp-json\/wp\/v2\/users\/6"}],"replies":[{"embeddable":true,"href":"https:\/\/www.garvanacoustic.com\/de\/wp-json\/wp\/v2\/comments?post=24669"}],"version-history":[{"count":3,"href":"https:\/\/www.garvanacoustic.com\/de\/wp-json\/wp\/v2\/posts\/24669\/revisions"}],"predecessor-version":[{"id":29986,"href":"https:\/\/www.garvanacoustic.com\/de\/wp-json\/wp\/v2\/posts\/24669\/revisions\/29986"}],"wp:featuredmedia":[{"embeddable":true,"href":"https:\/\/www.garvanacoustic.com\/de\/wp-json\/wp\/v2\/media\/24414"}],"wp:attachment":[{"href":"https:\/\/www.garvanacoustic.com\/de\/wp-json\/wp\/v2\/media?parent=24669"}],"wp:term":[{"taxonomy":"category","embeddable":true,"href":"https:\/\/www.garvanacoustic.com\/de\/wp-json\/wp\/v2\/categories?post=24669"},{"taxonomy":"post_tag","embeddable":true,"href":"https:\/\/www.garvanacoustic.com\/de\/wp-json\/wp\/v2\/tags?post=24669"}],"curies":[{"name":"wp","href":"https:\/\/api.w.org\/{rel}","templated":true}]}}