{"id":24671,"date":"2018-10-29T17:32:23","date_gmt":"2018-10-29T16:32:23","guid":{"rendered":"https:\/\/www.garvanacoustic.com\/garvan-per-il-team-gresini\/"},"modified":"2019-03-04T12:01:02","modified_gmt":"2019-03-04T11:01:02","slug":"die-zusammenarbeit-von-garvan-und-gresini-racing","status":"publish","type":"post","link":"https:\/\/www.garvanacoustic.com\/de\/referenzen\/die-zusammenarbeit-von-garvan-und-gresini-racing\/","title":{"rendered":"Die Zusammenarbeit von Garvan und Gresini Racing"},"content":{"rendered":"<section><div class=\"container\"><div class=\"row\"><div class=\"wpb_column hcode-column-container vc_col-sm-12 col-xs-mobile-fullwidth\" data-front-class=\"col-xs-mobile-fullwidth\"><div class=\"vc-column-innner-wrapper\"><p><strong>Die Zusammenarbeit von Garvan und Gresini Racing<\/strong><\/p>\n<p>Garvan arbeitet mit Gresini Racing Team zusammen. Das Team hat die exklusiven GocciaTM Lautsprecher anl\u00e4sslich des MotoGP 2015, 2015 und 2014 f\u00fcr die Beschallung der inneren R\u00e4umen der Hospitality ausgew\u00e4hlt.<\/p>\n[vc_media_grid element_width=\"3\" grid_id=\"vc_gid:1551697219567-c4b2af31-15e2-2\" include=\"21767,21768,21769,21770,21771,21772,21773,21774,21775,21776,21777,21778\"]<\/div><\/div><\/div><\/div><\/section>","protected":false},"excerpt":{"rendered":"<p>Die Zusammenarbeit von Garvan und Gresini Racing Garvan arbeitet mit Gresini Racing Team zusammen. Das Team hat die exklusiven GocciaTM Lautsprecher anl\u00e4sslich des MotoGP 2015, 2015 und 2014 f\u00fcr die Beschallung der inneren R\u00e4umen der Hospitality ausgew\u00e4hlt. [vc_media_grid element_width=&#8220;3&#8243; grid_id=&#8220;vc_gid:1551697219567-c4b2af31-15e2-2&#8243; include=&#8220;21767,21768,21769,21770,21771,21772,21773,21774,21775,21776,21777,21778&#8243;]<\/p>\n","protected":false},"author":6,"featured_media":24435,"comment_status":"open","ping_status":"open","sticky":false,"template":"","format":"standard","meta":{"_joinchat":[],"footnotes":""},"categories":[144,146],"tags":[],"class_list":["post-24671","post","type-post","status-publish","format-standard","has-post-thumbnail","hentry","category-referenzen","category-veranstaltungen-messen"],"yoast_head":"<!-- This site is optimized with the Yoast SEO Premium plugin v27.4 (Yoast SEO v27.4) - https:\/\/yoast.com\/product\/yoast-seo-premium-wordpress\/ -->\n<title>Die Zusammenarbeit von Garvan und Gresini Racing - Garvan Acoustic<\/title>\n<meta name=\"robots\" content=\"index, follow, max-snippet:-1, max-image-preview:large, max-video-preview:-1\" \/>\n<link rel=\"canonical\" href=\"https:\/\/www.garvanacoustic.com\/de\/referenzen\/die-zusammenarbeit-von-garvan-und-gresini-racing\/\" \/>\n<meta property=\"og:locale\" content=\"de_DE\" \/>\n<meta property=\"og:type\" content=\"article\" \/>\n<meta property=\"og:title\" content=\"Die Zusammenarbeit von Garvan und Gresini Racing\" \/>\n<meta property=\"og:description\" content=\"Die Zusammenarbeit von Garvan und Gresini Racing Garvan arbeitet mit Gresini Racing Team zusammen. Das Team hat die exklusiven GocciaTM Lautsprecher anl\u00e4sslich des MotoGP 2015, 2015 und 2014 f\u00fcr die Beschallung der inneren R\u00e4umen der Hospitality ausgew\u00e4hlt. [vc_media_grid element_width=&quot;3&quot; grid_id=&quot;vc_gid:1551697219567-c4b2af31-15e2-2&quot; include=&quot;21767,21768,21769,21770,21771,21772,21773,21774,21775,21776,21777,21778&quot;]\" \/>\n<meta property=\"og:url\" content=\"https:\/\/www.garvanacoustic.com\/de\/referenzen\/die-zusammenarbeit-von-garvan-und-gresini-racing\/\" \/>\n<meta property=\"og:site_name\" content=\"Garvan Acoustic\" \/>\n<meta property=\"article:publisher\" content=\"https:\/\/www.facebook.com\/garvanacoustic\" \/>\n<meta property=\"article:published_time\" content=\"2018-10-29T16:32:23+00:00\" \/>\n<meta property=\"article:modified_time\" content=\"2019-03-04T11:01:02+00:00\" \/>\n<meta property=\"og:image\" content=\"https:\/\/www.garvanacoustic.com\/wp-content\/uploads\/2018\/11\/Team-Gresini.jpg\" \/>\n\t<meta property=\"og:image:width\" content=\"760\" \/>\n\t<meta property=\"og:image:height\" content=\"570\" \/>\n\t<meta property=\"og:image:type\" content=\"image\/jpeg\" \/>\n<meta name=\"author\" content=\"garvan_editor\" \/>\n<meta name=\"twitter:card\" content=\"summary_large_image\" \/>\n<meta name=\"twitter:label1\" content=\"Verfasst von\" \/>\n\t<meta name=\"twitter:data1\" content=\"garvan_editor\" \/>\n<script type=\"application\/ld+json\" class=\"yoast-schema-graph\">{\"@context\":\"https:\\\/\\\/schema.org\",\"@graph\":[{\"@type\":\"Article\",\"@id\":\"https:\\\/\\\/www.garvanacoustic.com\\\/de\\\/referenzen\\\/die-zusammenarbeit-von-garvan-und-gresini-racing\\\/#article\",\"isPartOf\":{\"@id\":\"https:\\\/\\\/www.garvanacoustic.com\\\/de\\\/referenzen\\\/die-zusammenarbeit-von-garvan-und-gresini-racing\\\/\"},\"author\":{\"name\":\"garvan_editor\",\"@id\":\"https:\\\/\\\/www.garvanacoustic.com\\\/de\\\/#\\\/schema\\\/person\\\/09727156b8cb00892d1258442a3c907d\"},\"headline\":\"Die Zusammenarbeit von Garvan und Gresini Racing\",\"datePublished\":\"2018-10-29T16:32:23+00:00\",\"dateModified\":\"2019-03-04T11:01:02+00:00\",\"mainEntityOfPage\":{\"@id\":\"https:\\\/\\\/www.garvanacoustic.com\\\/de\\\/referenzen\\\/die-zusammenarbeit-von-garvan-und-gresini-racing\\\/\"},\"wordCount\":76,\"commentCount\":0,\"publisher\":{\"@id\":\"https:\\\/\\\/www.garvanacoustic.com\\\/de\\\/#organization\"},\"image\":{\"@id\":\"https:\\\/\\\/www.garvanacoustic.com\\\/de\\\/referenzen\\\/die-zusammenarbeit-von-garvan-und-gresini-racing\\\/#primaryimage\"},\"thumbnailUrl\":\"https:\\\/\\\/www.garvanacoustic.com\\\/wp-content\\\/uploads\\\/2018\\\/11\\\/Team-Gresini.jpg\",\"articleSection\":[\"Referenzen\",\"Veranstaltungen - Messen\"],\"inLanguage\":\"de\",\"potentialAction\":[{\"@type\":\"CommentAction\",\"name\":\"Comment\",\"target\":[\"https:\\\/\\\/www.garvanacoustic.com\\\/de\\\/referenzen\\\/die-zusammenarbeit-von-garvan-und-gresini-racing\\\/#respond\"]}]},{\"@type\":\"WebPage\",\"@id\":\"https:\\\/\\\/www.garvanacoustic.com\\\/de\\\/referenzen\\\/die-zusammenarbeit-von-garvan-und-gresini-racing\\\/\",\"url\":\"https:\\\/\\\/www.garvanacoustic.com\\\/de\\\/referenzen\\\/die-zusammenarbeit-von-garvan-und-gresini-racing\\\/\",\"name\":\"Die Zusammenarbeit von Garvan und Gresini Racing - Garvan Acoustic\",\"isPartOf\":{\"@id\":\"https:\\\/\\\/www.garvanacoustic.com\\\/de\\\/#website\"},\"primaryImageOfPage\":{\"@id\":\"https:\\\/\\\/www.garvanacoustic.com\\\/de\\\/referenzen\\\/die-zusammenarbeit-von-garvan-und-gresini-racing\\\/#primaryimage\"},\"image\":{\"@id\":\"https:\\\/\\\/www.garvanacoustic.com\\\/de\\\/referenzen\\\/die-zusammenarbeit-von-garvan-und-gresini-racing\\\/#primaryimage\"},\"thumbnailUrl\":\"https:\\\/\\\/www.garvanacoustic.com\\\/wp-content\\\/uploads\\\/2018\\\/11\\\/Team-Gresini.jpg\",\"datePublished\":\"2018-10-29T16:32:23+00:00\",\"dateModified\":\"2019-03-04T11:01:02+00:00\",\"breadcrumb\":{\"@id\":\"https:\\\/\\\/www.garvanacoustic.com\\\/de\\\/referenzen\\\/die-zusammenarbeit-von-garvan-und-gresini-racing\\\/#breadcrumb\"},\"inLanguage\":\"de\",\"potentialAction\":[{\"@type\":\"ReadAction\",\"target\":[\"https:\\\/\\\/www.garvanacoustic.com\\\/de\\\/referenzen\\\/die-zusammenarbeit-von-garvan-und-gresini-racing\\\/\"]}]},{\"@type\":\"ImageObject\",\"inLanguage\":\"de\",\"@id\":\"https:\\\/\\\/www.garvanacoustic.com\\\/de\\\/referenzen\\\/die-zusammenarbeit-von-garvan-und-gresini-racing\\\/#primaryimage\",\"url\":\"https:\\\/\\\/www.garvanacoustic.com\\\/wp-content\\\/uploads\\\/2018\\\/11\\\/Team-Gresini.jpg\",\"contentUrl\":\"https:\\\/\\\/www.garvanacoustic.com\\\/wp-content\\\/uploads\\\/2018\\\/11\\\/Team-Gresini.jpg\",\"width\":760,\"height\":570},{\"@type\":\"BreadcrumbList\",\"@id\":\"https:\\\/\\\/www.garvanacoustic.com\\\/de\\\/referenzen\\\/die-zusammenarbeit-von-garvan-und-gresini-racing\\\/#breadcrumb\",\"itemListElement\":[{\"@type\":\"ListItem\",\"position\":1,\"name\":\"Home\",\"item\":\"https:\\\/\\\/www.garvanacoustic.com\\\/de\\\/\"},{\"@type\":\"ListItem\",\"position\":2,\"name\":\"Die Zusammenarbeit von Garvan und Gresini Racing\"}]},{\"@type\":\"WebSite\",\"@id\":\"https:\\\/\\\/www.garvanacoustic.com\\\/de\\\/#website\",\"url\":\"https:\\\/\\\/www.garvanacoustic.com\\\/de\\\/\",\"name\":\"Garvan Acoustic\",\"description\":\"Diffusori e trattamento acustico: scopri la qualit\u00e0 del Made in Italy\",\"publisher\":{\"@id\":\"https:\\\/\\\/www.garvanacoustic.com\\\/de\\\/#organization\"},\"potentialAction\":[{\"@type\":\"SearchAction\",\"target\":{\"@type\":\"EntryPoint\",\"urlTemplate\":\"https:\\\/\\\/www.garvanacoustic.com\\\/de\\\/?s={search_term_string}\"},\"query-input\":{\"@type\":\"PropertyValueSpecification\",\"valueRequired\":true,\"valueName\":\"search_term_string\"}}],\"inLanguage\":\"de\"},{\"@type\":\"Organization\",\"@id\":\"https:\\\/\\\/www.garvanacoustic.com\\\/de\\\/#organization\",\"name\":\"Garvan Acoustic\",\"url\":\"https:\\\/\\\/www.garvanacoustic.com\\\/de\\\/\",\"logo\":{\"@type\":\"ImageObject\",\"inLanguage\":\"de\",\"@id\":\"https:\\\/\\\/www.garvanacoustic.com\\\/de\\\/#\\\/schema\\\/logo\\\/image\\\/\",\"url\":\"https:\\\/\\\/www.garvanacoustic.com\\\/wp-content\\\/uploads\\\/2018\\\/07\\\/garvan-acoustic-logo.png\",\"contentUrl\":\"https:\\\/\\\/www.garvanacoustic.com\\\/wp-content\\\/uploads\\\/2018\\\/07\\\/garvan-acoustic-logo.png\",\"width\":400,\"height\":161,\"caption\":\"Garvan Acoustic\"},\"image\":{\"@id\":\"https:\\\/\\\/www.garvanacoustic.com\\\/de\\\/#\\\/schema\\\/logo\\\/image\\\/\"},\"sameAs\":[\"https:\\\/\\\/www.facebook.com\\\/garvanacoustic\",\"https:\\\/\\\/www.instagram.com\\\/garvanacoustic\\\/\"],\"description\":\"Produttori di Diffusori Acustici e Pannelli Fonoassorbenti Made in Italy\",\"email\":\"garvan@garvanacoustic.com\",\"telephone\":\"0546 682097\"},{\"@type\":\"Person\",\"@id\":\"https:\\\/\\\/www.garvanacoustic.com\\\/de\\\/#\\\/schema\\\/person\\\/09727156b8cb00892d1258442a3c907d\",\"name\":\"garvan_editor\",\"image\":{\"@type\":\"ImageObject\",\"inLanguage\":\"de\",\"@id\":\"https:\\\/\\\/secure.gravatar.com\\\/avatar\\\/e9162e14491fbe40c8b8f258b3dcc580abbd812dd4769ec35a2771dab4442bd3?s=96&d=mm&r=g\",\"url\":\"https:\\\/\\\/secure.gravatar.com\\\/avatar\\\/e9162e14491fbe40c8b8f258b3dcc580abbd812dd4769ec35a2771dab4442bd3?s=96&d=mm&r=g\",\"contentUrl\":\"https:\\\/\\\/secure.gravatar.com\\\/avatar\\\/e9162e14491fbe40c8b8f258b3dcc580abbd812dd4769ec35a2771dab4442bd3?s=96&d=mm&r=g\",\"caption\":\"garvan_editor\"},\"url\":\"https:\\\/\\\/www.garvanacoustic.com\\\/de\\\/author\\\/garvan_editor\\\/\"}]}<\/script>\n<!-- \/ Yoast SEO Premium plugin. -->","yoast_head_json":{"title":"Die Zusammenarbeit von Garvan und Gresini Racing - Garvan Acoustic","robots":{"index":"index","follow":"follow","max-snippet":"max-snippet:-1","max-image-preview":"max-image-preview:large","max-video-preview":"max-video-preview:-1"},"canonical":"https:\/\/www.garvanacoustic.com\/de\/referenzen\/die-zusammenarbeit-von-garvan-und-gresini-racing\/","og_locale":"de_DE","og_type":"article","og_title":"Die Zusammenarbeit von Garvan und Gresini Racing","og_description":"Die Zusammenarbeit von Garvan und Gresini Racing Garvan arbeitet mit Gresini Racing Team zusammen. Das Team hat die exklusiven GocciaTM Lautsprecher anl\u00e4sslich des MotoGP 2015, 2015 und 2014 f\u00fcr die Beschallung der inneren R\u00e4umen der Hospitality ausgew\u00e4hlt. [vc_media_grid element_width=\"3\" grid_id=\"vc_gid:1551697219567-c4b2af31-15e2-2\" include=\"21767,21768,21769,21770,21771,21772,21773,21774,21775,21776,21777,21778\"]","og_url":"https:\/\/www.garvanacoustic.com\/de\/referenzen\/die-zusammenarbeit-von-garvan-und-gresini-racing\/","og_site_name":"Garvan Acoustic","article_publisher":"https:\/\/www.facebook.com\/garvanacoustic","article_published_time":"2018-10-29T16:32:23+00:00","article_modified_time":"2019-03-04T11:01:02+00:00","og_image":[{"width":760,"height":570,"url":"https:\/\/www.garvanacoustic.com\/wp-content\/uploads\/2018\/11\/Team-Gresini.jpg","type":"image\/jpeg"}],"author":"garvan_editor","twitter_card":"summary_large_image","twitter_misc":{"Verfasst von":"garvan_editor"},"schema":{"@context":"https:\/\/schema.org","@graph":[{"@type":"Article","@id":"https:\/\/www.garvanacoustic.com\/de\/referenzen\/die-zusammenarbeit-von-garvan-und-gresini-racing\/#article","isPartOf":{"@id":"https:\/\/www.garvanacoustic.com\/de\/referenzen\/die-zusammenarbeit-von-garvan-und-gresini-racing\/"},"author":{"name":"garvan_editor","@id":"https:\/\/www.garvanacoustic.com\/de\/#\/schema\/person\/09727156b8cb00892d1258442a3c907d"},"headline":"Die Zusammenarbeit von Garvan und Gresini Racing","datePublished":"2018-10-29T16:32:23+00:00","dateModified":"2019-03-04T11:01:02+00:00","mainEntityOfPage":{"@id":"https:\/\/www.garvanacoustic.com\/de\/referenzen\/die-zusammenarbeit-von-garvan-und-gresini-racing\/"},"wordCount":76,"commentCount":0,"publisher":{"@id":"https:\/\/www.garvanacoustic.com\/de\/#organization"},"image":{"@id":"https:\/\/www.garvanacoustic.com\/de\/referenzen\/die-zusammenarbeit-von-garvan-und-gresini-racing\/#primaryimage"},"thumbnailUrl":"https:\/\/www.garvanacoustic.com\/wp-content\/uploads\/2018\/11\/Team-Gresini.jpg","articleSection":["Referenzen","Veranstaltungen - Messen"],"inLanguage":"de","potentialAction":[{"@type":"CommentAction","name":"Comment","target":["https:\/\/www.garvanacoustic.com\/de\/referenzen\/die-zusammenarbeit-von-garvan-und-gresini-racing\/#respond"]}]},{"@type":"WebPage","@id":"https:\/\/www.garvanacoustic.com\/de\/referenzen\/die-zusammenarbeit-von-garvan-und-gresini-racing\/","url":"https:\/\/www.garvanacoustic.com\/de\/referenzen\/die-zusammenarbeit-von-garvan-und-gresini-racing\/","name":"Die Zusammenarbeit von Garvan und Gresini Racing - Garvan Acoustic","isPartOf":{"@id":"https:\/\/www.garvanacoustic.com\/de\/#website"},"primaryImageOfPage":{"@id":"https:\/\/www.garvanacoustic.com\/de\/referenzen\/die-zusammenarbeit-von-garvan-und-gresini-racing\/#primaryimage"},"image":{"@id":"https:\/\/www.garvanacoustic.com\/de\/referenzen\/die-zusammenarbeit-von-garvan-und-gresini-racing\/#primaryimage"},"thumbnailUrl":"https:\/\/www.garvanacoustic.com\/wp-content\/uploads\/2018\/11\/Team-Gresini.jpg","datePublished":"2018-10-29T16:32:23+00:00","dateModified":"2019-03-04T11:01:02+00:00","breadcrumb":{"@id":"https:\/\/www.garvanacoustic.com\/de\/referenzen\/die-zusammenarbeit-von-garvan-und-gresini-racing\/#breadcrumb"},"inLanguage":"de","potentialAction":[{"@type":"ReadAction","target":["https:\/\/www.garvanacoustic.com\/de\/referenzen\/die-zusammenarbeit-von-garvan-und-gresini-racing\/"]}]},{"@type":"ImageObject","inLanguage":"de","@id":"https:\/\/www.garvanacoustic.com\/de\/referenzen\/die-zusammenarbeit-von-garvan-und-gresini-racing\/#primaryimage","url":"https:\/\/www.garvanacoustic.com\/wp-content\/uploads\/2018\/11\/Team-Gresini.jpg","contentUrl":"https:\/\/www.garvanacoustic.com\/wp-content\/uploads\/2018\/11\/Team-Gresini.jpg","width":760,"height":570},{"@type":"BreadcrumbList","@id":"https:\/\/www.garvanacoustic.com\/de\/referenzen\/die-zusammenarbeit-von-garvan-und-gresini-racing\/#breadcrumb","itemListElement":[{"@type":"ListItem","position":1,"name":"Home","item":"https:\/\/www.garvanacoustic.com\/de\/"},{"@type":"ListItem","position":2,"name":"Die Zusammenarbeit von Garvan und Gresini Racing"}]},{"@type":"WebSite","@id":"https:\/\/www.garvanacoustic.com\/de\/#website","url":"https:\/\/www.garvanacoustic.com\/de\/","name":"Garvan Acoustic","description":"Diffusori e trattamento acustico: scopri la qualit\u00e0 del Made in Italy","publisher":{"@id":"https:\/\/www.garvanacoustic.com\/de\/#organization"},"potentialAction":[{"@type":"SearchAction","target":{"@type":"EntryPoint","urlTemplate":"https:\/\/www.garvanacoustic.com\/de\/?s={search_term_string}"},"query-input":{"@type":"PropertyValueSpecification","valueRequired":true,"valueName":"search_term_string"}}],"inLanguage":"de"},{"@type":"Organization","@id":"https:\/\/www.garvanacoustic.com\/de\/#organization","name":"Garvan Acoustic","url":"https:\/\/www.garvanacoustic.com\/de\/","logo":{"@type":"ImageObject","inLanguage":"de","@id":"https:\/\/www.garvanacoustic.com\/de\/#\/schema\/logo\/image\/","url":"https:\/\/www.garvanacoustic.com\/wp-content\/uploads\/2018\/07\/garvan-acoustic-logo.png","contentUrl":"https:\/\/www.garvanacoustic.com\/wp-content\/uploads\/2018\/07\/garvan-acoustic-logo.png","width":400,"height":161,"caption":"Garvan Acoustic"},"image":{"@id":"https:\/\/www.garvanacoustic.com\/de\/#\/schema\/logo\/image\/"},"sameAs":["https:\/\/www.facebook.com\/garvanacoustic","https:\/\/www.instagram.com\/garvanacoustic\/"],"description":"Produttori di Diffusori Acustici e Pannelli Fonoassorbenti Made in Italy","email":"garvan@garvanacoustic.com","telephone":"0546 682097"},{"@type":"Person","@id":"https:\/\/www.garvanacoustic.com\/de\/#\/schema\/person\/09727156b8cb00892d1258442a3c907d","name":"garvan_editor","image":{"@type":"ImageObject","inLanguage":"de","@id":"https:\/\/secure.gravatar.com\/avatar\/e9162e14491fbe40c8b8f258b3dcc580abbd812dd4769ec35a2771dab4442bd3?s=96&d=mm&r=g","url":"https:\/\/secure.gravatar.com\/avatar\/e9162e14491fbe40c8b8f258b3dcc580abbd812dd4769ec35a2771dab4442bd3?s=96&d=mm&r=g","contentUrl":"https:\/\/secure.gravatar.com\/avatar\/e9162e14491fbe40c8b8f258b3dcc580abbd812dd4769ec35a2771dab4442bd3?s=96&d=mm&r=g","caption":"garvan_editor"},"url":"https:\/\/www.garvanacoustic.com\/de\/author\/garvan_editor\/"}]}},"_links":{"self":[{"href":"https:\/\/www.garvanacoustic.com\/de\/wp-json\/wp\/v2\/posts\/24671","targetHints":{"allow":["GET"]}}],"collection":[{"href":"https:\/\/www.garvanacoustic.com\/de\/wp-json\/wp\/v2\/posts"}],"about":[{"href":"https:\/\/www.garvanacoustic.com\/de\/wp-json\/wp\/v2\/types\/post"}],"author":[{"embeddable":true,"href":"https:\/\/www.garvanacoustic.com\/de\/wp-json\/wp\/v2\/users\/6"}],"replies":[{"embeddable":true,"href":"https:\/\/www.garvanacoustic.com\/de\/wp-json\/wp\/v2\/comments?post=24671"}],"version-history":[{"count":2,"href":"https:\/\/www.garvanacoustic.com\/de\/wp-json\/wp\/v2\/posts\/24671\/revisions"}],"predecessor-version":[{"id":29987,"href":"https:\/\/www.garvanacoustic.com\/de\/wp-json\/wp\/v2\/posts\/24671\/revisions\/29987"}],"wp:featuredmedia":[{"embeddable":true,"href":"https:\/\/www.garvanacoustic.com\/de\/wp-json\/wp\/v2\/media\/24435"}],"wp:attachment":[{"href":"https:\/\/www.garvanacoustic.com\/de\/wp-json\/wp\/v2\/media?parent=24671"}],"wp:term":[{"taxonomy":"category","embeddable":true,"href":"https:\/\/www.garvanacoustic.com\/de\/wp-json\/wp\/v2\/categories?post=24671"},{"taxonomy":"post_tag","embeddable":true,"href":"https:\/\/www.garvanacoustic.com\/de\/wp-json\/wp\/v2\/tags?post=24671"}],"curies":[{"name":"wp","href":"https:\/\/api.w.org\/{rel}","templated":true}]}}