{"id":41154,"date":"2020-08-14T12:51:46","date_gmt":"2020-08-14T10:51:46","guid":{"rendered":"https:\/\/www.garvanacoustic.com\/?p=41154"},"modified":"2020-10-13T12:58:42","modified_gmt":"2020-10-13T10:58:42","slug":"wollen-sie-geraeusch-und-nachhall-stilvoll-reduzieren","status":"publish","type":"post","link":"https:\/\/www.garvanacoustic.com\/de\/unkategorisiert\/wollen-sie-geraeusch-und-nachhall-stilvoll-reduzieren\/","title":{"rendered":"Wollen Sie Ger\u00e4usch und Nachhall stilvoll reduzieren?"},"content":{"rendered":"Wollen Sie Ger\u00e4usch und Nachhall stilvoll reduzieren?\r\n\r\nEntscheiden Sie sich f\u00fcr Garvans Akustikpaneele, die Design und Sorgfalt f\u00fcr Details mit der beste schalld\u00e4mmenden Qualit\u00e4t der Materialien.\r\n\r\n<a href=\"\/?page_id=34682\">Entdecken Sie Garvans Akustikpaneele<\/a>","protected":false},"excerpt":{"rendered":"<p>Wollen Sie Ger\u00e4usch und Nachhall stilvoll reduzieren? Entscheiden Sie sich f\u00fcr Garvans Akustikpaneele, die Design und Sorgfalt f\u00fcr Details mit der beste schalld\u00e4mmenden Qualit\u00e4t der Materialien. Entdecken Sie Garvans Akustikpaneele<\/p>\n","protected":false},"author":8,"featured_media":40506,"comment_status":"open","ping_status":"open","sticky":false,"template":"","format":"image","meta":{"_joinchat":[],"footnotes":""},"categories":[156,103],"tags":[],"class_list":["post-41154","post","type-post","status-publish","format-image","has-post-thumbnail","hentry","category-news-lifestyle","category-unkategorisiert","post_format-post-format-image"],"yoast_head":"<!-- This site is optimized with the Yoast SEO Premium plugin v27.4 (Yoast SEO v27.4) - https:\/\/yoast.com\/product\/yoast-seo-premium-wordpress\/ -->\n<title>Wollen Sie Ger\u00e4usch und Nachhall stilvoll reduzieren? - Garvan Acoustic<\/title>\n<meta name=\"robots\" content=\"index, follow, max-snippet:-1, max-image-preview:large, max-video-preview:-1\" \/>\n<link rel=\"canonical\" href=\"https:\/\/www.garvanacoustic.com\/de\/unkategorisiert\/wollen-sie-geraeusch-und-nachhall-stilvoll-reduzieren\/\" \/>\n<meta property=\"og:locale\" content=\"de_DE\" \/>\n<meta property=\"og:type\" content=\"article\" \/>\n<meta property=\"og:title\" content=\"Wollen Sie Ger\u00e4usch und Nachhall stilvoll reduzieren?\" \/>\n<meta property=\"og:description\" content=\"Wollen Sie Ger\u00e4usch und Nachhall stilvoll reduzieren? Entscheiden Sie sich f\u00fcr Garvans Akustikpaneele, die Design und Sorgfalt f\u00fcr Details mit der beste schalld\u00e4mmenden Qualit\u00e4t der Materialien. Entdecken Sie Garvans Akustikpaneele\" \/>\n<meta property=\"og:url\" content=\"https:\/\/www.garvanacoustic.com\/de\/unkategorisiert\/wollen-sie-geraeusch-und-nachhall-stilvoll-reduzieren\/\" \/>\n<meta property=\"og:site_name\" content=\"Garvan Acoustic\" \/>\n<meta property=\"article:publisher\" content=\"https:\/\/www.facebook.com\/garvanacoustic\" \/>\n<meta property=\"article:published_time\" content=\"2020-08-14T10:51:46+00:00\" \/>\n<meta property=\"article:modified_time\" content=\"2020-10-13T10:58:42+00:00\" \/>\n<meta property=\"og:image\" content=\"https:\/\/www.garvanacoustic.com\/wp-content\/uploads\/2020\/10\/panneau-anti-bruit-int\u00e9rieur-Garvan-Acoustic-Parquet.jpg\" \/>\n\t<meta property=\"og:image:width\" content=\"1500\" \/>\n\t<meta property=\"og:image:height\" content=\"909\" \/>\n\t<meta property=\"og:image:type\" content=\"image\/jpeg\" \/>\n<meta name=\"author\" content=\"Tommaso Minardi\" \/>\n<meta name=\"twitter:card\" content=\"summary_large_image\" \/>\n<meta name=\"twitter:label1\" content=\"Verfasst von\" \/>\n\t<meta name=\"twitter:data1\" content=\"Tommaso Minardi\" \/>\n<script type=\"application\/ld+json\" class=\"yoast-schema-graph\">{\"@context\":\"https:\\\/\\\/schema.org\",\"@graph\":[{\"@type\":\"Article\",\"@id\":\"https:\\\/\\\/www.garvanacoustic.com\\\/de\\\/unkategorisiert\\\/wollen-sie-geraeusch-und-nachhall-stilvoll-reduzieren\\\/#article\",\"isPartOf\":{\"@id\":\"https:\\\/\\\/www.garvanacoustic.com\\\/de\\\/unkategorisiert\\\/wollen-sie-geraeusch-und-nachhall-stilvoll-reduzieren\\\/\"},\"author\":{\"name\":\"Tommaso Minardi\",\"@id\":\"https:\\\/\\\/www.garvanacoustic.com\\\/de\\\/#\\\/schema\\\/person\\\/6a1c1645f07f7a0aa5e018c2f909f355\"},\"headline\":\"Wollen Sie Ger\u00e4usch und Nachhall stilvoll reduzieren?\",\"datePublished\":\"2020-08-14T10:51:46+00:00\",\"dateModified\":\"2020-10-13T10:58:42+00:00\",\"mainEntityOfPage\":{\"@id\":\"https:\\\/\\\/www.garvanacoustic.com\\\/de\\\/unkategorisiert\\\/wollen-sie-geraeusch-und-nachhall-stilvoll-reduzieren\\\/\"},\"wordCount\":43,\"commentCount\":0,\"publisher\":{\"@id\":\"https:\\\/\\\/www.garvanacoustic.com\\\/de\\\/#organization\"},\"image\":{\"@id\":\"https:\\\/\\\/www.garvanacoustic.com\\\/de\\\/unkategorisiert\\\/wollen-sie-geraeusch-und-nachhall-stilvoll-reduzieren\\\/#primaryimage\"},\"thumbnailUrl\":\"https:\\\/\\\/www.garvanacoustic.com\\\/wp-content\\\/uploads\\\/2020\\\/10\\\/panneau-anti-bruit-int\u00e9rieur-Garvan-Acoustic-Parquet.jpg\",\"articleSection\":[\"News &amp; Lifestyle\",\"Unkategorisiert\"],\"inLanguage\":\"de\",\"potentialAction\":[{\"@type\":\"CommentAction\",\"name\":\"Comment\",\"target\":[\"https:\\\/\\\/www.garvanacoustic.com\\\/de\\\/unkategorisiert\\\/wollen-sie-geraeusch-und-nachhall-stilvoll-reduzieren\\\/#respond\"]}]},{\"@type\":\"WebPage\",\"@id\":\"https:\\\/\\\/www.garvanacoustic.com\\\/de\\\/unkategorisiert\\\/wollen-sie-geraeusch-und-nachhall-stilvoll-reduzieren\\\/\",\"url\":\"https:\\\/\\\/www.garvanacoustic.com\\\/de\\\/unkategorisiert\\\/wollen-sie-geraeusch-und-nachhall-stilvoll-reduzieren\\\/\",\"name\":\"Wollen Sie Ger\u00e4usch und Nachhall stilvoll reduzieren? - Garvan Acoustic\",\"isPartOf\":{\"@id\":\"https:\\\/\\\/www.garvanacoustic.com\\\/de\\\/#website\"},\"primaryImageOfPage\":{\"@id\":\"https:\\\/\\\/www.garvanacoustic.com\\\/de\\\/unkategorisiert\\\/wollen-sie-geraeusch-und-nachhall-stilvoll-reduzieren\\\/#primaryimage\"},\"image\":{\"@id\":\"https:\\\/\\\/www.garvanacoustic.com\\\/de\\\/unkategorisiert\\\/wollen-sie-geraeusch-und-nachhall-stilvoll-reduzieren\\\/#primaryimage\"},\"thumbnailUrl\":\"https:\\\/\\\/www.garvanacoustic.com\\\/wp-content\\\/uploads\\\/2020\\\/10\\\/panneau-anti-bruit-int\u00e9rieur-Garvan-Acoustic-Parquet.jpg\",\"datePublished\":\"2020-08-14T10:51:46+00:00\",\"dateModified\":\"2020-10-13T10:58:42+00:00\",\"breadcrumb\":{\"@id\":\"https:\\\/\\\/www.garvanacoustic.com\\\/de\\\/unkategorisiert\\\/wollen-sie-geraeusch-und-nachhall-stilvoll-reduzieren\\\/#breadcrumb\"},\"inLanguage\":\"de\",\"potentialAction\":[{\"@type\":\"ReadAction\",\"target\":[\"https:\\\/\\\/www.garvanacoustic.com\\\/de\\\/unkategorisiert\\\/wollen-sie-geraeusch-und-nachhall-stilvoll-reduzieren\\\/\"]}]},{\"@type\":\"ImageObject\",\"inLanguage\":\"de\",\"@id\":\"https:\\\/\\\/www.garvanacoustic.com\\\/de\\\/unkategorisiert\\\/wollen-sie-geraeusch-und-nachhall-stilvoll-reduzieren\\\/#primaryimage\",\"url\":\"https:\\\/\\\/www.garvanacoustic.com\\\/wp-content\\\/uploads\\\/2020\\\/10\\\/panneau-anti-bruit-int\u00e9rieur-Garvan-Acoustic-Parquet.jpg\",\"contentUrl\":\"https:\\\/\\\/www.garvanacoustic.com\\\/wp-content\\\/uploads\\\/2020\\\/10\\\/panneau-anti-bruit-int\u00e9rieur-Garvan-Acoustic-Parquet.jpg\",\"width\":1500,\"height\":909,\"caption\":\"Akustikpaneele von Garvan Acoustic\"},{\"@type\":\"BreadcrumbList\",\"@id\":\"https:\\\/\\\/www.garvanacoustic.com\\\/de\\\/unkategorisiert\\\/wollen-sie-geraeusch-und-nachhall-stilvoll-reduzieren\\\/#breadcrumb\",\"itemListElement\":[{\"@type\":\"ListItem\",\"position\":1,\"name\":\"Home\",\"item\":\"https:\\\/\\\/www.garvanacoustic.com\\\/de\\\/\"},{\"@type\":\"ListItem\",\"position\":2,\"name\":\"Wollen Sie Ger\u00e4usch und Nachhall stilvoll reduzieren?\"}]},{\"@type\":\"WebSite\",\"@id\":\"https:\\\/\\\/www.garvanacoustic.com\\\/de\\\/#website\",\"url\":\"https:\\\/\\\/www.garvanacoustic.com\\\/de\\\/\",\"name\":\"Garvan Acoustic\",\"description\":\"Diffusori e trattamento acustico: scopri la qualit\u00e0 del Made in Italy\",\"publisher\":{\"@id\":\"https:\\\/\\\/www.garvanacoustic.com\\\/de\\\/#organization\"},\"potentialAction\":[{\"@type\":\"SearchAction\",\"target\":{\"@type\":\"EntryPoint\",\"urlTemplate\":\"https:\\\/\\\/www.garvanacoustic.com\\\/de\\\/?s={search_term_string}\"},\"query-input\":{\"@type\":\"PropertyValueSpecification\",\"valueRequired\":true,\"valueName\":\"search_term_string\"}}],\"inLanguage\":\"de\"},{\"@type\":\"Organization\",\"@id\":\"https:\\\/\\\/www.garvanacoustic.com\\\/de\\\/#organization\",\"name\":\"Garvan Acoustic\",\"url\":\"https:\\\/\\\/www.garvanacoustic.com\\\/de\\\/\",\"logo\":{\"@type\":\"ImageObject\",\"inLanguage\":\"de\",\"@id\":\"https:\\\/\\\/www.garvanacoustic.com\\\/de\\\/#\\\/schema\\\/logo\\\/image\\\/\",\"url\":\"https:\\\/\\\/www.garvanacoustic.com\\\/wp-content\\\/uploads\\\/2018\\\/07\\\/garvan-acoustic-logo.png\",\"contentUrl\":\"https:\\\/\\\/www.garvanacoustic.com\\\/wp-content\\\/uploads\\\/2018\\\/07\\\/garvan-acoustic-logo.png\",\"width\":400,\"height\":161,\"caption\":\"Garvan Acoustic\"},\"image\":{\"@id\":\"https:\\\/\\\/www.garvanacoustic.com\\\/de\\\/#\\\/schema\\\/logo\\\/image\\\/\"},\"sameAs\":[\"https:\\\/\\\/www.facebook.com\\\/garvanacoustic\",\"https:\\\/\\\/www.instagram.com\\\/garvanacoustic\\\/\"],\"description\":\"Produttori di Diffusori Acustici e Pannelli Fonoassorbenti Made in Italy\",\"email\":\"garvan@garvanacoustic.com\",\"telephone\":\"0546 682097\"},{\"@type\":\"Person\",\"@id\":\"https:\\\/\\\/www.garvanacoustic.com\\\/de\\\/#\\\/schema\\\/person\\\/6a1c1645f07f7a0aa5e018c2f909f355\",\"name\":\"Tommaso Minardi\",\"image\":{\"@type\":\"ImageObject\",\"inLanguage\":\"de\",\"@id\":\"https:\\\/\\\/secure.gravatar.com\\\/avatar\\\/8c401eaabbdcdfbe0fe41e1798828bd51d99183ae86864950e8146a9c5cf079d?s=96&d=mm&r=g\",\"url\":\"https:\\\/\\\/secure.gravatar.com\\\/avatar\\\/8c401eaabbdcdfbe0fe41e1798828bd51d99183ae86864950e8146a9c5cf079d?s=96&d=mm&r=g\",\"contentUrl\":\"https:\\\/\\\/secure.gravatar.com\\\/avatar\\\/8c401eaabbdcdfbe0fe41e1798828bd51d99183ae86864950e8146a9c5cf079d?s=96&d=mm&r=g\",\"caption\":\"Tommaso Minardi\"},\"url\":\"https:\\\/\\\/www.garvanacoustic.com\\\/de\\\/author\\\/studioin3\\\/\"}]}<\/script>\n<!-- \/ Yoast SEO Premium plugin. -->","yoast_head_json":{"title":"Wollen Sie Ger\u00e4usch und Nachhall stilvoll reduzieren? - Garvan Acoustic","robots":{"index":"index","follow":"follow","max-snippet":"max-snippet:-1","max-image-preview":"max-image-preview:large","max-video-preview":"max-video-preview:-1"},"canonical":"https:\/\/www.garvanacoustic.com\/de\/unkategorisiert\/wollen-sie-geraeusch-und-nachhall-stilvoll-reduzieren\/","og_locale":"de_DE","og_type":"article","og_title":"Wollen Sie Ger\u00e4usch und Nachhall stilvoll reduzieren?","og_description":"Wollen Sie Ger\u00e4usch und Nachhall stilvoll reduzieren? Entscheiden Sie sich f\u00fcr Garvans Akustikpaneele, die Design und Sorgfalt f\u00fcr Details mit der beste schalld\u00e4mmenden Qualit\u00e4t der Materialien. Entdecken Sie Garvans Akustikpaneele","og_url":"https:\/\/www.garvanacoustic.com\/de\/unkategorisiert\/wollen-sie-geraeusch-und-nachhall-stilvoll-reduzieren\/","og_site_name":"Garvan Acoustic","article_publisher":"https:\/\/www.facebook.com\/garvanacoustic","article_published_time":"2020-08-14T10:51:46+00:00","article_modified_time":"2020-10-13T10:58:42+00:00","og_image":[{"width":1500,"height":909,"url":"https:\/\/www.garvanacoustic.com\/wp-content\/uploads\/2020\/10\/panneau-anti-bruit-int\u00e9rieur-Garvan-Acoustic-Parquet.jpg","type":"image\/jpeg"}],"author":"Tommaso Minardi","twitter_card":"summary_large_image","twitter_misc":{"Verfasst von":"Tommaso Minardi"},"schema":{"@context":"https:\/\/schema.org","@graph":[{"@type":"Article","@id":"https:\/\/www.garvanacoustic.com\/de\/unkategorisiert\/wollen-sie-geraeusch-und-nachhall-stilvoll-reduzieren\/#article","isPartOf":{"@id":"https:\/\/www.garvanacoustic.com\/de\/unkategorisiert\/wollen-sie-geraeusch-und-nachhall-stilvoll-reduzieren\/"},"author":{"name":"Tommaso Minardi","@id":"https:\/\/www.garvanacoustic.com\/de\/#\/schema\/person\/6a1c1645f07f7a0aa5e018c2f909f355"},"headline":"Wollen Sie Ger\u00e4usch und Nachhall stilvoll reduzieren?","datePublished":"2020-08-14T10:51:46+00:00","dateModified":"2020-10-13T10:58:42+00:00","mainEntityOfPage":{"@id":"https:\/\/www.garvanacoustic.com\/de\/unkategorisiert\/wollen-sie-geraeusch-und-nachhall-stilvoll-reduzieren\/"},"wordCount":43,"commentCount":0,"publisher":{"@id":"https:\/\/www.garvanacoustic.com\/de\/#organization"},"image":{"@id":"https:\/\/www.garvanacoustic.com\/de\/unkategorisiert\/wollen-sie-geraeusch-und-nachhall-stilvoll-reduzieren\/#primaryimage"},"thumbnailUrl":"https:\/\/www.garvanacoustic.com\/wp-content\/uploads\/2020\/10\/panneau-anti-bruit-int\u00e9rieur-Garvan-Acoustic-Parquet.jpg","articleSection":["News &amp; Lifestyle","Unkategorisiert"],"inLanguage":"de","potentialAction":[{"@type":"CommentAction","name":"Comment","target":["https:\/\/www.garvanacoustic.com\/de\/unkategorisiert\/wollen-sie-geraeusch-und-nachhall-stilvoll-reduzieren\/#respond"]}]},{"@type":"WebPage","@id":"https:\/\/www.garvanacoustic.com\/de\/unkategorisiert\/wollen-sie-geraeusch-und-nachhall-stilvoll-reduzieren\/","url":"https:\/\/www.garvanacoustic.com\/de\/unkategorisiert\/wollen-sie-geraeusch-und-nachhall-stilvoll-reduzieren\/","name":"Wollen Sie Ger\u00e4usch und Nachhall stilvoll reduzieren? - Garvan Acoustic","isPartOf":{"@id":"https:\/\/www.garvanacoustic.com\/de\/#website"},"primaryImageOfPage":{"@id":"https:\/\/www.garvanacoustic.com\/de\/unkategorisiert\/wollen-sie-geraeusch-und-nachhall-stilvoll-reduzieren\/#primaryimage"},"image":{"@id":"https:\/\/www.garvanacoustic.com\/de\/unkategorisiert\/wollen-sie-geraeusch-und-nachhall-stilvoll-reduzieren\/#primaryimage"},"thumbnailUrl":"https:\/\/www.garvanacoustic.com\/wp-content\/uploads\/2020\/10\/panneau-anti-bruit-int\u00e9rieur-Garvan-Acoustic-Parquet.jpg","datePublished":"2020-08-14T10:51:46+00:00","dateModified":"2020-10-13T10:58:42+00:00","breadcrumb":{"@id":"https:\/\/www.garvanacoustic.com\/de\/unkategorisiert\/wollen-sie-geraeusch-und-nachhall-stilvoll-reduzieren\/#breadcrumb"},"inLanguage":"de","potentialAction":[{"@type":"ReadAction","target":["https:\/\/www.garvanacoustic.com\/de\/unkategorisiert\/wollen-sie-geraeusch-und-nachhall-stilvoll-reduzieren\/"]}]},{"@type":"ImageObject","inLanguage":"de","@id":"https:\/\/www.garvanacoustic.com\/de\/unkategorisiert\/wollen-sie-geraeusch-und-nachhall-stilvoll-reduzieren\/#primaryimage","url":"https:\/\/www.garvanacoustic.com\/wp-content\/uploads\/2020\/10\/panneau-anti-bruit-int\u00e9rieur-Garvan-Acoustic-Parquet.jpg","contentUrl":"https:\/\/www.garvanacoustic.com\/wp-content\/uploads\/2020\/10\/panneau-anti-bruit-int\u00e9rieur-Garvan-Acoustic-Parquet.jpg","width":1500,"height":909,"caption":"Akustikpaneele von Garvan Acoustic"},{"@type":"BreadcrumbList","@id":"https:\/\/www.garvanacoustic.com\/de\/unkategorisiert\/wollen-sie-geraeusch-und-nachhall-stilvoll-reduzieren\/#breadcrumb","itemListElement":[{"@type":"ListItem","position":1,"name":"Home","item":"https:\/\/www.garvanacoustic.com\/de\/"},{"@type":"ListItem","position":2,"name":"Wollen Sie Ger\u00e4usch und Nachhall stilvoll reduzieren?"}]},{"@type":"WebSite","@id":"https:\/\/www.garvanacoustic.com\/de\/#website","url":"https:\/\/www.garvanacoustic.com\/de\/","name":"Garvan Acoustic","description":"Diffusori e trattamento acustico: scopri la qualit\u00e0 del Made in Italy","publisher":{"@id":"https:\/\/www.garvanacoustic.com\/de\/#organization"},"potentialAction":[{"@type":"SearchAction","target":{"@type":"EntryPoint","urlTemplate":"https:\/\/www.garvanacoustic.com\/de\/?s={search_term_string}"},"query-input":{"@type":"PropertyValueSpecification","valueRequired":true,"valueName":"search_term_string"}}],"inLanguage":"de"},{"@type":"Organization","@id":"https:\/\/www.garvanacoustic.com\/de\/#organization","name":"Garvan Acoustic","url":"https:\/\/www.garvanacoustic.com\/de\/","logo":{"@type":"ImageObject","inLanguage":"de","@id":"https:\/\/www.garvanacoustic.com\/de\/#\/schema\/logo\/image\/","url":"https:\/\/www.garvanacoustic.com\/wp-content\/uploads\/2018\/07\/garvan-acoustic-logo.png","contentUrl":"https:\/\/www.garvanacoustic.com\/wp-content\/uploads\/2018\/07\/garvan-acoustic-logo.png","width":400,"height":161,"caption":"Garvan Acoustic"},"image":{"@id":"https:\/\/www.garvanacoustic.com\/de\/#\/schema\/logo\/image\/"},"sameAs":["https:\/\/www.facebook.com\/garvanacoustic","https:\/\/www.instagram.com\/garvanacoustic\/"],"description":"Produttori di Diffusori Acustici e Pannelli Fonoassorbenti Made in Italy","email":"garvan@garvanacoustic.com","telephone":"0546 682097"},{"@type":"Person","@id":"https:\/\/www.garvanacoustic.com\/de\/#\/schema\/person\/6a1c1645f07f7a0aa5e018c2f909f355","name":"Tommaso Minardi","image":{"@type":"ImageObject","inLanguage":"de","@id":"https:\/\/secure.gravatar.com\/avatar\/8c401eaabbdcdfbe0fe41e1798828bd51d99183ae86864950e8146a9c5cf079d?s=96&d=mm&r=g","url":"https:\/\/secure.gravatar.com\/avatar\/8c401eaabbdcdfbe0fe41e1798828bd51d99183ae86864950e8146a9c5cf079d?s=96&d=mm&r=g","contentUrl":"https:\/\/secure.gravatar.com\/avatar\/8c401eaabbdcdfbe0fe41e1798828bd51d99183ae86864950e8146a9c5cf079d?s=96&d=mm&r=g","caption":"Tommaso Minardi"},"url":"https:\/\/www.garvanacoustic.com\/de\/author\/studioin3\/"}]}},"_links":{"self":[{"href":"https:\/\/www.garvanacoustic.com\/de\/wp-json\/wp\/v2\/posts\/41154","targetHints":{"allow":["GET"]}}],"collection":[{"href":"https:\/\/www.garvanacoustic.com\/de\/wp-json\/wp\/v2\/posts"}],"about":[{"href":"https:\/\/www.garvanacoustic.com\/de\/wp-json\/wp\/v2\/types\/post"}],"author":[{"embeddable":true,"href":"https:\/\/www.garvanacoustic.com\/de\/wp-json\/wp\/v2\/users\/8"}],"replies":[{"embeddable":true,"href":"https:\/\/www.garvanacoustic.com\/de\/wp-json\/wp\/v2\/comments?post=41154"}],"version-history":[{"count":2,"href":"https:\/\/www.garvanacoustic.com\/de\/wp-json\/wp\/v2\/posts\/41154\/revisions"}],"predecessor-version":[{"id":41156,"href":"https:\/\/www.garvanacoustic.com\/de\/wp-json\/wp\/v2\/posts\/41154\/revisions\/41156"}],"wp:featuredmedia":[{"embeddable":true,"href":"https:\/\/www.garvanacoustic.com\/de\/wp-json\/wp\/v2\/media\/40506"}],"wp:attachment":[{"href":"https:\/\/www.garvanacoustic.com\/de\/wp-json\/wp\/v2\/media?parent=41154"}],"wp:term":[{"taxonomy":"category","embeddable":true,"href":"https:\/\/www.garvanacoustic.com\/de\/wp-json\/wp\/v2\/categories?post=41154"},{"taxonomy":"post_tag","embeddable":true,"href":"https:\/\/www.garvanacoustic.com\/de\/wp-json\/wp\/v2\/tags?post=41154"}],"curies":[{"name":"wp","href":"https:\/\/api.w.org\/{rel}","templated":true}]}}