{"id":43225,"date":"2020-10-01T10:19:18","date_gmt":"2020-10-01T08:19:18","guid":{"rendered":"https:\/\/www.garvanacoustic.com\/?p=43225"},"modified":"2023-11-15T09:21:01","modified_gmt":"2023-11-15T08:21:01","slug":"zahlreiche-anwendungen-fuer-area-raumteiler","status":"publish","type":"post","link":"https:\/\/www.garvanacoustic.com\/de\/news-lifestyle\/zahlreiche-anwendungen-fuer-area-raumteiler\/","title":{"rendered":"Zahlreiche Anwendungen f\u00fcr AREA-Raumteiler"},"content":{"rendered":"<section class=\"no-padding-top\"><div class=\"container\"><div class=\"row\"><div class=\"wpb_column hcode-column-container  col-xs-mobile-fullwidth\" data-front-class=\"col-xs-mobile-fullwidth front-column-class\"><div class=\"vc-column-innner-wrapper\"><p>Dank des ma\u00dfgeschneiderten Designs, der hochwertigen Konstruktion und der Liebe zum Detail Made in Italy k\u00f6nnen AREA-Trennw\u00e4nde an Wand, Decke oder Schreibtisch angebracht werden, um die Akustik der Umgebung zu verbessern.<\/p>\n<div class=\"hcode-inner-row no-padding\"><div class=\"wpb_column hcode-column-container text-center sm-text-center xs-text-center vc_col-sm-4 vc_hidden-xs col-xs-mobile-fullwidth\" data-front-class=\"text-center sm-text-center xs-text-center col-xs-mobile-fullwidth\"><div class=\"vc-column-innner-wrapper\"><\/div><\/div><div class=\"wpb_column hcode-column-container vc_col-sm-4 col-xs-mobile-fullwidth\" data-front-class=\"col-xs-mobile-fullwidth\"><div class=\"vc-column-innner-wrapper\"><a  href=\"https:\/\/www.garvanacoustic.com\/de\/kontakt\/angebot-anfordern\/\" target=\"_blank\"  class=\"inner-link button btn  hcode-button-1 button-3d btn-round btn-medium btn-warning btn-round\">Angebot Anfordern \u203a<\/a><\/div><\/div><div class=\"wpb_column hcode-column-container vc_col-sm-4 vc_hidden-xs col-xs-mobile-fullwidth\" data-front-class=\"col-xs-mobile-fullwidth\"><div class=\"vc-column-innner-wrapper\"><\/div><\/div><\/div><\/div><\/div><\/div><\/div><\/section>","protected":false},"excerpt":{"rendered":"<p>Dank des ma\u00dfgeschneiderten Designs, der hochwertigen Konstruktion und der Liebe zum Detail Made in Italy k\u00f6nnen AREA-Trennw\u00e4nde an Wand, Decke oder Schreibtisch angebracht werden, um die Akustik der Umgebung zu verbessern. Angebot Anfordern \u203a<\/p>\n","protected":false},"author":8,"featured_media":38552,"comment_status":"open","ping_status":"open","sticky":false,"template":"","format":"image","meta":{"_joinchat":[],"footnotes":""},"categories":[156,103],"tags":[],"class_list":["post-43225","post","type-post","status-publish","format-image","has-post-thumbnail","hentry","category-news-lifestyle","category-unkategorisiert","post_format-post-format-image"],"yoast_head":"<!-- This site is optimized with the Yoast SEO Premium plugin v27.4 (Yoast SEO v27.4) - https:\/\/yoast.com\/product\/yoast-seo-premium-wordpress\/ -->\n<title>Zahlreiche Anwendungen f\u00fcr AREA-Raumteiler - Garvan Acoustic<\/title>\n<meta name=\"robots\" content=\"index, follow, max-snippet:-1, max-image-preview:large, max-video-preview:-1\" \/>\n<link rel=\"canonical\" href=\"https:\/\/www.garvanacoustic.com\/de\/news-lifestyle\/zahlreiche-anwendungen-fuer-area-raumteiler\/\" \/>\n<meta property=\"og:locale\" content=\"de_DE\" \/>\n<meta property=\"og:type\" content=\"article\" \/>\n<meta property=\"og:title\" content=\"Zahlreiche Anwendungen f\u00fcr AREA-Raumteiler\" \/>\n<meta property=\"og:description\" content=\"Dank des ma\u00dfgeschneiderten Designs, der hochwertigen Konstruktion und der Liebe zum Detail Made in Italy k\u00f6nnen AREA-Trennw\u00e4nde an Wand, Decke oder Schreibtisch angebracht werden, um die Akustik der Umgebung zu verbessern. Angebot Anfordern \u203a\" \/>\n<meta property=\"og:url\" content=\"https:\/\/www.garvanacoustic.com\/de\/news-lifestyle\/zahlreiche-anwendungen-fuer-area-raumteiler\/\" \/>\n<meta property=\"og:site_name\" content=\"Garvan Acoustic\" \/>\n<meta property=\"article:publisher\" content=\"https:\/\/www.facebook.com\/garvanacoustic\" \/>\n<meta property=\"article:published_time\" content=\"2020-10-01T08:19:18+00:00\" \/>\n<meta property=\"article:modified_time\" content=\"2023-11-15T08:21:01+00:00\" \/>\n<meta property=\"og:image\" content=\"https:\/\/www.garvanacoustic.com\/wp-content\/uploads\/2020\/05\/Trennw\u00e4nde-Area-Garvan-1.jpg\" \/>\n\t<meta property=\"og:image:width\" content=\"1158\" \/>\n\t<meta property=\"og:image:height\" content=\"700\" \/>\n\t<meta property=\"og:image:type\" content=\"image\/jpeg\" \/>\n<meta name=\"author\" content=\"Tommaso Minardi\" \/>\n<meta name=\"twitter:card\" content=\"summary_large_image\" \/>\n<meta name=\"twitter:label1\" content=\"Verfasst von\" \/>\n\t<meta name=\"twitter:data1\" content=\"Tommaso Minardi\" \/>\n\t<meta name=\"twitter:label2\" content=\"Gesch\u00e4tzte Lesezeit\" \/>\n\t<meta name=\"twitter:data2\" content=\"1\u00a0Minute\" \/>\n<script type=\"application\/ld+json\" class=\"yoast-schema-graph\">{\"@context\":\"https:\\\/\\\/schema.org\",\"@graph\":[{\"@type\":\"Article\",\"@id\":\"https:\\\/\\\/www.garvanacoustic.com\\\/de\\\/news-lifestyle\\\/zahlreiche-anwendungen-fuer-area-raumteiler\\\/#article\",\"isPartOf\":{\"@id\":\"https:\\\/\\\/www.garvanacoustic.com\\\/de\\\/news-lifestyle\\\/zahlreiche-anwendungen-fuer-area-raumteiler\\\/\"},\"author\":{\"name\":\"Tommaso Minardi\",\"@id\":\"https:\\\/\\\/www.garvanacoustic.com\\\/de\\\/#\\\/schema\\\/person\\\/6a1c1645f07f7a0aa5e018c2f909f355\"},\"headline\":\"Zahlreiche Anwendungen f\u00fcr AREA-Raumteiler\",\"datePublished\":\"2020-10-01T08:19:18+00:00\",\"dateModified\":\"2023-11-15T08:21:01+00:00\",\"mainEntityOfPage\":{\"@id\":\"https:\\\/\\\/www.garvanacoustic.com\\\/de\\\/news-lifestyle\\\/zahlreiche-anwendungen-fuer-area-raumteiler\\\/\"},\"wordCount\":148,\"commentCount\":0,\"publisher\":{\"@id\":\"https:\\\/\\\/www.garvanacoustic.com\\\/de\\\/#organization\"},\"image\":{\"@id\":\"https:\\\/\\\/www.garvanacoustic.com\\\/de\\\/news-lifestyle\\\/zahlreiche-anwendungen-fuer-area-raumteiler\\\/#primaryimage\"},\"thumbnailUrl\":\"https:\\\/\\\/www.garvanacoustic.com\\\/wp-content\\\/uploads\\\/2020\\\/05\\\/Trennw\u00e4nde-Area-Garvan-1.jpg\",\"articleSection\":[\"News &amp; Lifestyle\",\"Unkategorisiert\"],\"inLanguage\":\"de\",\"potentialAction\":[{\"@type\":\"CommentAction\",\"name\":\"Comment\",\"target\":[\"https:\\\/\\\/www.garvanacoustic.com\\\/de\\\/news-lifestyle\\\/zahlreiche-anwendungen-fuer-area-raumteiler\\\/#respond\"]}]},{\"@type\":\"WebPage\",\"@id\":\"https:\\\/\\\/www.garvanacoustic.com\\\/de\\\/news-lifestyle\\\/zahlreiche-anwendungen-fuer-area-raumteiler\\\/\",\"url\":\"https:\\\/\\\/www.garvanacoustic.com\\\/de\\\/news-lifestyle\\\/zahlreiche-anwendungen-fuer-area-raumteiler\\\/\",\"name\":\"Zahlreiche Anwendungen f\u00fcr AREA-Raumteiler - Garvan Acoustic\",\"isPartOf\":{\"@id\":\"https:\\\/\\\/www.garvanacoustic.com\\\/de\\\/#website\"},\"primaryImageOfPage\":{\"@id\":\"https:\\\/\\\/www.garvanacoustic.com\\\/de\\\/news-lifestyle\\\/zahlreiche-anwendungen-fuer-area-raumteiler\\\/#primaryimage\"},\"image\":{\"@id\":\"https:\\\/\\\/www.garvanacoustic.com\\\/de\\\/news-lifestyle\\\/zahlreiche-anwendungen-fuer-area-raumteiler\\\/#primaryimage\"},\"thumbnailUrl\":\"https:\\\/\\\/www.garvanacoustic.com\\\/wp-content\\\/uploads\\\/2020\\\/05\\\/Trennw\u00e4nde-Area-Garvan-1.jpg\",\"datePublished\":\"2020-10-01T08:19:18+00:00\",\"dateModified\":\"2023-11-15T08:21:01+00:00\",\"breadcrumb\":{\"@id\":\"https:\\\/\\\/www.garvanacoustic.com\\\/de\\\/news-lifestyle\\\/zahlreiche-anwendungen-fuer-area-raumteiler\\\/#breadcrumb\"},\"inLanguage\":\"de\",\"potentialAction\":[{\"@type\":\"ReadAction\",\"target\":[\"https:\\\/\\\/www.garvanacoustic.com\\\/de\\\/news-lifestyle\\\/zahlreiche-anwendungen-fuer-area-raumteiler\\\/\"]}]},{\"@type\":\"ImageObject\",\"inLanguage\":\"de\",\"@id\":\"https:\\\/\\\/www.garvanacoustic.com\\\/de\\\/news-lifestyle\\\/zahlreiche-anwendungen-fuer-area-raumteiler\\\/#primaryimage\",\"url\":\"https:\\\/\\\/www.garvanacoustic.com\\\/wp-content\\\/uploads\\\/2020\\\/05\\\/Trennw\u00e4nde-Area-Garvan-1.jpg\",\"contentUrl\":\"https:\\\/\\\/www.garvanacoustic.com\\\/wp-content\\\/uploads\\\/2020\\\/05\\\/Trennw\u00e4nde-Area-Garvan-1.jpg\",\"width\":1158,\"height\":700,\"caption\":\"Trennw\u00e4nde Area Garvan\"},{\"@type\":\"BreadcrumbList\",\"@id\":\"https:\\\/\\\/www.garvanacoustic.com\\\/de\\\/news-lifestyle\\\/zahlreiche-anwendungen-fuer-area-raumteiler\\\/#breadcrumb\",\"itemListElement\":[{\"@type\":\"ListItem\",\"position\":1,\"name\":\"Home\",\"item\":\"https:\\\/\\\/www.garvanacoustic.com\\\/de\\\/\"},{\"@type\":\"ListItem\",\"position\":2,\"name\":\"Zahlreiche Anwendungen f\u00fcr AREA-Raumteiler\"}]},{\"@type\":\"WebSite\",\"@id\":\"https:\\\/\\\/www.garvanacoustic.com\\\/de\\\/#website\",\"url\":\"https:\\\/\\\/www.garvanacoustic.com\\\/de\\\/\",\"name\":\"Garvan Acoustic\",\"description\":\"Diffusori e trattamento acustico: scopri la qualit\u00e0 del Made in Italy\",\"publisher\":{\"@id\":\"https:\\\/\\\/www.garvanacoustic.com\\\/de\\\/#organization\"},\"potentialAction\":[{\"@type\":\"SearchAction\",\"target\":{\"@type\":\"EntryPoint\",\"urlTemplate\":\"https:\\\/\\\/www.garvanacoustic.com\\\/de\\\/?s={search_term_string}\"},\"query-input\":{\"@type\":\"PropertyValueSpecification\",\"valueRequired\":true,\"valueName\":\"search_term_string\"}}],\"inLanguage\":\"de\"},{\"@type\":\"Organization\",\"@id\":\"https:\\\/\\\/www.garvanacoustic.com\\\/de\\\/#organization\",\"name\":\"Garvan Acoustic\",\"url\":\"https:\\\/\\\/www.garvanacoustic.com\\\/de\\\/\",\"logo\":{\"@type\":\"ImageObject\",\"inLanguage\":\"de\",\"@id\":\"https:\\\/\\\/www.garvanacoustic.com\\\/de\\\/#\\\/schema\\\/logo\\\/image\\\/\",\"url\":\"https:\\\/\\\/www.garvanacoustic.com\\\/wp-content\\\/uploads\\\/2018\\\/07\\\/garvan-acoustic-logo.png\",\"contentUrl\":\"https:\\\/\\\/www.garvanacoustic.com\\\/wp-content\\\/uploads\\\/2018\\\/07\\\/garvan-acoustic-logo.png\",\"width\":400,\"height\":161,\"caption\":\"Garvan Acoustic\"},\"image\":{\"@id\":\"https:\\\/\\\/www.garvanacoustic.com\\\/de\\\/#\\\/schema\\\/logo\\\/image\\\/\"},\"sameAs\":[\"https:\\\/\\\/www.facebook.com\\\/garvanacoustic\",\"https:\\\/\\\/www.instagram.com\\\/garvanacoustic\\\/\"],\"description\":\"Produttori di Diffusori Acustici e Pannelli Fonoassorbenti Made in Italy\",\"email\":\"garvan@garvanacoustic.com\",\"telephone\":\"0546 682097\"},{\"@type\":\"Person\",\"@id\":\"https:\\\/\\\/www.garvanacoustic.com\\\/de\\\/#\\\/schema\\\/person\\\/6a1c1645f07f7a0aa5e018c2f909f355\",\"name\":\"Tommaso Minardi\",\"image\":{\"@type\":\"ImageObject\",\"inLanguage\":\"de\",\"@id\":\"https:\\\/\\\/secure.gravatar.com\\\/avatar\\\/8c401eaabbdcdfbe0fe41e1798828bd51d99183ae86864950e8146a9c5cf079d?s=96&d=mm&r=g\",\"url\":\"https:\\\/\\\/secure.gravatar.com\\\/avatar\\\/8c401eaabbdcdfbe0fe41e1798828bd51d99183ae86864950e8146a9c5cf079d?s=96&d=mm&r=g\",\"contentUrl\":\"https:\\\/\\\/secure.gravatar.com\\\/avatar\\\/8c401eaabbdcdfbe0fe41e1798828bd51d99183ae86864950e8146a9c5cf079d?s=96&d=mm&r=g\",\"caption\":\"Tommaso Minardi\"},\"url\":\"https:\\\/\\\/www.garvanacoustic.com\\\/de\\\/author\\\/studioin3\\\/\"}]}<\/script>\n<!-- \/ Yoast SEO Premium plugin. -->","yoast_head_json":{"title":"Zahlreiche Anwendungen f\u00fcr AREA-Raumteiler - Garvan Acoustic","robots":{"index":"index","follow":"follow","max-snippet":"max-snippet:-1","max-image-preview":"max-image-preview:large","max-video-preview":"max-video-preview:-1"},"canonical":"https:\/\/www.garvanacoustic.com\/de\/news-lifestyle\/zahlreiche-anwendungen-fuer-area-raumteiler\/","og_locale":"de_DE","og_type":"article","og_title":"Zahlreiche Anwendungen f\u00fcr AREA-Raumteiler","og_description":"Dank des ma\u00dfgeschneiderten Designs, der hochwertigen Konstruktion und der Liebe zum Detail Made in Italy k\u00f6nnen AREA-Trennw\u00e4nde an Wand, Decke oder Schreibtisch angebracht werden, um die Akustik der Umgebung zu verbessern. Angebot Anfordern \u203a","og_url":"https:\/\/www.garvanacoustic.com\/de\/news-lifestyle\/zahlreiche-anwendungen-fuer-area-raumteiler\/","og_site_name":"Garvan Acoustic","article_publisher":"https:\/\/www.facebook.com\/garvanacoustic","article_published_time":"2020-10-01T08:19:18+00:00","article_modified_time":"2023-11-15T08:21:01+00:00","og_image":[{"width":1158,"height":700,"url":"https:\/\/www.garvanacoustic.com\/wp-content\/uploads\/2020\/05\/Trennw\u00e4nde-Area-Garvan-1.jpg","type":"image\/jpeg"}],"author":"Tommaso Minardi","twitter_card":"summary_large_image","twitter_misc":{"Verfasst von":"Tommaso Minardi","Gesch\u00e4tzte Lesezeit":"1\u00a0Minute"},"schema":{"@context":"https:\/\/schema.org","@graph":[{"@type":"Article","@id":"https:\/\/www.garvanacoustic.com\/de\/news-lifestyle\/zahlreiche-anwendungen-fuer-area-raumteiler\/#article","isPartOf":{"@id":"https:\/\/www.garvanacoustic.com\/de\/news-lifestyle\/zahlreiche-anwendungen-fuer-area-raumteiler\/"},"author":{"name":"Tommaso Minardi","@id":"https:\/\/www.garvanacoustic.com\/de\/#\/schema\/person\/6a1c1645f07f7a0aa5e018c2f909f355"},"headline":"Zahlreiche Anwendungen f\u00fcr AREA-Raumteiler","datePublished":"2020-10-01T08:19:18+00:00","dateModified":"2023-11-15T08:21:01+00:00","mainEntityOfPage":{"@id":"https:\/\/www.garvanacoustic.com\/de\/news-lifestyle\/zahlreiche-anwendungen-fuer-area-raumteiler\/"},"wordCount":148,"commentCount":0,"publisher":{"@id":"https:\/\/www.garvanacoustic.com\/de\/#organization"},"image":{"@id":"https:\/\/www.garvanacoustic.com\/de\/news-lifestyle\/zahlreiche-anwendungen-fuer-area-raumteiler\/#primaryimage"},"thumbnailUrl":"https:\/\/www.garvanacoustic.com\/wp-content\/uploads\/2020\/05\/Trennw\u00e4nde-Area-Garvan-1.jpg","articleSection":["News &amp; Lifestyle","Unkategorisiert"],"inLanguage":"de","potentialAction":[{"@type":"CommentAction","name":"Comment","target":["https:\/\/www.garvanacoustic.com\/de\/news-lifestyle\/zahlreiche-anwendungen-fuer-area-raumteiler\/#respond"]}]},{"@type":"WebPage","@id":"https:\/\/www.garvanacoustic.com\/de\/news-lifestyle\/zahlreiche-anwendungen-fuer-area-raumteiler\/","url":"https:\/\/www.garvanacoustic.com\/de\/news-lifestyle\/zahlreiche-anwendungen-fuer-area-raumteiler\/","name":"Zahlreiche Anwendungen f\u00fcr AREA-Raumteiler - Garvan Acoustic","isPartOf":{"@id":"https:\/\/www.garvanacoustic.com\/de\/#website"},"primaryImageOfPage":{"@id":"https:\/\/www.garvanacoustic.com\/de\/news-lifestyle\/zahlreiche-anwendungen-fuer-area-raumteiler\/#primaryimage"},"image":{"@id":"https:\/\/www.garvanacoustic.com\/de\/news-lifestyle\/zahlreiche-anwendungen-fuer-area-raumteiler\/#primaryimage"},"thumbnailUrl":"https:\/\/www.garvanacoustic.com\/wp-content\/uploads\/2020\/05\/Trennw\u00e4nde-Area-Garvan-1.jpg","datePublished":"2020-10-01T08:19:18+00:00","dateModified":"2023-11-15T08:21:01+00:00","breadcrumb":{"@id":"https:\/\/www.garvanacoustic.com\/de\/news-lifestyle\/zahlreiche-anwendungen-fuer-area-raumteiler\/#breadcrumb"},"inLanguage":"de","potentialAction":[{"@type":"ReadAction","target":["https:\/\/www.garvanacoustic.com\/de\/news-lifestyle\/zahlreiche-anwendungen-fuer-area-raumteiler\/"]}]},{"@type":"ImageObject","inLanguage":"de","@id":"https:\/\/www.garvanacoustic.com\/de\/news-lifestyle\/zahlreiche-anwendungen-fuer-area-raumteiler\/#primaryimage","url":"https:\/\/www.garvanacoustic.com\/wp-content\/uploads\/2020\/05\/Trennw\u00e4nde-Area-Garvan-1.jpg","contentUrl":"https:\/\/www.garvanacoustic.com\/wp-content\/uploads\/2020\/05\/Trennw\u00e4nde-Area-Garvan-1.jpg","width":1158,"height":700,"caption":"Trennw\u00e4nde Area Garvan"},{"@type":"BreadcrumbList","@id":"https:\/\/www.garvanacoustic.com\/de\/news-lifestyle\/zahlreiche-anwendungen-fuer-area-raumteiler\/#breadcrumb","itemListElement":[{"@type":"ListItem","position":1,"name":"Home","item":"https:\/\/www.garvanacoustic.com\/de\/"},{"@type":"ListItem","position":2,"name":"Zahlreiche Anwendungen f\u00fcr AREA-Raumteiler"}]},{"@type":"WebSite","@id":"https:\/\/www.garvanacoustic.com\/de\/#website","url":"https:\/\/www.garvanacoustic.com\/de\/","name":"Garvan Acoustic","description":"Diffusori e trattamento acustico: scopri la qualit\u00e0 del Made in Italy","publisher":{"@id":"https:\/\/www.garvanacoustic.com\/de\/#organization"},"potentialAction":[{"@type":"SearchAction","target":{"@type":"EntryPoint","urlTemplate":"https:\/\/www.garvanacoustic.com\/de\/?s={search_term_string}"},"query-input":{"@type":"PropertyValueSpecification","valueRequired":true,"valueName":"search_term_string"}}],"inLanguage":"de"},{"@type":"Organization","@id":"https:\/\/www.garvanacoustic.com\/de\/#organization","name":"Garvan Acoustic","url":"https:\/\/www.garvanacoustic.com\/de\/","logo":{"@type":"ImageObject","inLanguage":"de","@id":"https:\/\/www.garvanacoustic.com\/de\/#\/schema\/logo\/image\/","url":"https:\/\/www.garvanacoustic.com\/wp-content\/uploads\/2018\/07\/garvan-acoustic-logo.png","contentUrl":"https:\/\/www.garvanacoustic.com\/wp-content\/uploads\/2018\/07\/garvan-acoustic-logo.png","width":400,"height":161,"caption":"Garvan Acoustic"},"image":{"@id":"https:\/\/www.garvanacoustic.com\/de\/#\/schema\/logo\/image\/"},"sameAs":["https:\/\/www.facebook.com\/garvanacoustic","https:\/\/www.instagram.com\/garvanacoustic\/"],"description":"Produttori di Diffusori Acustici e Pannelli Fonoassorbenti Made in Italy","email":"garvan@garvanacoustic.com","telephone":"0546 682097"},{"@type":"Person","@id":"https:\/\/www.garvanacoustic.com\/de\/#\/schema\/person\/6a1c1645f07f7a0aa5e018c2f909f355","name":"Tommaso Minardi","image":{"@type":"ImageObject","inLanguage":"de","@id":"https:\/\/secure.gravatar.com\/avatar\/8c401eaabbdcdfbe0fe41e1798828bd51d99183ae86864950e8146a9c5cf079d?s=96&d=mm&r=g","url":"https:\/\/secure.gravatar.com\/avatar\/8c401eaabbdcdfbe0fe41e1798828bd51d99183ae86864950e8146a9c5cf079d?s=96&d=mm&r=g","contentUrl":"https:\/\/secure.gravatar.com\/avatar\/8c401eaabbdcdfbe0fe41e1798828bd51d99183ae86864950e8146a9c5cf079d?s=96&d=mm&r=g","caption":"Tommaso Minardi"},"url":"https:\/\/www.garvanacoustic.com\/de\/author\/studioin3\/"}]}},"_links":{"self":[{"href":"https:\/\/www.garvanacoustic.com\/de\/wp-json\/wp\/v2\/posts\/43225","targetHints":{"allow":["GET"]}}],"collection":[{"href":"https:\/\/www.garvanacoustic.com\/de\/wp-json\/wp\/v2\/posts"}],"about":[{"href":"https:\/\/www.garvanacoustic.com\/de\/wp-json\/wp\/v2\/types\/post"}],"author":[{"embeddable":true,"href":"https:\/\/www.garvanacoustic.com\/de\/wp-json\/wp\/v2\/users\/8"}],"replies":[{"embeddable":true,"href":"https:\/\/www.garvanacoustic.com\/de\/wp-json\/wp\/v2\/comments?post=43225"}],"version-history":[{"count":5,"href":"https:\/\/www.garvanacoustic.com\/de\/wp-json\/wp\/v2\/posts\/43225\/revisions"}],"predecessor-version":[{"id":63049,"href":"https:\/\/www.garvanacoustic.com\/de\/wp-json\/wp\/v2\/posts\/43225\/revisions\/63049"}],"wp:featuredmedia":[{"embeddable":true,"href":"https:\/\/www.garvanacoustic.com\/de\/wp-json\/wp\/v2\/media\/38552"}],"wp:attachment":[{"href":"https:\/\/www.garvanacoustic.com\/de\/wp-json\/wp\/v2\/media?parent=43225"}],"wp:term":[{"taxonomy":"category","embeddable":true,"href":"https:\/\/www.garvanacoustic.com\/de\/wp-json\/wp\/v2\/categories?post=43225"},{"taxonomy":"post_tag","embeddable":true,"href":"https:\/\/www.garvanacoustic.com\/de\/wp-json\/wp\/v2\/tags?post=43225"}],"curies":[{"name":"wp","href":"https:\/\/api.w.org\/{rel}","templated":true}]}}