{"id":46927,"date":"2010-10-02T18:56:20","date_gmt":"2010-10-02T16:56:20","guid":{"rendered":"https:\/\/www.garvanacoustic.com\/?p=46927"},"modified":"2021-03-31T19:00:34","modified_gmt":"2021-03-31T17:00:34","slug":"cersaie-28-september-2-oktober-2010-bologna-fiere","status":"publish","type":"post","link":"https:\/\/www.garvanacoustic.com\/de\/ereignisse\/cersaie-28-september-2-oktober-2010-bologna-fiere\/","title":{"rendered":"Cersaie 28. September &#8211; 2. Oktober  2010 | Bologna Fiere"},"content":{"rendered":"<p>llestimento acustico del prestigioso stand Jacuzzi Europe <\/p>\n","protected":false},"excerpt":{"rendered":"<p>llestimento acustico del prestigioso stand Jacuzzi Europe <\/p>\n","protected":false},"author":8,"featured_media":0,"comment_status":"closed","ping_status":"open","sticky":false,"template":"","format":"standard","meta":{"_joinchat":[],"footnotes":""},"categories":[1280],"tags":[],"class_list":["post-46927","post","type-post","status-publish","format-standard","hentry","category-ereignisse"],"yoast_head":"<!-- This site is optimized with the Yoast SEO Premium plugin v27.4 (Yoast SEO v27.4) - https:\/\/yoast.com\/product\/yoast-seo-premium-wordpress\/ -->\n<title>Cersaie 28. September - 2. Oktober 2010 | Bologna Fiere - Garvan Acoustic<\/title>\n<meta name=\"description\" content=\"Internationale Ausstellung f\u00fcr keramische Fliesen und Badezimmereinrichtungen Cersaie 28. September - 2. Oktober 2010 | Bologna - Garvan lieferte die Beschallung f\u00fcr den prestigetr\u00e4chtigen Stand Jacuzzi Europe, Halle 29 Stand B29-C32, auf der Internationalen Messe f\u00fcr Keramikfliesen und Badezimmereinrichtungen Cersaie in\u00a0Bologna\u00a0-\u00a0www.cersaie.it\u00a0-\u00a0www.jacuzzi.eu\" \/>\n<meta name=\"robots\" content=\"index, follow, max-snippet:-1, max-image-preview:large, max-video-preview:-1\" \/>\n<link rel=\"canonical\" href=\"https:\/\/www.garvanacoustic.com\/de\/ereignisse\/cersaie-28-september-2-oktober-2010-bologna-fiere\/\" \/>\n<meta property=\"og:locale\" content=\"de_DE\" \/>\n<meta property=\"og:type\" content=\"article\" \/>\n<meta property=\"og:title\" content=\"Cersaie 28. September - 2. Oktober 2010 | Bologna Fiere\" \/>\n<meta property=\"og:description\" content=\"Internationale Ausstellung f\u00fcr keramische Fliesen und Badezimmereinrichtungen Cersaie 28. September - 2. Oktober 2010 | Bologna - Garvan lieferte die Beschallung f\u00fcr den prestigetr\u00e4chtigen Stand Jacuzzi Europe, Halle 29 Stand B29-C32, auf der Internationalen Messe f\u00fcr Keramikfliesen und Badezimmereinrichtungen Cersaie in\u00a0Bologna\u00a0-\u00a0www.cersaie.it\u00a0-\u00a0www.jacuzzi.eu\" \/>\n<meta property=\"og:url\" content=\"https:\/\/www.garvanacoustic.com\/de\/ereignisse\/cersaie-28-september-2-oktober-2010-bologna-fiere\/\" \/>\n<meta property=\"og:site_name\" content=\"Garvan Acoustic\" \/>\n<meta property=\"article:publisher\" content=\"https:\/\/www.facebook.com\/garvanacoustic\" \/>\n<meta property=\"article:published_time\" content=\"2010-10-02T16:56:20+00:00\" \/>\n<meta property=\"article:modified_time\" content=\"2021-03-31T17:00:34+00:00\" \/>\n<meta property=\"og:image\" content=\"https:\/\/www.garvanacoustic.com\/wp-content\/uploads\/2024\/07\/header-nwsl-garvan-e1759746705872.jpg\" \/>\n\t<meta property=\"og:image:width\" content=\"779\" \/>\n\t<meta property=\"og:image:height\" content=\"437\" \/>\n\t<meta property=\"og:image:type\" content=\"image\/jpeg\" \/>\n<meta name=\"author\" content=\"Tommaso Minardi\" \/>\n<meta name=\"twitter:card\" content=\"summary_large_image\" \/>\n<meta name=\"twitter:label1\" content=\"Verfasst von\" \/>\n\t<meta name=\"twitter:data1\" content=\"Tommaso Minardi\" \/>\n<script type=\"application\/ld+json\" class=\"yoast-schema-graph\">{\"@context\":\"https:\\\/\\\/schema.org\",\"@graph\":[{\"@type\":\"Article\",\"@id\":\"https:\\\/\\\/www.garvanacoustic.com\\\/de\\\/ereignisse\\\/cersaie-28-september-2-oktober-2010-bologna-fiere\\\/#article\",\"isPartOf\":{\"@id\":\"https:\\\/\\\/www.garvanacoustic.com\\\/de\\\/ereignisse\\\/cersaie-28-september-2-oktober-2010-bologna-fiere\\\/\"},\"author\":{\"name\":\"Tommaso Minardi\",\"@id\":\"https:\\\/\\\/www.garvanacoustic.com\\\/de\\\/#\\\/schema\\\/person\\\/6a1c1645f07f7a0aa5e018c2f909f355\"},\"headline\":\"Cersaie 28. September &#8211; 2. Oktober 2010 | Bologna Fiere\",\"datePublished\":\"2010-10-02T16:56:20+00:00\",\"dateModified\":\"2021-03-31T17:00:34+00:00\",\"mainEntityOfPage\":{\"@id\":\"https:\\\/\\\/www.garvanacoustic.com\\\/de\\\/ereignisse\\\/cersaie-28-september-2-oktober-2010-bologna-fiere\\\/\"},\"wordCount\":91,\"publisher\":{\"@id\":\"https:\\\/\\\/www.garvanacoustic.com\\\/de\\\/#organization\"},\"articleSection\":[\"Ereignisse\"],\"inLanguage\":\"de\"},{\"@type\":\"WebPage\",\"@id\":\"https:\\\/\\\/www.garvanacoustic.com\\\/de\\\/ereignisse\\\/cersaie-28-september-2-oktober-2010-bologna-fiere\\\/\",\"url\":\"https:\\\/\\\/www.garvanacoustic.com\\\/de\\\/ereignisse\\\/cersaie-28-september-2-oktober-2010-bologna-fiere\\\/\",\"name\":\"Cersaie 28. September - 2. Oktober 2010 | Bologna Fiere - Garvan Acoustic\",\"isPartOf\":{\"@id\":\"https:\\\/\\\/www.garvanacoustic.com\\\/de\\\/#website\"},\"datePublished\":\"2010-10-02T16:56:20+00:00\",\"dateModified\":\"2021-03-31T17:00:34+00:00\",\"description\":\"Internationale Ausstellung f\u00fcr keramische Fliesen und Badezimmereinrichtungen Cersaie 28. September - 2. Oktober 2010 | Bologna - Garvan lieferte die Beschallung f\u00fcr den prestigetr\u00e4chtigen Stand Jacuzzi Europe, Halle 29 Stand B29-C32, auf der Internationalen Messe f\u00fcr Keramikfliesen und Badezimmereinrichtungen Cersaie in\u00a0Bologna\u00a0-\u00a0www.cersaie.it\u00a0-\u00a0www.jacuzzi.eu\",\"breadcrumb\":{\"@id\":\"https:\\\/\\\/www.garvanacoustic.com\\\/de\\\/ereignisse\\\/cersaie-28-september-2-oktober-2010-bologna-fiere\\\/#breadcrumb\"},\"inLanguage\":\"de\",\"potentialAction\":[{\"@type\":\"ReadAction\",\"target\":[\"https:\\\/\\\/www.garvanacoustic.com\\\/de\\\/ereignisse\\\/cersaie-28-september-2-oktober-2010-bologna-fiere\\\/\"]}]},{\"@type\":\"BreadcrumbList\",\"@id\":\"https:\\\/\\\/www.garvanacoustic.com\\\/de\\\/ereignisse\\\/cersaie-28-september-2-oktober-2010-bologna-fiere\\\/#breadcrumb\",\"itemListElement\":[{\"@type\":\"ListItem\",\"position\":1,\"name\":\"Home\",\"item\":\"https:\\\/\\\/www.garvanacoustic.com\\\/de\\\/\"},{\"@type\":\"ListItem\",\"position\":2,\"name\":\"Cersaie 28. September &#8211; 2. Oktober 2010 | Bologna Fiere\"}]},{\"@type\":\"WebSite\",\"@id\":\"https:\\\/\\\/www.garvanacoustic.com\\\/de\\\/#website\",\"url\":\"https:\\\/\\\/www.garvanacoustic.com\\\/de\\\/\",\"name\":\"Garvan Acoustic\",\"description\":\"Diffusori e trattamento acustico: scopri la qualit\u00e0 del Made in Italy\",\"publisher\":{\"@id\":\"https:\\\/\\\/www.garvanacoustic.com\\\/de\\\/#organization\"},\"potentialAction\":[{\"@type\":\"SearchAction\",\"target\":{\"@type\":\"EntryPoint\",\"urlTemplate\":\"https:\\\/\\\/www.garvanacoustic.com\\\/de\\\/?s={search_term_string}\"},\"query-input\":{\"@type\":\"PropertyValueSpecification\",\"valueRequired\":true,\"valueName\":\"search_term_string\"}}],\"inLanguage\":\"de\"},{\"@type\":\"Organization\",\"@id\":\"https:\\\/\\\/www.garvanacoustic.com\\\/de\\\/#organization\",\"name\":\"Garvan Acoustic\",\"url\":\"https:\\\/\\\/www.garvanacoustic.com\\\/de\\\/\",\"logo\":{\"@type\":\"ImageObject\",\"inLanguage\":\"de\",\"@id\":\"https:\\\/\\\/www.garvanacoustic.com\\\/de\\\/#\\\/schema\\\/logo\\\/image\\\/\",\"url\":\"https:\\\/\\\/www.garvanacoustic.com\\\/wp-content\\\/uploads\\\/2018\\\/07\\\/garvan-acoustic-logo.png\",\"contentUrl\":\"https:\\\/\\\/www.garvanacoustic.com\\\/wp-content\\\/uploads\\\/2018\\\/07\\\/garvan-acoustic-logo.png\",\"width\":400,\"height\":161,\"caption\":\"Garvan Acoustic\"},\"image\":{\"@id\":\"https:\\\/\\\/www.garvanacoustic.com\\\/de\\\/#\\\/schema\\\/logo\\\/image\\\/\"},\"sameAs\":[\"https:\\\/\\\/www.facebook.com\\\/garvanacoustic\",\"https:\\\/\\\/www.instagram.com\\\/garvanacoustic\\\/\"],\"description\":\"Produttori di Diffusori Acustici e Pannelli Fonoassorbenti Made in Italy\",\"email\":\"garvan@garvanacoustic.com\",\"telephone\":\"0546 682097\"},{\"@type\":\"Person\",\"@id\":\"https:\\\/\\\/www.garvanacoustic.com\\\/de\\\/#\\\/schema\\\/person\\\/6a1c1645f07f7a0aa5e018c2f909f355\",\"name\":\"Tommaso Minardi\",\"image\":{\"@type\":\"ImageObject\",\"inLanguage\":\"de\",\"@id\":\"https:\\\/\\\/secure.gravatar.com\\\/avatar\\\/8c401eaabbdcdfbe0fe41e1798828bd51d99183ae86864950e8146a9c5cf079d?s=96&d=mm&r=g\",\"url\":\"https:\\\/\\\/secure.gravatar.com\\\/avatar\\\/8c401eaabbdcdfbe0fe41e1798828bd51d99183ae86864950e8146a9c5cf079d?s=96&d=mm&r=g\",\"contentUrl\":\"https:\\\/\\\/secure.gravatar.com\\\/avatar\\\/8c401eaabbdcdfbe0fe41e1798828bd51d99183ae86864950e8146a9c5cf079d?s=96&d=mm&r=g\",\"caption\":\"Tommaso Minardi\"},\"url\":\"https:\\\/\\\/www.garvanacoustic.com\\\/de\\\/author\\\/studioin3\\\/\"}]}<\/script>\n<!-- \/ Yoast SEO Premium plugin. -->","yoast_head_json":{"title":"Cersaie 28. September - 2. Oktober 2010 | Bologna Fiere - Garvan Acoustic","description":"Internationale Ausstellung f\u00fcr keramische Fliesen und Badezimmereinrichtungen Cersaie 28. September - 2. Oktober 2010 | Bologna - Garvan lieferte die Beschallung f\u00fcr den prestigetr\u00e4chtigen Stand Jacuzzi Europe, Halle 29 Stand B29-C32, auf der Internationalen Messe f\u00fcr Keramikfliesen und Badezimmereinrichtungen Cersaie in\u00a0Bologna\u00a0-\u00a0www.cersaie.it\u00a0-\u00a0www.jacuzzi.eu","robots":{"index":"index","follow":"follow","max-snippet":"max-snippet:-1","max-image-preview":"max-image-preview:large","max-video-preview":"max-video-preview:-1"},"canonical":"https:\/\/www.garvanacoustic.com\/de\/ereignisse\/cersaie-28-september-2-oktober-2010-bologna-fiere\/","og_locale":"de_DE","og_type":"article","og_title":"Cersaie 28. September - 2. Oktober 2010 | Bologna Fiere","og_description":"Internationale Ausstellung f\u00fcr keramische Fliesen und Badezimmereinrichtungen Cersaie 28. September - 2. Oktober 2010 | Bologna - Garvan lieferte die Beschallung f\u00fcr den prestigetr\u00e4chtigen Stand Jacuzzi Europe, Halle 29 Stand B29-C32, auf der Internationalen Messe f\u00fcr Keramikfliesen und Badezimmereinrichtungen Cersaie in\u00a0Bologna\u00a0-\u00a0www.cersaie.it\u00a0-\u00a0www.jacuzzi.eu","og_url":"https:\/\/www.garvanacoustic.com\/de\/ereignisse\/cersaie-28-september-2-oktober-2010-bologna-fiere\/","og_site_name":"Garvan Acoustic","article_publisher":"https:\/\/www.facebook.com\/garvanacoustic","article_published_time":"2010-10-02T16:56:20+00:00","article_modified_time":"2021-03-31T17:00:34+00:00","og_image":[{"width":779,"height":437,"url":"https:\/\/www.garvanacoustic.com\/wp-content\/uploads\/2024\/07\/header-nwsl-garvan-e1759746705872.jpg","type":"image\/jpeg"}],"author":"Tommaso Minardi","twitter_card":"summary_large_image","twitter_misc":{"Verfasst von":"Tommaso Minardi"},"schema":{"@context":"https:\/\/schema.org","@graph":[{"@type":"Article","@id":"https:\/\/www.garvanacoustic.com\/de\/ereignisse\/cersaie-28-september-2-oktober-2010-bologna-fiere\/#article","isPartOf":{"@id":"https:\/\/www.garvanacoustic.com\/de\/ereignisse\/cersaie-28-september-2-oktober-2010-bologna-fiere\/"},"author":{"name":"Tommaso Minardi","@id":"https:\/\/www.garvanacoustic.com\/de\/#\/schema\/person\/6a1c1645f07f7a0aa5e018c2f909f355"},"headline":"Cersaie 28. September &#8211; 2. Oktober 2010 | Bologna Fiere","datePublished":"2010-10-02T16:56:20+00:00","dateModified":"2021-03-31T17:00:34+00:00","mainEntityOfPage":{"@id":"https:\/\/www.garvanacoustic.com\/de\/ereignisse\/cersaie-28-september-2-oktober-2010-bologna-fiere\/"},"wordCount":91,"publisher":{"@id":"https:\/\/www.garvanacoustic.com\/de\/#organization"},"articleSection":["Ereignisse"],"inLanguage":"de"},{"@type":"WebPage","@id":"https:\/\/www.garvanacoustic.com\/de\/ereignisse\/cersaie-28-september-2-oktober-2010-bologna-fiere\/","url":"https:\/\/www.garvanacoustic.com\/de\/ereignisse\/cersaie-28-september-2-oktober-2010-bologna-fiere\/","name":"Cersaie 28. September - 2. Oktober 2010 | Bologna Fiere - Garvan Acoustic","isPartOf":{"@id":"https:\/\/www.garvanacoustic.com\/de\/#website"},"datePublished":"2010-10-02T16:56:20+00:00","dateModified":"2021-03-31T17:00:34+00:00","description":"Internationale Ausstellung f\u00fcr keramische Fliesen und Badezimmereinrichtungen Cersaie 28. September - 2. Oktober 2010 | Bologna - Garvan lieferte die Beschallung f\u00fcr den prestigetr\u00e4chtigen Stand Jacuzzi Europe, Halle 29 Stand B29-C32, auf der Internationalen Messe f\u00fcr Keramikfliesen und Badezimmereinrichtungen Cersaie in\u00a0Bologna\u00a0-\u00a0www.cersaie.it\u00a0-\u00a0www.jacuzzi.eu","breadcrumb":{"@id":"https:\/\/www.garvanacoustic.com\/de\/ereignisse\/cersaie-28-september-2-oktober-2010-bologna-fiere\/#breadcrumb"},"inLanguage":"de","potentialAction":[{"@type":"ReadAction","target":["https:\/\/www.garvanacoustic.com\/de\/ereignisse\/cersaie-28-september-2-oktober-2010-bologna-fiere\/"]}]},{"@type":"BreadcrumbList","@id":"https:\/\/www.garvanacoustic.com\/de\/ereignisse\/cersaie-28-september-2-oktober-2010-bologna-fiere\/#breadcrumb","itemListElement":[{"@type":"ListItem","position":1,"name":"Home","item":"https:\/\/www.garvanacoustic.com\/de\/"},{"@type":"ListItem","position":2,"name":"Cersaie 28. September &#8211; 2. Oktober 2010 | Bologna Fiere"}]},{"@type":"WebSite","@id":"https:\/\/www.garvanacoustic.com\/de\/#website","url":"https:\/\/www.garvanacoustic.com\/de\/","name":"Garvan Acoustic","description":"Diffusori e trattamento acustico: scopri la qualit\u00e0 del Made in Italy","publisher":{"@id":"https:\/\/www.garvanacoustic.com\/de\/#organization"},"potentialAction":[{"@type":"SearchAction","target":{"@type":"EntryPoint","urlTemplate":"https:\/\/www.garvanacoustic.com\/de\/?s={search_term_string}"},"query-input":{"@type":"PropertyValueSpecification","valueRequired":true,"valueName":"search_term_string"}}],"inLanguage":"de"},{"@type":"Organization","@id":"https:\/\/www.garvanacoustic.com\/de\/#organization","name":"Garvan Acoustic","url":"https:\/\/www.garvanacoustic.com\/de\/","logo":{"@type":"ImageObject","inLanguage":"de","@id":"https:\/\/www.garvanacoustic.com\/de\/#\/schema\/logo\/image\/","url":"https:\/\/www.garvanacoustic.com\/wp-content\/uploads\/2018\/07\/garvan-acoustic-logo.png","contentUrl":"https:\/\/www.garvanacoustic.com\/wp-content\/uploads\/2018\/07\/garvan-acoustic-logo.png","width":400,"height":161,"caption":"Garvan Acoustic"},"image":{"@id":"https:\/\/www.garvanacoustic.com\/de\/#\/schema\/logo\/image\/"},"sameAs":["https:\/\/www.facebook.com\/garvanacoustic","https:\/\/www.instagram.com\/garvanacoustic\/"],"description":"Produttori di Diffusori Acustici e Pannelli Fonoassorbenti Made in Italy","email":"garvan@garvanacoustic.com","telephone":"0546 682097"},{"@type":"Person","@id":"https:\/\/www.garvanacoustic.com\/de\/#\/schema\/person\/6a1c1645f07f7a0aa5e018c2f909f355","name":"Tommaso Minardi","image":{"@type":"ImageObject","inLanguage":"de","@id":"https:\/\/secure.gravatar.com\/avatar\/8c401eaabbdcdfbe0fe41e1798828bd51d99183ae86864950e8146a9c5cf079d?s=96&d=mm&r=g","url":"https:\/\/secure.gravatar.com\/avatar\/8c401eaabbdcdfbe0fe41e1798828bd51d99183ae86864950e8146a9c5cf079d?s=96&d=mm&r=g","contentUrl":"https:\/\/secure.gravatar.com\/avatar\/8c401eaabbdcdfbe0fe41e1798828bd51d99183ae86864950e8146a9c5cf079d?s=96&d=mm&r=g","caption":"Tommaso Minardi"},"url":"https:\/\/www.garvanacoustic.com\/de\/author\/studioin3\/"}]}},"_links":{"self":[{"href":"https:\/\/www.garvanacoustic.com\/de\/wp-json\/wp\/v2\/posts\/46927","targetHints":{"allow":["GET"]}}],"collection":[{"href":"https:\/\/www.garvanacoustic.com\/de\/wp-json\/wp\/v2\/posts"}],"about":[{"href":"https:\/\/www.garvanacoustic.com\/de\/wp-json\/wp\/v2\/types\/post"}],"author":[{"embeddable":true,"href":"https:\/\/www.garvanacoustic.com\/de\/wp-json\/wp\/v2\/users\/8"}],"replies":[{"embeddable":true,"href":"https:\/\/www.garvanacoustic.com\/de\/wp-json\/wp\/v2\/comments?post=46927"}],"version-history":[{"count":3,"href":"https:\/\/www.garvanacoustic.com\/de\/wp-json\/wp\/v2\/posts\/46927\/revisions"}],"predecessor-version":[{"id":46936,"href":"https:\/\/www.garvanacoustic.com\/de\/wp-json\/wp\/v2\/posts\/46927\/revisions\/46936"}],"wp:attachment":[{"href":"https:\/\/www.garvanacoustic.com\/de\/wp-json\/wp\/v2\/media?parent=46927"}],"wp:term":[{"taxonomy":"category","embeddable":true,"href":"https:\/\/www.garvanacoustic.com\/de\/wp-json\/wp\/v2\/categories?post=46927"},{"taxonomy":"post_tag","embeddable":true,"href":"https:\/\/www.garvanacoustic.com\/de\/wp-json\/wp\/v2\/tags?post=46927"}],"curies":[{"name":"wp","href":"https:\/\/api.w.org\/{rel}","templated":true}]}}