{"id":51580,"date":"2021-12-13T23:29:19","date_gmt":"2021-12-13T22:29:19","guid":{"rendered":"https:\/\/www.garvanacoustic.com\/?p=51580"},"modified":"2022-04-15T13:48:40","modified_gmt":"2022-04-15T11:48:40","slug":"aussenlautsprecher-und-goccia-von-garvan-im-film-il-campione","status":"publish","type":"post","link":"https:\/\/www.garvanacoustic.com\/de\/referenzen\/film-und-tv-serien\/aussenlautsprecher-und-goccia-von-garvan-im-film-il-campione\/","title":{"rendered":"Au\u00dfenlautsprecher und Goccia von Garvan im Film \u201eIl campione\u201c"},"content":{"rendered":"<section class=\"no-padding\"><div class=\"container\"><div class=\"row\"><div class=\"wpb_column hcode-column-container  col-xs-mobile-fullwidth\" data-front-class=\"col-xs-mobile-fullwidth front-column-class\"><div class=\"vc-column-innner-wrapper\"><div class=\"fit-videos\"><iframe loading=\"lazy\" width=\"866\" height=\"467\"  src=\"https:\/\/www.youtube.com\/embed\/JZG3ryHGkJE?autoplay=0&loop=0\"><\/iframe><\/div><p>Au\u00dfenlautsprecher und Goccia von Garvan im Film \u201eDie Herausforderung des Champions\u201c<\/p>\n<p>Im Film \u201eDie Herausforderung des Champions\u201c mit Stefano Accorsi sind die Au\u00dfenlautsprecher und Goccia von Garvan erneut Protagonisten im Kino.<\/p>\n<p>&nbsp;<\/p>\n<p><a href=\"\/?page_id=26713\">Mehr erfahren \u00fcber Goccia von Garvan<\/a><\/p>\n<p><a href=\"\/?page_id=26712\">Mehr erfahren \u00fcber Garvans Au\u00dfenlautspercher<\/a><\/p>\n<\/div><\/div><\/div><\/div><\/section>","protected":false},"excerpt":{"rendered":"<p>Au\u00dfenlautsprecher und Goccia von Garvan im Film \u201eDie Herausforderung des Champions\u201c Im Film \u201eDie Herausforderung des Champions\u201c mit Stefano Accorsi sind die Au\u00dfenlautsprecher und Goccia von Garvan erneut Protagonisten im Kino. &nbsp; Mehr erfahren \u00fcber Goccia von Garvan Mehr erfahren \u00fcber Garvans Au\u00dfenlautspercher<\/p>\n","protected":false},"author":8,"featured_media":51477,"comment_status":"open","ping_status":"open","sticky":false,"template":"","format":"image","meta":{"_joinchat":[],"footnotes":""},"categories":[1516],"tags":[],"class_list":["post-51580","post","type-post","status-publish","format-image","has-post-thumbnail","hentry","category-film-und-tv-serien","post_format-post-format-image"],"yoast_head":"<!-- This site is optimized with the Yoast SEO Premium plugin v27.4 (Yoast SEO v27.4) - https:\/\/yoast.com\/product\/yoast-seo-premium-wordpress\/ -->\n<title>Au\u00dfenlautsprecher und Goccia von Garvan im Film \u201eIl campione\u201c - Garvan Acoustic<\/title>\n<meta name=\"robots\" content=\"index, follow, max-snippet:-1, max-image-preview:large, max-video-preview:-1\" \/>\n<link rel=\"canonical\" href=\"https:\/\/www.garvanacoustic.com\/de\/referenzen\/film-und-tv-serien\/aussenlautsprecher-und-goccia-von-garvan-im-film-il-campione\/\" \/>\n<meta property=\"og:locale\" content=\"de_DE\" \/>\n<meta property=\"og:type\" content=\"article\" \/>\n<meta property=\"og:title\" content=\"Au\u00dfenlautsprecher und Goccia von Garvan im Film \u201eIl campione\u201c\" \/>\n<meta property=\"og:description\" content=\"Au\u00dfenlautsprecher und Goccia von Garvan im Film \u201eDie Herausforderung des Champions\u201c Im Film \u201eDie Herausforderung des Champions\u201c mit Stefano Accorsi sind die Au\u00dfenlautsprecher und Goccia von Garvan erneut Protagonisten im Kino. &nbsp; Mehr erfahren \u00fcber Goccia von Garvan Mehr erfahren \u00fcber Garvans Au\u00dfenlautspercher\" \/>\n<meta property=\"og:url\" content=\"https:\/\/www.garvanacoustic.com\/de\/referenzen\/film-und-tv-serien\/aussenlautsprecher-und-goccia-von-garvan-im-film-il-campione\/\" \/>\n<meta property=\"og:site_name\" content=\"Garvan Acoustic\" \/>\n<meta property=\"article:publisher\" content=\"https:\/\/www.facebook.com\/garvanacoustic\" \/>\n<meta property=\"article:published_time\" content=\"2021-12-13T22:29:19+00:00\" \/>\n<meta property=\"article:modified_time\" content=\"2022-04-15T11:48:40+00:00\" \/>\n<meta property=\"og:image\" content=\"https:\/\/www.garvanacoustic.com\/wp-content\/uploads\/2021\/12\/il-campione.jpg\" \/>\n\t<meta property=\"og:image:width\" content=\"760\" \/>\n\t<meta property=\"og:image:height\" content=\"570\" \/>\n\t<meta property=\"og:image:type\" content=\"image\/jpeg\" \/>\n<meta name=\"author\" content=\"Tommaso Minardi\" \/>\n<meta name=\"twitter:card\" content=\"summary_large_image\" \/>\n<meta name=\"twitter:label1\" content=\"Verfasst von\" \/>\n\t<meta name=\"twitter:data1\" content=\"Tommaso Minardi\" \/>\n<script type=\"application\/ld+json\" class=\"yoast-schema-graph\">{\"@context\":\"https:\\\/\\\/schema.org\",\"@graph\":[{\"@type\":\"Article\",\"@id\":\"https:\\\/\\\/www.garvanacoustic.com\\\/de\\\/referenzen\\\/film-und-tv-serien\\\/aussenlautsprecher-und-goccia-von-garvan-im-film-il-campione\\\/#article\",\"isPartOf\":{\"@id\":\"https:\\\/\\\/www.garvanacoustic.com\\\/de\\\/referenzen\\\/film-und-tv-serien\\\/aussenlautsprecher-und-goccia-von-garvan-im-film-il-campione\\\/\"},\"author\":{\"name\":\"Tommaso Minardi\",\"@id\":\"https:\\\/\\\/www.garvanacoustic.com\\\/de\\\/#\\\/schema\\\/person\\\/6a1c1645f07f7a0aa5e018c2f909f355\"},\"headline\":\"Au\u00dfenlautsprecher und Goccia von Garvan im Film \u201eIl campione\u201c\",\"datePublished\":\"2021-12-13T22:29:19+00:00\",\"dateModified\":\"2022-04-15T11:48:40+00:00\",\"mainEntityOfPage\":{\"@id\":\"https:\\\/\\\/www.garvanacoustic.com\\\/de\\\/referenzen\\\/film-und-tv-serien\\\/aussenlautsprecher-und-goccia-von-garvan-im-film-il-campione\\\/\"},\"wordCount\":94,\"commentCount\":0,\"publisher\":{\"@id\":\"https:\\\/\\\/www.garvanacoustic.com\\\/de\\\/#organization\"},\"image\":{\"@id\":\"https:\\\/\\\/www.garvanacoustic.com\\\/de\\\/referenzen\\\/film-und-tv-serien\\\/aussenlautsprecher-und-goccia-von-garvan-im-film-il-campione\\\/#primaryimage\"},\"thumbnailUrl\":\"https:\\\/\\\/www.garvanacoustic.com\\\/wp-content\\\/uploads\\\/2021\\\/12\\\/il-campione.jpg\",\"articleSection\":[\"Film und TV-Serien\"],\"inLanguage\":\"de\",\"potentialAction\":[{\"@type\":\"CommentAction\",\"name\":\"Comment\",\"target\":[\"https:\\\/\\\/www.garvanacoustic.com\\\/de\\\/referenzen\\\/film-und-tv-serien\\\/aussenlautsprecher-und-goccia-von-garvan-im-film-il-campione\\\/#respond\"]}]},{\"@type\":\"WebPage\",\"@id\":\"https:\\\/\\\/www.garvanacoustic.com\\\/de\\\/referenzen\\\/film-und-tv-serien\\\/aussenlautsprecher-und-goccia-von-garvan-im-film-il-campione\\\/\",\"url\":\"https:\\\/\\\/www.garvanacoustic.com\\\/de\\\/referenzen\\\/film-und-tv-serien\\\/aussenlautsprecher-und-goccia-von-garvan-im-film-il-campione\\\/\",\"name\":\"Au\u00dfenlautsprecher und Goccia von Garvan im Film \u201eIl campione\u201c - Garvan Acoustic\",\"isPartOf\":{\"@id\":\"https:\\\/\\\/www.garvanacoustic.com\\\/de\\\/#website\"},\"primaryImageOfPage\":{\"@id\":\"https:\\\/\\\/www.garvanacoustic.com\\\/de\\\/referenzen\\\/film-und-tv-serien\\\/aussenlautsprecher-und-goccia-von-garvan-im-film-il-campione\\\/#primaryimage\"},\"image\":{\"@id\":\"https:\\\/\\\/www.garvanacoustic.com\\\/de\\\/referenzen\\\/film-und-tv-serien\\\/aussenlautsprecher-und-goccia-von-garvan-im-film-il-campione\\\/#primaryimage\"},\"thumbnailUrl\":\"https:\\\/\\\/www.garvanacoustic.com\\\/wp-content\\\/uploads\\\/2021\\\/12\\\/il-campione.jpg\",\"datePublished\":\"2021-12-13T22:29:19+00:00\",\"dateModified\":\"2022-04-15T11:48:40+00:00\",\"breadcrumb\":{\"@id\":\"https:\\\/\\\/www.garvanacoustic.com\\\/de\\\/referenzen\\\/film-und-tv-serien\\\/aussenlautsprecher-und-goccia-von-garvan-im-film-il-campione\\\/#breadcrumb\"},\"inLanguage\":\"de\",\"potentialAction\":[{\"@type\":\"ReadAction\",\"target\":[\"https:\\\/\\\/www.garvanacoustic.com\\\/de\\\/referenzen\\\/film-und-tv-serien\\\/aussenlautsprecher-und-goccia-von-garvan-im-film-il-campione\\\/\"]}]},{\"@type\":\"ImageObject\",\"inLanguage\":\"de\",\"@id\":\"https:\\\/\\\/www.garvanacoustic.com\\\/de\\\/referenzen\\\/film-und-tv-serien\\\/aussenlautsprecher-und-goccia-von-garvan-im-film-il-campione\\\/#primaryimage\",\"url\":\"https:\\\/\\\/www.garvanacoustic.com\\\/wp-content\\\/uploads\\\/2021\\\/12\\\/il-campione.jpg\",\"contentUrl\":\"https:\\\/\\\/www.garvanacoustic.com\\\/wp-content\\\/uploads\\\/2021\\\/12\\\/il-campione.jpg\",\"width\":760,\"height\":570},{\"@type\":\"BreadcrumbList\",\"@id\":\"https:\\\/\\\/www.garvanacoustic.com\\\/de\\\/referenzen\\\/film-und-tv-serien\\\/aussenlautsprecher-und-goccia-von-garvan-im-film-il-campione\\\/#breadcrumb\",\"itemListElement\":[{\"@type\":\"ListItem\",\"position\":1,\"name\":\"Home\",\"item\":\"https:\\\/\\\/www.garvanacoustic.com\\\/de\\\/\"},{\"@type\":\"ListItem\",\"position\":2,\"name\":\"Au\u00dfenlautsprecher und Goccia von Garvan im Film \u201eIl campione\u201c\"}]},{\"@type\":\"WebSite\",\"@id\":\"https:\\\/\\\/www.garvanacoustic.com\\\/de\\\/#website\",\"url\":\"https:\\\/\\\/www.garvanacoustic.com\\\/de\\\/\",\"name\":\"Garvan Acoustic\",\"description\":\"Diffusori e trattamento acustico: scopri la qualit\u00e0 del Made in Italy\",\"publisher\":{\"@id\":\"https:\\\/\\\/www.garvanacoustic.com\\\/de\\\/#organization\"},\"potentialAction\":[{\"@type\":\"SearchAction\",\"target\":{\"@type\":\"EntryPoint\",\"urlTemplate\":\"https:\\\/\\\/www.garvanacoustic.com\\\/de\\\/?s={search_term_string}\"},\"query-input\":{\"@type\":\"PropertyValueSpecification\",\"valueRequired\":true,\"valueName\":\"search_term_string\"}}],\"inLanguage\":\"de\"},{\"@type\":\"Organization\",\"@id\":\"https:\\\/\\\/www.garvanacoustic.com\\\/de\\\/#organization\",\"name\":\"Garvan Acoustic\",\"url\":\"https:\\\/\\\/www.garvanacoustic.com\\\/de\\\/\",\"logo\":{\"@type\":\"ImageObject\",\"inLanguage\":\"de\",\"@id\":\"https:\\\/\\\/www.garvanacoustic.com\\\/de\\\/#\\\/schema\\\/logo\\\/image\\\/\",\"url\":\"https:\\\/\\\/www.garvanacoustic.com\\\/wp-content\\\/uploads\\\/2018\\\/07\\\/garvan-acoustic-logo.png\",\"contentUrl\":\"https:\\\/\\\/www.garvanacoustic.com\\\/wp-content\\\/uploads\\\/2018\\\/07\\\/garvan-acoustic-logo.png\",\"width\":400,\"height\":161,\"caption\":\"Garvan Acoustic\"},\"image\":{\"@id\":\"https:\\\/\\\/www.garvanacoustic.com\\\/de\\\/#\\\/schema\\\/logo\\\/image\\\/\"},\"sameAs\":[\"https:\\\/\\\/www.facebook.com\\\/garvanacoustic\",\"https:\\\/\\\/www.instagram.com\\\/garvanacoustic\\\/\"],\"description\":\"Produttori di Diffusori Acustici e Pannelli Fonoassorbenti Made in Italy\",\"email\":\"garvan@garvanacoustic.com\",\"telephone\":\"0546 682097\"},{\"@type\":\"Person\",\"@id\":\"https:\\\/\\\/www.garvanacoustic.com\\\/de\\\/#\\\/schema\\\/person\\\/6a1c1645f07f7a0aa5e018c2f909f355\",\"name\":\"Tommaso Minardi\",\"image\":{\"@type\":\"ImageObject\",\"inLanguage\":\"de\",\"@id\":\"https:\\\/\\\/secure.gravatar.com\\\/avatar\\\/8c401eaabbdcdfbe0fe41e1798828bd51d99183ae86864950e8146a9c5cf079d?s=96&d=mm&r=g\",\"url\":\"https:\\\/\\\/secure.gravatar.com\\\/avatar\\\/8c401eaabbdcdfbe0fe41e1798828bd51d99183ae86864950e8146a9c5cf079d?s=96&d=mm&r=g\",\"contentUrl\":\"https:\\\/\\\/secure.gravatar.com\\\/avatar\\\/8c401eaabbdcdfbe0fe41e1798828bd51d99183ae86864950e8146a9c5cf079d?s=96&d=mm&r=g\",\"caption\":\"Tommaso Minardi\"},\"url\":\"https:\\\/\\\/www.garvanacoustic.com\\\/de\\\/author\\\/studioin3\\\/\"}]}<\/script>\n<!-- \/ Yoast SEO Premium plugin. -->","yoast_head_json":{"title":"Au\u00dfenlautsprecher und Goccia von Garvan im Film \u201eIl campione\u201c - Garvan Acoustic","robots":{"index":"index","follow":"follow","max-snippet":"max-snippet:-1","max-image-preview":"max-image-preview:large","max-video-preview":"max-video-preview:-1"},"canonical":"https:\/\/www.garvanacoustic.com\/de\/referenzen\/film-und-tv-serien\/aussenlautsprecher-und-goccia-von-garvan-im-film-il-campione\/","og_locale":"de_DE","og_type":"article","og_title":"Au\u00dfenlautsprecher und Goccia von Garvan im Film \u201eIl campione\u201c","og_description":"Au\u00dfenlautsprecher und Goccia von Garvan im Film \u201eDie Herausforderung des Champions\u201c Im Film \u201eDie Herausforderung des Champions\u201c mit Stefano Accorsi sind die Au\u00dfenlautsprecher und Goccia von Garvan erneut Protagonisten im Kino. &nbsp; Mehr erfahren \u00fcber Goccia von Garvan Mehr erfahren \u00fcber Garvans Au\u00dfenlautspercher","og_url":"https:\/\/www.garvanacoustic.com\/de\/referenzen\/film-und-tv-serien\/aussenlautsprecher-und-goccia-von-garvan-im-film-il-campione\/","og_site_name":"Garvan Acoustic","article_publisher":"https:\/\/www.facebook.com\/garvanacoustic","article_published_time":"2021-12-13T22:29:19+00:00","article_modified_time":"2022-04-15T11:48:40+00:00","og_image":[{"width":760,"height":570,"url":"https:\/\/www.garvanacoustic.com\/wp-content\/uploads\/2021\/12\/il-campione.jpg","type":"image\/jpeg"}],"author":"Tommaso Minardi","twitter_card":"summary_large_image","twitter_misc":{"Verfasst von":"Tommaso Minardi"},"schema":{"@context":"https:\/\/schema.org","@graph":[{"@type":"Article","@id":"https:\/\/www.garvanacoustic.com\/de\/referenzen\/film-und-tv-serien\/aussenlautsprecher-und-goccia-von-garvan-im-film-il-campione\/#article","isPartOf":{"@id":"https:\/\/www.garvanacoustic.com\/de\/referenzen\/film-und-tv-serien\/aussenlautsprecher-und-goccia-von-garvan-im-film-il-campione\/"},"author":{"name":"Tommaso Minardi","@id":"https:\/\/www.garvanacoustic.com\/de\/#\/schema\/person\/6a1c1645f07f7a0aa5e018c2f909f355"},"headline":"Au\u00dfenlautsprecher und Goccia von Garvan im Film \u201eIl campione\u201c","datePublished":"2021-12-13T22:29:19+00:00","dateModified":"2022-04-15T11:48:40+00:00","mainEntityOfPage":{"@id":"https:\/\/www.garvanacoustic.com\/de\/referenzen\/film-und-tv-serien\/aussenlautsprecher-und-goccia-von-garvan-im-film-il-campione\/"},"wordCount":94,"commentCount":0,"publisher":{"@id":"https:\/\/www.garvanacoustic.com\/de\/#organization"},"image":{"@id":"https:\/\/www.garvanacoustic.com\/de\/referenzen\/film-und-tv-serien\/aussenlautsprecher-und-goccia-von-garvan-im-film-il-campione\/#primaryimage"},"thumbnailUrl":"https:\/\/www.garvanacoustic.com\/wp-content\/uploads\/2021\/12\/il-campione.jpg","articleSection":["Film und TV-Serien"],"inLanguage":"de","potentialAction":[{"@type":"CommentAction","name":"Comment","target":["https:\/\/www.garvanacoustic.com\/de\/referenzen\/film-und-tv-serien\/aussenlautsprecher-und-goccia-von-garvan-im-film-il-campione\/#respond"]}]},{"@type":"WebPage","@id":"https:\/\/www.garvanacoustic.com\/de\/referenzen\/film-und-tv-serien\/aussenlautsprecher-und-goccia-von-garvan-im-film-il-campione\/","url":"https:\/\/www.garvanacoustic.com\/de\/referenzen\/film-und-tv-serien\/aussenlautsprecher-und-goccia-von-garvan-im-film-il-campione\/","name":"Au\u00dfenlautsprecher und Goccia von Garvan im Film \u201eIl campione\u201c - Garvan Acoustic","isPartOf":{"@id":"https:\/\/www.garvanacoustic.com\/de\/#website"},"primaryImageOfPage":{"@id":"https:\/\/www.garvanacoustic.com\/de\/referenzen\/film-und-tv-serien\/aussenlautsprecher-und-goccia-von-garvan-im-film-il-campione\/#primaryimage"},"image":{"@id":"https:\/\/www.garvanacoustic.com\/de\/referenzen\/film-und-tv-serien\/aussenlautsprecher-und-goccia-von-garvan-im-film-il-campione\/#primaryimage"},"thumbnailUrl":"https:\/\/www.garvanacoustic.com\/wp-content\/uploads\/2021\/12\/il-campione.jpg","datePublished":"2021-12-13T22:29:19+00:00","dateModified":"2022-04-15T11:48:40+00:00","breadcrumb":{"@id":"https:\/\/www.garvanacoustic.com\/de\/referenzen\/film-und-tv-serien\/aussenlautsprecher-und-goccia-von-garvan-im-film-il-campione\/#breadcrumb"},"inLanguage":"de","potentialAction":[{"@type":"ReadAction","target":["https:\/\/www.garvanacoustic.com\/de\/referenzen\/film-und-tv-serien\/aussenlautsprecher-und-goccia-von-garvan-im-film-il-campione\/"]}]},{"@type":"ImageObject","inLanguage":"de","@id":"https:\/\/www.garvanacoustic.com\/de\/referenzen\/film-und-tv-serien\/aussenlautsprecher-und-goccia-von-garvan-im-film-il-campione\/#primaryimage","url":"https:\/\/www.garvanacoustic.com\/wp-content\/uploads\/2021\/12\/il-campione.jpg","contentUrl":"https:\/\/www.garvanacoustic.com\/wp-content\/uploads\/2021\/12\/il-campione.jpg","width":760,"height":570},{"@type":"BreadcrumbList","@id":"https:\/\/www.garvanacoustic.com\/de\/referenzen\/film-und-tv-serien\/aussenlautsprecher-und-goccia-von-garvan-im-film-il-campione\/#breadcrumb","itemListElement":[{"@type":"ListItem","position":1,"name":"Home","item":"https:\/\/www.garvanacoustic.com\/de\/"},{"@type":"ListItem","position":2,"name":"Au\u00dfenlautsprecher und Goccia von Garvan im Film \u201eIl campione\u201c"}]},{"@type":"WebSite","@id":"https:\/\/www.garvanacoustic.com\/de\/#website","url":"https:\/\/www.garvanacoustic.com\/de\/","name":"Garvan Acoustic","description":"Diffusori e trattamento acustico: scopri la qualit\u00e0 del Made in Italy","publisher":{"@id":"https:\/\/www.garvanacoustic.com\/de\/#organization"},"potentialAction":[{"@type":"SearchAction","target":{"@type":"EntryPoint","urlTemplate":"https:\/\/www.garvanacoustic.com\/de\/?s={search_term_string}"},"query-input":{"@type":"PropertyValueSpecification","valueRequired":true,"valueName":"search_term_string"}}],"inLanguage":"de"},{"@type":"Organization","@id":"https:\/\/www.garvanacoustic.com\/de\/#organization","name":"Garvan Acoustic","url":"https:\/\/www.garvanacoustic.com\/de\/","logo":{"@type":"ImageObject","inLanguage":"de","@id":"https:\/\/www.garvanacoustic.com\/de\/#\/schema\/logo\/image\/","url":"https:\/\/www.garvanacoustic.com\/wp-content\/uploads\/2018\/07\/garvan-acoustic-logo.png","contentUrl":"https:\/\/www.garvanacoustic.com\/wp-content\/uploads\/2018\/07\/garvan-acoustic-logo.png","width":400,"height":161,"caption":"Garvan Acoustic"},"image":{"@id":"https:\/\/www.garvanacoustic.com\/de\/#\/schema\/logo\/image\/"},"sameAs":["https:\/\/www.facebook.com\/garvanacoustic","https:\/\/www.instagram.com\/garvanacoustic\/"],"description":"Produttori di Diffusori Acustici e Pannelli Fonoassorbenti Made in Italy","email":"garvan@garvanacoustic.com","telephone":"0546 682097"},{"@type":"Person","@id":"https:\/\/www.garvanacoustic.com\/de\/#\/schema\/person\/6a1c1645f07f7a0aa5e018c2f909f355","name":"Tommaso Minardi","image":{"@type":"ImageObject","inLanguage":"de","@id":"https:\/\/secure.gravatar.com\/avatar\/8c401eaabbdcdfbe0fe41e1798828bd51d99183ae86864950e8146a9c5cf079d?s=96&d=mm&r=g","url":"https:\/\/secure.gravatar.com\/avatar\/8c401eaabbdcdfbe0fe41e1798828bd51d99183ae86864950e8146a9c5cf079d?s=96&d=mm&r=g","contentUrl":"https:\/\/secure.gravatar.com\/avatar\/8c401eaabbdcdfbe0fe41e1798828bd51d99183ae86864950e8146a9c5cf079d?s=96&d=mm&r=g","caption":"Tommaso Minardi"},"url":"https:\/\/www.garvanacoustic.com\/de\/author\/studioin3\/"}]}},"_links":{"self":[{"href":"https:\/\/www.garvanacoustic.com\/de\/wp-json\/wp\/v2\/posts\/51580","targetHints":{"allow":["GET"]}}],"collection":[{"href":"https:\/\/www.garvanacoustic.com\/de\/wp-json\/wp\/v2\/posts"}],"about":[{"href":"https:\/\/www.garvanacoustic.com\/de\/wp-json\/wp\/v2\/types\/post"}],"author":[{"embeddable":true,"href":"https:\/\/www.garvanacoustic.com\/de\/wp-json\/wp\/v2\/users\/8"}],"replies":[{"embeddable":true,"href":"https:\/\/www.garvanacoustic.com\/de\/wp-json\/wp\/v2\/comments?post=51580"}],"version-history":[{"count":4,"href":"https:\/\/www.garvanacoustic.com\/de\/wp-json\/wp\/v2\/posts\/51580\/revisions"}],"predecessor-version":[{"id":53889,"href":"https:\/\/www.garvanacoustic.com\/de\/wp-json\/wp\/v2\/posts\/51580\/revisions\/53889"}],"wp:featuredmedia":[{"embeddable":true,"href":"https:\/\/www.garvanacoustic.com\/de\/wp-json\/wp\/v2\/media\/51477"}],"wp:attachment":[{"href":"https:\/\/www.garvanacoustic.com\/de\/wp-json\/wp\/v2\/media?parent=51580"}],"wp:term":[{"taxonomy":"category","embeddable":true,"href":"https:\/\/www.garvanacoustic.com\/de\/wp-json\/wp\/v2\/categories?post=51580"},{"taxonomy":"post_tag","embeddable":true,"href":"https:\/\/www.garvanacoustic.com\/de\/wp-json\/wp\/v2\/tags?post=51580"}],"curies":[{"name":"wp","href":"https:\/\/api.w.org\/{rel}","templated":true}]}}