{"id":53784,"date":"2021-12-30T10:02:50","date_gmt":"2021-12-30T09:02:50","guid":{"rendered":"https:\/\/www.garvanacoustic.com\/?p=53784"},"modified":"2023-11-15T09:23:26","modified_gmt":"2023-11-15T08:23:26","slug":"auftritt-von-goccia-in-der-tv-serie-il-bello-delle-donne","status":"publish","type":"post","link":"https:\/\/www.garvanacoustic.com\/de\/referenzen\/film-und-tv-serien\/auftritt-von-goccia-in-der-tv-serie-il-bello-delle-donne\/","title":{"rendered":"Auftritt von Goccia in der TV-Serie \u201eIl bello delle donne\u201c"},"content":{"rendered":"<section class=\"no-padding\"><div class=\"container\"><div class=\"row\"><div class=\"wpb_column hcode-column-container  col-xs-mobile-fullwidth\" data-front-class=\"col-xs-mobile-fullwidth front-column-class\"><div class=\"vc-column-innner-wrapper\"><p>Die Sch\u00f6nheit der Frauen ... ein paar Jahre sp\u00e4ter.<\/p>\n<p>Einen besonderen Auftritt hatte Goccia in der bekannten italienischen Fernsehserie \u201eIl bello delle donne\u201c.<\/p>\n<p>Hier sehen Sie Garvans Lautsprecher Goccia auf der B\u00fchne mit der wundersch\u00f6nen Schauspielerin Manuela Arcuri!<\/p>\n<p>Erfahren Sie mehr \u00fcber Goccia<\/p>\n<p><a href=\"\/?page_id=26668\">Mehr \u00fcber Goccia Lautsprecher erfahren<\/a><br \/>\nSehen Sie sich die Serie auf Infinity an<\/p>\n<\/div><\/div><\/div><\/div><\/section>","protected":false},"excerpt":{"rendered":"<p>Die Sch\u00f6nheit der Frauen &#8230; ein paar Jahre sp\u00e4ter. Einen besonderen Auftritt hatte Goccia in der bekannten italienischen Fernsehserie \u201eIl bello delle donne\u201c. Hier sehen Sie Garvans Lautsprecher Goccia auf der B\u00fchne mit der wundersch\u00f6nen Schauspielerin Manuela Arcuri! Erfahren Sie mehr \u00fcber Goccia Mehr \u00fcber Goccia Lautsprecher erfahren Sehen Sie sich die Serie auf Infinity [&hellip;]<\/p>\n","protected":false},"author":8,"featured_media":52444,"comment_status":"open","ping_status":"open","sticky":false,"template":"","format":"image","meta":{"_joinchat":[],"footnotes":""},"categories":[1516],"tags":[],"class_list":["post-53784","post","type-post","status-publish","format-image","has-post-thumbnail","hentry","category-film-und-tv-serien","post_format-post-format-image"],"yoast_head":"<!-- This site is optimized with the Yoast SEO Premium plugin v27.4 (Yoast SEO v27.4) - https:\/\/yoast.com\/product\/yoast-seo-premium-wordpress\/ -->\n<title>Auftritt von Goccia in der TV-Serie \u201eIl bello delle donne\u201c - Garvan Acoustic<\/title>\n<meta name=\"description\" content=\"Einen besonderen Auftritt von den Lautsprechern Goccia in der bekannten italienischen Fernsehserie \u201eIl bello delle donne\u201c\" \/>\n<meta name=\"robots\" content=\"index, follow, max-snippet:-1, max-image-preview:large, max-video-preview:-1\" \/>\n<link rel=\"canonical\" href=\"https:\/\/www.garvanacoustic.com\/de\/referenzen\/film-und-tv-serien\/auftritt-von-goccia-in-der-tv-serie-il-bello-delle-donne\/\" \/>\n<meta property=\"og:locale\" content=\"de_DE\" \/>\n<meta property=\"og:type\" content=\"article\" \/>\n<meta property=\"og:title\" content=\"Auftritt von Goccia in der TV-Serie \u201eIl bello delle donne\u201c\" \/>\n<meta property=\"og:description\" content=\"Einen besonderen Auftritt von den Lautsprechern Goccia in der bekannten italienischen Fernsehserie \u201eIl bello delle donne\u201c\" \/>\n<meta property=\"og:url\" content=\"https:\/\/www.garvanacoustic.com\/de\/referenzen\/film-und-tv-serien\/auftritt-von-goccia-in-der-tv-serie-il-bello-delle-donne\/\" \/>\n<meta property=\"og:site_name\" content=\"Garvan Acoustic\" \/>\n<meta property=\"article:publisher\" content=\"https:\/\/www.facebook.com\/garvanacoustic\" \/>\n<meta property=\"article:published_time\" content=\"2021-12-30T09:02:50+00:00\" \/>\n<meta property=\"article:modified_time\" content=\"2023-11-15T08:23:26+00:00\" \/>\n<meta property=\"og:image\" content=\"https:\/\/www.garvanacoustic.com\/wp-content\/uploads\/2021\/12\/Il-bello-delle-donne-alcuni-anni-dopo.jpg\" \/>\n\t<meta property=\"og:image:width\" content=\"760\" \/>\n\t<meta property=\"og:image:height\" content=\"570\" \/>\n\t<meta property=\"og:image:type\" content=\"image\/jpeg\" \/>\n<meta name=\"author\" content=\"Tommaso Minardi\" \/>\n<meta name=\"twitter:card\" content=\"summary_large_image\" \/>\n<meta name=\"twitter:label1\" content=\"Verfasst von\" \/>\n\t<meta name=\"twitter:data1\" content=\"Tommaso Minardi\" \/>\n<script type=\"application\/ld+json\" class=\"yoast-schema-graph\">{\"@context\":\"https:\\\/\\\/schema.org\",\"@graph\":[{\"@type\":\"Article\",\"@id\":\"https:\\\/\\\/www.garvanacoustic.com\\\/de\\\/referenzen\\\/film-und-tv-serien\\\/auftritt-von-goccia-in-der-tv-serie-il-bello-delle-donne\\\/#article\",\"isPartOf\":{\"@id\":\"https:\\\/\\\/www.garvanacoustic.com\\\/de\\\/referenzen\\\/film-und-tv-serien\\\/auftritt-von-goccia-in-der-tv-serie-il-bello-delle-donne\\\/\"},\"author\":{\"name\":\"Tommaso Minardi\",\"@id\":\"https:\\\/\\\/www.garvanacoustic.com\\\/de\\\/#\\\/schema\\\/person\\\/6a1c1645f07f7a0aa5e018c2f909f355\"},\"headline\":\"Auftritt von Goccia in der TV-Serie \u201eIl bello delle donne\u201c\",\"datePublished\":\"2021-12-30T09:02:50+00:00\",\"dateModified\":\"2023-11-15T08:23:26+00:00\",\"mainEntityOfPage\":{\"@id\":\"https:\\\/\\\/www.garvanacoustic.com\\\/de\\\/referenzen\\\/film-und-tv-serien\\\/auftritt-von-goccia-in-der-tv-serie-il-bello-delle-donne\\\/\"},\"wordCount\":88,\"commentCount\":0,\"publisher\":{\"@id\":\"https:\\\/\\\/www.garvanacoustic.com\\\/de\\\/#organization\"},\"image\":{\"@id\":\"https:\\\/\\\/www.garvanacoustic.com\\\/de\\\/referenzen\\\/film-und-tv-serien\\\/auftritt-von-goccia-in-der-tv-serie-il-bello-delle-donne\\\/#primaryimage\"},\"thumbnailUrl\":\"https:\\\/\\\/www.garvanacoustic.com\\\/wp-content\\\/uploads\\\/2021\\\/12\\\/Il-bello-delle-donne-alcuni-anni-dopo.jpg\",\"articleSection\":[\"Film und TV-Serien\"],\"inLanguage\":\"de\",\"potentialAction\":[{\"@type\":\"CommentAction\",\"name\":\"Comment\",\"target\":[\"https:\\\/\\\/www.garvanacoustic.com\\\/de\\\/referenzen\\\/film-und-tv-serien\\\/auftritt-von-goccia-in-der-tv-serie-il-bello-delle-donne\\\/#respond\"]}]},{\"@type\":\"WebPage\",\"@id\":\"https:\\\/\\\/www.garvanacoustic.com\\\/de\\\/referenzen\\\/film-und-tv-serien\\\/auftritt-von-goccia-in-der-tv-serie-il-bello-delle-donne\\\/\",\"url\":\"https:\\\/\\\/www.garvanacoustic.com\\\/de\\\/referenzen\\\/film-und-tv-serien\\\/auftritt-von-goccia-in-der-tv-serie-il-bello-delle-donne\\\/\",\"name\":\"Auftritt von Goccia in der TV-Serie \u201eIl bello delle donne\u201c - Garvan Acoustic\",\"isPartOf\":{\"@id\":\"https:\\\/\\\/www.garvanacoustic.com\\\/de\\\/#website\"},\"primaryImageOfPage\":{\"@id\":\"https:\\\/\\\/www.garvanacoustic.com\\\/de\\\/referenzen\\\/film-und-tv-serien\\\/auftritt-von-goccia-in-der-tv-serie-il-bello-delle-donne\\\/#primaryimage\"},\"image\":{\"@id\":\"https:\\\/\\\/www.garvanacoustic.com\\\/de\\\/referenzen\\\/film-und-tv-serien\\\/auftritt-von-goccia-in-der-tv-serie-il-bello-delle-donne\\\/#primaryimage\"},\"thumbnailUrl\":\"https:\\\/\\\/www.garvanacoustic.com\\\/wp-content\\\/uploads\\\/2021\\\/12\\\/Il-bello-delle-donne-alcuni-anni-dopo.jpg\",\"datePublished\":\"2021-12-30T09:02:50+00:00\",\"dateModified\":\"2023-11-15T08:23:26+00:00\",\"description\":\"Einen besonderen Auftritt von den Lautsprechern Goccia in der bekannten italienischen Fernsehserie \u201eIl bello delle donne\u201c\",\"breadcrumb\":{\"@id\":\"https:\\\/\\\/www.garvanacoustic.com\\\/de\\\/referenzen\\\/film-und-tv-serien\\\/auftritt-von-goccia-in-der-tv-serie-il-bello-delle-donne\\\/#breadcrumb\"},\"inLanguage\":\"de\",\"potentialAction\":[{\"@type\":\"ReadAction\",\"target\":[\"https:\\\/\\\/www.garvanacoustic.com\\\/de\\\/referenzen\\\/film-und-tv-serien\\\/auftritt-von-goccia-in-der-tv-serie-il-bello-delle-donne\\\/\"]}]},{\"@type\":\"ImageObject\",\"inLanguage\":\"de\",\"@id\":\"https:\\\/\\\/www.garvanacoustic.com\\\/de\\\/referenzen\\\/film-und-tv-serien\\\/auftritt-von-goccia-in-der-tv-serie-il-bello-delle-donne\\\/#primaryimage\",\"url\":\"https:\\\/\\\/www.garvanacoustic.com\\\/wp-content\\\/uploads\\\/2021\\\/12\\\/Il-bello-delle-donne-alcuni-anni-dopo.jpg\",\"contentUrl\":\"https:\\\/\\\/www.garvanacoustic.com\\\/wp-content\\\/uploads\\\/2021\\\/12\\\/Il-bello-delle-donne-alcuni-anni-dopo.jpg\",\"width\":760,\"height\":570},{\"@type\":\"BreadcrumbList\",\"@id\":\"https:\\\/\\\/www.garvanacoustic.com\\\/de\\\/referenzen\\\/film-und-tv-serien\\\/auftritt-von-goccia-in-der-tv-serie-il-bello-delle-donne\\\/#breadcrumb\",\"itemListElement\":[{\"@type\":\"ListItem\",\"position\":1,\"name\":\"Home\",\"item\":\"https:\\\/\\\/www.garvanacoustic.com\\\/de\\\/\"},{\"@type\":\"ListItem\",\"position\":2,\"name\":\"Auftritt von Goccia in der TV-Serie \u201eIl bello delle donne\u201c\"}]},{\"@type\":\"WebSite\",\"@id\":\"https:\\\/\\\/www.garvanacoustic.com\\\/de\\\/#website\",\"url\":\"https:\\\/\\\/www.garvanacoustic.com\\\/de\\\/\",\"name\":\"Garvan Acoustic\",\"description\":\"Diffusori e trattamento acustico: scopri la qualit\u00e0 del Made in Italy\",\"publisher\":{\"@id\":\"https:\\\/\\\/www.garvanacoustic.com\\\/de\\\/#organization\"},\"potentialAction\":[{\"@type\":\"SearchAction\",\"target\":{\"@type\":\"EntryPoint\",\"urlTemplate\":\"https:\\\/\\\/www.garvanacoustic.com\\\/de\\\/?s={search_term_string}\"},\"query-input\":{\"@type\":\"PropertyValueSpecification\",\"valueRequired\":true,\"valueName\":\"search_term_string\"}}],\"inLanguage\":\"de\"},{\"@type\":\"Organization\",\"@id\":\"https:\\\/\\\/www.garvanacoustic.com\\\/de\\\/#organization\",\"name\":\"Garvan Acoustic\",\"url\":\"https:\\\/\\\/www.garvanacoustic.com\\\/de\\\/\",\"logo\":{\"@type\":\"ImageObject\",\"inLanguage\":\"de\",\"@id\":\"https:\\\/\\\/www.garvanacoustic.com\\\/de\\\/#\\\/schema\\\/logo\\\/image\\\/\",\"url\":\"https:\\\/\\\/www.garvanacoustic.com\\\/wp-content\\\/uploads\\\/2018\\\/07\\\/garvan-acoustic-logo.png\",\"contentUrl\":\"https:\\\/\\\/www.garvanacoustic.com\\\/wp-content\\\/uploads\\\/2018\\\/07\\\/garvan-acoustic-logo.png\",\"width\":400,\"height\":161,\"caption\":\"Garvan Acoustic\"},\"image\":{\"@id\":\"https:\\\/\\\/www.garvanacoustic.com\\\/de\\\/#\\\/schema\\\/logo\\\/image\\\/\"},\"sameAs\":[\"https:\\\/\\\/www.facebook.com\\\/garvanacoustic\",\"https:\\\/\\\/www.instagram.com\\\/garvanacoustic\\\/\"],\"description\":\"Produttori di Diffusori Acustici e Pannelli Fonoassorbenti Made in Italy\",\"email\":\"garvan@garvanacoustic.com\",\"telephone\":\"0546 682097\"},{\"@type\":\"Person\",\"@id\":\"https:\\\/\\\/www.garvanacoustic.com\\\/de\\\/#\\\/schema\\\/person\\\/6a1c1645f07f7a0aa5e018c2f909f355\",\"name\":\"Tommaso Minardi\",\"image\":{\"@type\":\"ImageObject\",\"inLanguage\":\"de\",\"@id\":\"https:\\\/\\\/secure.gravatar.com\\\/avatar\\\/8c401eaabbdcdfbe0fe41e1798828bd51d99183ae86864950e8146a9c5cf079d?s=96&d=mm&r=g\",\"url\":\"https:\\\/\\\/secure.gravatar.com\\\/avatar\\\/8c401eaabbdcdfbe0fe41e1798828bd51d99183ae86864950e8146a9c5cf079d?s=96&d=mm&r=g\",\"contentUrl\":\"https:\\\/\\\/secure.gravatar.com\\\/avatar\\\/8c401eaabbdcdfbe0fe41e1798828bd51d99183ae86864950e8146a9c5cf079d?s=96&d=mm&r=g\",\"caption\":\"Tommaso Minardi\"},\"url\":\"https:\\\/\\\/www.garvanacoustic.com\\\/de\\\/author\\\/studioin3\\\/\"}]}<\/script>\n<!-- \/ Yoast SEO Premium plugin. -->","yoast_head_json":{"title":"Auftritt von Goccia in der TV-Serie \u201eIl bello delle donne\u201c - Garvan Acoustic","description":"Einen besonderen Auftritt von den Lautsprechern Goccia in der bekannten italienischen Fernsehserie \u201eIl bello delle donne\u201c","robots":{"index":"index","follow":"follow","max-snippet":"max-snippet:-1","max-image-preview":"max-image-preview:large","max-video-preview":"max-video-preview:-1"},"canonical":"https:\/\/www.garvanacoustic.com\/de\/referenzen\/film-und-tv-serien\/auftritt-von-goccia-in-der-tv-serie-il-bello-delle-donne\/","og_locale":"de_DE","og_type":"article","og_title":"Auftritt von Goccia in der TV-Serie \u201eIl bello delle donne\u201c","og_description":"Einen besonderen Auftritt von den Lautsprechern Goccia in der bekannten italienischen Fernsehserie \u201eIl bello delle donne\u201c","og_url":"https:\/\/www.garvanacoustic.com\/de\/referenzen\/film-und-tv-serien\/auftritt-von-goccia-in-der-tv-serie-il-bello-delle-donne\/","og_site_name":"Garvan Acoustic","article_publisher":"https:\/\/www.facebook.com\/garvanacoustic","article_published_time":"2021-12-30T09:02:50+00:00","article_modified_time":"2023-11-15T08:23:26+00:00","og_image":[{"width":760,"height":570,"url":"https:\/\/www.garvanacoustic.com\/wp-content\/uploads\/2021\/12\/Il-bello-delle-donne-alcuni-anni-dopo.jpg","type":"image\/jpeg"}],"author":"Tommaso Minardi","twitter_card":"summary_large_image","twitter_misc":{"Verfasst von":"Tommaso Minardi"},"schema":{"@context":"https:\/\/schema.org","@graph":[{"@type":"Article","@id":"https:\/\/www.garvanacoustic.com\/de\/referenzen\/film-und-tv-serien\/auftritt-von-goccia-in-der-tv-serie-il-bello-delle-donne\/#article","isPartOf":{"@id":"https:\/\/www.garvanacoustic.com\/de\/referenzen\/film-und-tv-serien\/auftritt-von-goccia-in-der-tv-serie-il-bello-delle-donne\/"},"author":{"name":"Tommaso Minardi","@id":"https:\/\/www.garvanacoustic.com\/de\/#\/schema\/person\/6a1c1645f07f7a0aa5e018c2f909f355"},"headline":"Auftritt von Goccia in der TV-Serie \u201eIl bello delle donne\u201c","datePublished":"2021-12-30T09:02:50+00:00","dateModified":"2023-11-15T08:23:26+00:00","mainEntityOfPage":{"@id":"https:\/\/www.garvanacoustic.com\/de\/referenzen\/film-und-tv-serien\/auftritt-von-goccia-in-der-tv-serie-il-bello-delle-donne\/"},"wordCount":88,"commentCount":0,"publisher":{"@id":"https:\/\/www.garvanacoustic.com\/de\/#organization"},"image":{"@id":"https:\/\/www.garvanacoustic.com\/de\/referenzen\/film-und-tv-serien\/auftritt-von-goccia-in-der-tv-serie-il-bello-delle-donne\/#primaryimage"},"thumbnailUrl":"https:\/\/www.garvanacoustic.com\/wp-content\/uploads\/2021\/12\/Il-bello-delle-donne-alcuni-anni-dopo.jpg","articleSection":["Film und TV-Serien"],"inLanguage":"de","potentialAction":[{"@type":"CommentAction","name":"Comment","target":["https:\/\/www.garvanacoustic.com\/de\/referenzen\/film-und-tv-serien\/auftritt-von-goccia-in-der-tv-serie-il-bello-delle-donne\/#respond"]}]},{"@type":"WebPage","@id":"https:\/\/www.garvanacoustic.com\/de\/referenzen\/film-und-tv-serien\/auftritt-von-goccia-in-der-tv-serie-il-bello-delle-donne\/","url":"https:\/\/www.garvanacoustic.com\/de\/referenzen\/film-und-tv-serien\/auftritt-von-goccia-in-der-tv-serie-il-bello-delle-donne\/","name":"Auftritt von Goccia in der TV-Serie \u201eIl bello delle donne\u201c - Garvan Acoustic","isPartOf":{"@id":"https:\/\/www.garvanacoustic.com\/de\/#website"},"primaryImageOfPage":{"@id":"https:\/\/www.garvanacoustic.com\/de\/referenzen\/film-und-tv-serien\/auftritt-von-goccia-in-der-tv-serie-il-bello-delle-donne\/#primaryimage"},"image":{"@id":"https:\/\/www.garvanacoustic.com\/de\/referenzen\/film-und-tv-serien\/auftritt-von-goccia-in-der-tv-serie-il-bello-delle-donne\/#primaryimage"},"thumbnailUrl":"https:\/\/www.garvanacoustic.com\/wp-content\/uploads\/2021\/12\/Il-bello-delle-donne-alcuni-anni-dopo.jpg","datePublished":"2021-12-30T09:02:50+00:00","dateModified":"2023-11-15T08:23:26+00:00","description":"Einen besonderen Auftritt von den Lautsprechern Goccia in der bekannten italienischen Fernsehserie \u201eIl bello delle donne\u201c","breadcrumb":{"@id":"https:\/\/www.garvanacoustic.com\/de\/referenzen\/film-und-tv-serien\/auftritt-von-goccia-in-der-tv-serie-il-bello-delle-donne\/#breadcrumb"},"inLanguage":"de","potentialAction":[{"@type":"ReadAction","target":["https:\/\/www.garvanacoustic.com\/de\/referenzen\/film-und-tv-serien\/auftritt-von-goccia-in-der-tv-serie-il-bello-delle-donne\/"]}]},{"@type":"ImageObject","inLanguage":"de","@id":"https:\/\/www.garvanacoustic.com\/de\/referenzen\/film-und-tv-serien\/auftritt-von-goccia-in-der-tv-serie-il-bello-delle-donne\/#primaryimage","url":"https:\/\/www.garvanacoustic.com\/wp-content\/uploads\/2021\/12\/Il-bello-delle-donne-alcuni-anni-dopo.jpg","contentUrl":"https:\/\/www.garvanacoustic.com\/wp-content\/uploads\/2021\/12\/Il-bello-delle-donne-alcuni-anni-dopo.jpg","width":760,"height":570},{"@type":"BreadcrumbList","@id":"https:\/\/www.garvanacoustic.com\/de\/referenzen\/film-und-tv-serien\/auftritt-von-goccia-in-der-tv-serie-il-bello-delle-donne\/#breadcrumb","itemListElement":[{"@type":"ListItem","position":1,"name":"Home","item":"https:\/\/www.garvanacoustic.com\/de\/"},{"@type":"ListItem","position":2,"name":"Auftritt von Goccia in der TV-Serie \u201eIl bello delle donne\u201c"}]},{"@type":"WebSite","@id":"https:\/\/www.garvanacoustic.com\/de\/#website","url":"https:\/\/www.garvanacoustic.com\/de\/","name":"Garvan Acoustic","description":"Diffusori e trattamento acustico: scopri la qualit\u00e0 del Made in Italy","publisher":{"@id":"https:\/\/www.garvanacoustic.com\/de\/#organization"},"potentialAction":[{"@type":"SearchAction","target":{"@type":"EntryPoint","urlTemplate":"https:\/\/www.garvanacoustic.com\/de\/?s={search_term_string}"},"query-input":{"@type":"PropertyValueSpecification","valueRequired":true,"valueName":"search_term_string"}}],"inLanguage":"de"},{"@type":"Organization","@id":"https:\/\/www.garvanacoustic.com\/de\/#organization","name":"Garvan Acoustic","url":"https:\/\/www.garvanacoustic.com\/de\/","logo":{"@type":"ImageObject","inLanguage":"de","@id":"https:\/\/www.garvanacoustic.com\/de\/#\/schema\/logo\/image\/","url":"https:\/\/www.garvanacoustic.com\/wp-content\/uploads\/2018\/07\/garvan-acoustic-logo.png","contentUrl":"https:\/\/www.garvanacoustic.com\/wp-content\/uploads\/2018\/07\/garvan-acoustic-logo.png","width":400,"height":161,"caption":"Garvan Acoustic"},"image":{"@id":"https:\/\/www.garvanacoustic.com\/de\/#\/schema\/logo\/image\/"},"sameAs":["https:\/\/www.facebook.com\/garvanacoustic","https:\/\/www.instagram.com\/garvanacoustic\/"],"description":"Produttori di Diffusori Acustici e Pannelli Fonoassorbenti Made in Italy","email":"garvan@garvanacoustic.com","telephone":"0546 682097"},{"@type":"Person","@id":"https:\/\/www.garvanacoustic.com\/de\/#\/schema\/person\/6a1c1645f07f7a0aa5e018c2f909f355","name":"Tommaso Minardi","image":{"@type":"ImageObject","inLanguage":"de","@id":"https:\/\/secure.gravatar.com\/avatar\/8c401eaabbdcdfbe0fe41e1798828bd51d99183ae86864950e8146a9c5cf079d?s=96&d=mm&r=g","url":"https:\/\/secure.gravatar.com\/avatar\/8c401eaabbdcdfbe0fe41e1798828bd51d99183ae86864950e8146a9c5cf079d?s=96&d=mm&r=g","contentUrl":"https:\/\/secure.gravatar.com\/avatar\/8c401eaabbdcdfbe0fe41e1798828bd51d99183ae86864950e8146a9c5cf079d?s=96&d=mm&r=g","caption":"Tommaso Minardi"},"url":"https:\/\/www.garvanacoustic.com\/de\/author\/studioin3\/"}]}},"_links":{"self":[{"href":"https:\/\/www.garvanacoustic.com\/de\/wp-json\/wp\/v2\/posts\/53784","targetHints":{"allow":["GET"]}}],"collection":[{"href":"https:\/\/www.garvanacoustic.com\/de\/wp-json\/wp\/v2\/posts"}],"about":[{"href":"https:\/\/www.garvanacoustic.com\/de\/wp-json\/wp\/v2\/types\/post"}],"author":[{"embeddable":true,"href":"https:\/\/www.garvanacoustic.com\/de\/wp-json\/wp\/v2\/users\/8"}],"replies":[{"embeddable":true,"href":"https:\/\/www.garvanacoustic.com\/de\/wp-json\/wp\/v2\/comments?post=53784"}],"version-history":[{"count":3,"href":"https:\/\/www.garvanacoustic.com\/de\/wp-json\/wp\/v2\/posts\/53784\/revisions"}],"predecessor-version":[{"id":63052,"href":"https:\/\/www.garvanacoustic.com\/de\/wp-json\/wp\/v2\/posts\/53784\/revisions\/63052"}],"wp:featuredmedia":[{"embeddable":true,"href":"https:\/\/www.garvanacoustic.com\/de\/wp-json\/wp\/v2\/media\/52444"}],"wp:attachment":[{"href":"https:\/\/www.garvanacoustic.com\/de\/wp-json\/wp\/v2\/media?parent=53784"}],"wp:term":[{"taxonomy":"category","embeddable":true,"href":"https:\/\/www.garvanacoustic.com\/de\/wp-json\/wp\/v2\/categories?post=53784"},{"taxonomy":"post_tag","embeddable":true,"href":"https:\/\/www.garvanacoustic.com\/de\/wp-json\/wp\/v2\/tags?post=53784"}],"curies":[{"name":"wp","href":"https:\/\/api.w.org\/{rel}","templated":true}]}}