{"id":1667,"count":5,"description":"Crear un entorno ordenado y funcional es necesario en el ajetreado ambiente de las ferias y eventos. El<strong>amplificador de audio<\/strong> de la empresa de Roma\u00f1a se ha creado para cumplir esta misi\u00f3n.\n\nGracias a la excelencia de sus productos, Garvan se ha convertido en socio comercial de grandes marcas como Jacuzzi Europe S.P.A, con la que colabor\u00f3 para el Salone del Mobile de Mil\u00e1n y Cersale de Bolonia.\n\nAdem\u00e1s, en 2014 y 2015, Garvan fue colaborador t\u00e9cnico en el Soundtrack Stars Award, premio otorgado en el Festival Internacional de Cine de Venecia. De este modo, la empresa contribuy\u00f3 t\u00e9cnica y tecnol\u00f3gicamente a un acontecimiento art\u00edstico.\n\nGarvan tambi\u00e9n consigui\u00f3 distinguirse en el \u00e1mbito deportivo al sonorizar el exterior de la zona de hospitalidad del equipo Gresini Racing en el Gran Premio de MotoGP de 2016, 2015 y 2014 con altavoces GocciaTM.\n\nPor \u00faltimo, tambi\u00e9n apareci\u00f3 en la escena musical colaborando con Free Event srl en la puesta en escena ac\u00fastica de los after shows de Depeche Mode, Muse, Black Eyed Peas, Vasco Rossi, Ligabue, Laura Pausini, Claudio Baglioni y Amiche per l'Abruzzo.","link":"https:\/\/www.garvanacoustic.com\/es\/category\/referencias\/eventos-ferias\/","name":"Eventos - Ferias","slug":"eventos-ferias","taxonomy":"category","parent":1662,"meta":[],"yoast_head":"<!-- This site is optimized with the Yoast SEO Premium plugin v27.4 (Yoast SEO v27.4) - https:\/\/yoast.com\/product\/yoast-seo-premium-wordpress\/ -->\n<title>Eventos - Ferias Archive - Garvan Acoustic<\/title>\n<meta name=\"robots\" content=\"index, follow, max-snippet:-1, max-image-preview:large, max-video-preview:-1\" \/>\n<link rel=\"canonical\" href=\"https:\/\/www.garvanacoustic.com\/es\/category\/referencias\/eventos-ferias\/\" \/>\n<meta property=\"og:locale\" content=\"es_ES\" \/>\n<meta property=\"og:type\" content=\"article\" \/>\n<meta property=\"og:title\" content=\"Eventos - Ferias Archivi\" \/>\n<meta property=\"og:description\" content=\"Crear un entorno ordenado y funcional es necesario en el ajetreado ambiente de las ferias y eventos. Elamplificador de audio de la empresa de Roma\u00f1a se ha creado para cumplir esta misi\u00f3n. Gracias a la excelencia de sus productos, Garvan se ha convertido en socio comercial de grandes marcas como Jacuzzi Europe S.P.A, con la que colabor\u00f3 para el Salone del Mobile de Mil\u00e1n y Cersale de Bolonia. Adem\u00e1s, en 2014 y 2015, Garvan fue colaborador t\u00e9cnico en el Soundtrack Stars Award, premio otorgado en el Festival Internacional de Cine de Venecia. De este modo, la empresa contribuy\u00f3 t\u00e9cnica y tecnol\u00f3gicamente a un acontecimiento art\u00edstico. Garvan tambi\u00e9n consigui\u00f3 distinguirse en el \u00e1mbito deportivo al sonorizar el exterior de la zona de hospitalidad del equipo Gresini Racing en el Gran Premio de MotoGP de 2016, 2015 y 2014 con altavoces GocciaTM. Por \u00faltimo, tambi\u00e9n apareci\u00f3 en la escena musical colaborando con Free Event srl en la puesta en escena ac\u00fastica de los after shows de Depeche Mode, Muse, Black Eyed Peas, Vasco Rossi, Ligabue, Laura Pausini, Claudio Baglioni y Amiche per l&#8217;Abruzzo.\" \/>\n<meta property=\"og:url\" content=\"https:\/\/www.garvanacoustic.com\/es\/category\/referencias\/eventos-ferias\/\" \/>\n<meta property=\"og:site_name\" content=\"Garvan Acoustic\" \/>\n<meta property=\"og:image\" content=\"https:\/\/www.garvanacoustic.com\/wp-content\/uploads\/2024\/07\/header-nwsl-garvan-e1759746705872.jpg\" \/>\n\t<meta property=\"og:image:width\" content=\"779\" \/>\n\t<meta property=\"og:image:height\" content=\"437\" \/>\n\t<meta property=\"og:image:type\" content=\"image\/jpeg\" \/>\n<meta name=\"twitter:card\" content=\"summary_large_image\" \/>\n<script type=\"application\/ld+json\" class=\"yoast-schema-graph\">{\"@context\":\"https:\\\/\\\/schema.org\",\"@graph\":[{\"@type\":\"CollectionPage\",\"@id\":\"https:\\\/\\\/www.garvanacoustic.com\\\/es\\\/category\\\/referencias\\\/eventos-ferias\\\/\",\"url\":\"https:\\\/\\\/www.garvanacoustic.com\\\/es\\\/category\\\/referencias\\\/eventos-ferias\\\/\",\"name\":\"Eventos - Ferias Archive - Garvan Acoustic\",\"isPartOf\":{\"@id\":\"https:\\\/\\\/www.garvanacoustic.com\\\/es\\\/#website\"},\"breadcrumb\":{\"@id\":\"https:\\\/\\\/www.garvanacoustic.com\\\/es\\\/category\\\/referencias\\\/eventos-ferias\\\/#breadcrumb\"},\"inLanguage\":\"es\"},{\"@type\":\"BreadcrumbList\",\"@id\":\"https:\\\/\\\/www.garvanacoustic.com\\\/es\\\/category\\\/referencias\\\/eventos-ferias\\\/#breadcrumb\",\"itemListElement\":[{\"@type\":\"ListItem\",\"position\":1,\"name\":\"Home\",\"item\":\"https:\\\/\\\/www.garvanacoustic.com\\\/es\\\/\"},{\"@type\":\"ListItem\",\"position\":2,\"name\":\"Referencias\",\"item\":\"https:\\\/\\\/www.garvanacoustic.com\\\/es\\\/category\\\/referencias\\\/\"},{\"@type\":\"ListItem\",\"position\":3,\"name\":\"Eventos - Ferias\"}]},{\"@type\":\"WebSite\",\"@id\":\"https:\\\/\\\/www.garvanacoustic.com\\\/es\\\/#website\",\"url\":\"https:\\\/\\\/www.garvanacoustic.com\\\/es\\\/\",\"name\":\"Garvan Acoustic\",\"description\":\"Diffusori e trattamento acustico: scopri la qualit\u00e0 del Made in Italy\",\"publisher\":{\"@id\":\"https:\\\/\\\/www.garvanacoustic.com\\\/es\\\/#organization\"},\"potentialAction\":[{\"@type\":\"SearchAction\",\"target\":{\"@type\":\"EntryPoint\",\"urlTemplate\":\"https:\\\/\\\/www.garvanacoustic.com\\\/es\\\/?s={search_term_string}\"},\"query-input\":{\"@type\":\"PropertyValueSpecification\",\"valueRequired\":true,\"valueName\":\"search_term_string\"}}],\"inLanguage\":\"es\"},{\"@type\":\"Organization\",\"@id\":\"https:\\\/\\\/www.garvanacoustic.com\\\/es\\\/#organization\",\"name\":\"Garvan Acoustic\",\"url\":\"https:\\\/\\\/www.garvanacoustic.com\\\/es\\\/\",\"logo\":{\"@type\":\"ImageObject\",\"inLanguage\":\"es\",\"@id\":\"https:\\\/\\\/www.garvanacoustic.com\\\/es\\\/#\\\/schema\\\/logo\\\/image\\\/\",\"url\":\"https:\\\/\\\/www.garvanacoustic.com\\\/wp-content\\\/uploads\\\/2018\\\/07\\\/garvan-acoustic-logo.png\",\"contentUrl\":\"https:\\\/\\\/www.garvanacoustic.com\\\/wp-content\\\/uploads\\\/2018\\\/07\\\/garvan-acoustic-logo.png\",\"width\":400,\"height\":161,\"caption\":\"Garvan Acoustic\"},\"image\":{\"@id\":\"https:\\\/\\\/www.garvanacoustic.com\\\/es\\\/#\\\/schema\\\/logo\\\/image\\\/\"},\"sameAs\":[\"https:\\\/\\\/www.facebook.com\\\/garvanacoustic\",\"https:\\\/\\\/www.instagram.com\\\/garvanacoustic\\\/\"],\"description\":\"Produttori di Diffusori Acustici e Pannelli Fonoassorbenti Made in Italy\",\"email\":\"garvan@garvanacoustic.com\",\"telephone\":\"0546 682097\"}]}<\/script>\n<!-- \/ Yoast SEO Premium plugin. -->","yoast_head_json":{"title":"Eventos - Ferias Archive - Garvan Acoustic","robots":{"index":"index","follow":"follow","max-snippet":"max-snippet:-1","max-image-preview":"max-image-preview:large","max-video-preview":"max-video-preview:-1"},"canonical":"https:\/\/www.garvanacoustic.com\/es\/category\/referencias\/eventos-ferias\/","og_locale":"es_ES","og_type":"article","og_title":"Eventos - Ferias Archivi","og_description":"Crear un entorno ordenado y funcional es necesario en el ajetreado ambiente de las ferias y eventos. Elamplificador de audio de la empresa de Roma\u00f1a se ha creado para cumplir esta misi\u00f3n. Gracias a la excelencia de sus productos, Garvan se ha convertido en socio comercial de grandes marcas como Jacuzzi Europe S.P.A, con la que colabor\u00f3 para el Salone del Mobile de Mil\u00e1n y Cersale de Bolonia. Adem\u00e1s, en 2014 y 2015, Garvan fue colaborador t\u00e9cnico en el Soundtrack Stars Award, premio otorgado en el Festival Internacional de Cine de Venecia. De este modo, la empresa contribuy\u00f3 t\u00e9cnica y tecnol\u00f3gicamente a un acontecimiento art\u00edstico. Garvan tambi\u00e9n consigui\u00f3 distinguirse en el \u00e1mbito deportivo al sonorizar el exterior de la zona de hospitalidad del equipo Gresini Racing en el Gran Premio de MotoGP de 2016, 2015 y 2014 con altavoces GocciaTM. Por \u00faltimo, tambi\u00e9n apareci\u00f3 en la escena musical colaborando con Free Event srl en la puesta en escena ac\u00fastica de los after shows de Depeche Mode, Muse, Black Eyed Peas, Vasco Rossi, Ligabue, Laura Pausini, Claudio Baglioni y Amiche per l&#8217;Abruzzo.","og_url":"https:\/\/www.garvanacoustic.com\/es\/category\/referencias\/eventos-ferias\/","og_site_name":"Garvan Acoustic","og_image":[{"width":779,"height":437,"url":"https:\/\/www.garvanacoustic.com\/wp-content\/uploads\/2024\/07\/header-nwsl-garvan-e1759746705872.jpg","type":"image\/jpeg"}],"twitter_card":"summary_large_image","schema":{"@context":"https:\/\/schema.org","@graph":[{"@type":"CollectionPage","@id":"https:\/\/www.garvanacoustic.com\/es\/category\/referencias\/eventos-ferias\/","url":"https:\/\/www.garvanacoustic.com\/es\/category\/referencias\/eventos-ferias\/","name":"Eventos - Ferias Archive - Garvan Acoustic","isPartOf":{"@id":"https:\/\/www.garvanacoustic.com\/es\/#website"},"breadcrumb":{"@id":"https:\/\/www.garvanacoustic.com\/es\/category\/referencias\/eventos-ferias\/#breadcrumb"},"inLanguage":"es"},{"@type":"BreadcrumbList","@id":"https:\/\/www.garvanacoustic.com\/es\/category\/referencias\/eventos-ferias\/#breadcrumb","itemListElement":[{"@type":"ListItem","position":1,"name":"Home","item":"https:\/\/www.garvanacoustic.com\/es\/"},{"@type":"ListItem","position":2,"name":"Referencias","item":"https:\/\/www.garvanacoustic.com\/es\/category\/referencias\/"},{"@type":"ListItem","position":3,"name":"Eventos - Ferias"}]},{"@type":"WebSite","@id":"https:\/\/www.garvanacoustic.com\/es\/#website","url":"https:\/\/www.garvanacoustic.com\/es\/","name":"Garvan Acoustic","description":"Diffusori e trattamento acustico: scopri la qualit\u00e0 del Made in Italy","publisher":{"@id":"https:\/\/www.garvanacoustic.com\/es\/#organization"},"potentialAction":[{"@type":"SearchAction","target":{"@type":"EntryPoint","urlTemplate":"https:\/\/www.garvanacoustic.com\/es\/?s={search_term_string}"},"query-input":{"@type":"PropertyValueSpecification","valueRequired":true,"valueName":"search_term_string"}}],"inLanguage":"es"},{"@type":"Organization","@id":"https:\/\/www.garvanacoustic.com\/es\/#organization","name":"Garvan Acoustic","url":"https:\/\/www.garvanacoustic.com\/es\/","logo":{"@type":"ImageObject","inLanguage":"es","@id":"https:\/\/www.garvanacoustic.com\/es\/#\/schema\/logo\/image\/","url":"https:\/\/www.garvanacoustic.com\/wp-content\/uploads\/2018\/07\/garvan-acoustic-logo.png","contentUrl":"https:\/\/www.garvanacoustic.com\/wp-content\/uploads\/2018\/07\/garvan-acoustic-logo.png","width":400,"height":161,"caption":"Garvan Acoustic"},"image":{"@id":"https:\/\/www.garvanacoustic.com\/es\/#\/schema\/logo\/image\/"},"sameAs":["https:\/\/www.facebook.com\/garvanacoustic","https:\/\/www.instagram.com\/garvanacoustic\/"],"description":"Produttori di Diffusori Acustici e Pannelli Fonoassorbenti Made in Italy","email":"garvan@garvanacoustic.com","telephone":"0546 682097"}]}},"_links":{"self":[{"href":"https:\/\/www.garvanacoustic.com\/es\/wp-json\/wp\/v2\/categories\/1667","targetHints":{"allow":["GET"]}}],"collection":[{"href":"https:\/\/www.garvanacoustic.com\/es\/wp-json\/wp\/v2\/categories"}],"about":[{"href":"https:\/\/www.garvanacoustic.com\/es\/wp-json\/wp\/v2\/taxonomies\/category"}],"up":[{"embeddable":true,"href":"https:\/\/www.garvanacoustic.com\/es\/wp-json\/wp\/v2\/categories\/1662"}],"wp:post_type":[{"href":"https:\/\/www.garvanacoustic.com\/es\/wp-json\/wp\/v2\/posts?categories=1667"}],"curies":[{"name":"wp","href":"https:\/\/api.w.org\/{rel}","templated":true}]}}