{"id":65883,"date":"2024-02-06T09:40:38","date_gmt":"2024-02-06T08:40:38","guid":{"rendered":"https:\/\/www.garvanacoustic.com\/sin-categorizar\/ibm-roma\/"},"modified":"2024-02-06T10:18:27","modified_gmt":"2024-02-06T09:18:27","slug":"ibm-roma","status":"publish","type":"post","link":"https:\/\/www.garvanacoustic.com\/es\/referencias\/ibm-roma\/","title":{"rendered":"IBM &#8211; Roma"},"content":{"rendered":"<section><div class=\"container\"><div class=\"row\"><div class=\"wpb_column hcode-column-container vc_col-sm-12 col-xs-mobile-fullwidth\" data-front-class=\"col-xs-mobile-fullwidth\"><div class=\"vc-column-innner-wrapper\"><p><strong>IBM - Roma<\/strong><\/p>\n<div>\n<p>El <strong>IBM<\/strong> Software Executive Briefing Center de Roma ha sido totalmente renovado gracias al dise\u00f1o del arquitecto italiano Massimo Iosa Ghini y su estudio. El resultado es un <strong>espacio innovador de<\/strong>ambiente futurista en el que se hace una fuerte referencia a las famosas \"rayas\" del logotipo de IBM. <strong> tecnolog\u00edas de<\/strong> <strong>vanguardia<\/strong> en el \u00e1mbito audiovisual, y la Los <strong>altavoces retr\u00e1ctiles<\/strong> Garvan fueron elegidos no s\u00f3lo por la<strong>alta calidad de<\/strong> sonido, sino tambi\u00e9n por la <strong>notable<\/strong><strong> valor est\u00e9tico<\/strong>contribuyendo al confort y la belleza de la habitaci\u00f3n. <strong>a ras de pared<\/strong> Garvan, instalado por Sangalli Tecnologie Srl de B\u00e9rgamo, encaja perfectamente en los espacios innovadores y tecnol\u00f3gicos de la sede de IBM, <strong>desapareciendo entre los muros<\/strong> al tiempo que ofrece al oyente una <strong>participaci\u00f3n \u00fanica<\/strong> gracias a unos altavoces especialmente dise\u00f1ados para sonar en recintos muy peque\u00f1os.<br \/>\nUna vez m\u00e1s, Garvan es la elecci\u00f3n que combina calidad, belleza y tecnolog\u00eda.<\/p>\n<\/div>\n[vc_media_grid grid_id=\"vc_gid:1544777425327-fcacdd31-0838-10\" include=\"21728,21729,21730,21731,21732,21733,21734\"]<\/div><\/div><\/div><\/div><\/section>","protected":false},"excerpt":{"rendered":"<p>IBM &#8211; Roma El IBM Software Executive Briefing Center de Roma ha sido totalmente renovado gracias al dise\u00f1o del arquitecto italiano Massimo Iosa Ghini y su estudio. El resultado es un espacio innovador deambiente futurista en el que se hace una fuerte referencia a las famosas \u00abrayas\u00bb del logotipo de IBM. tecnolog\u00edas de vanguardia en [&hellip;]<\/p>\n","protected":false},"author":6,"featured_media":21731,"comment_status":"open","ping_status":"open","sticky":false,"template":"","format":"standard","meta":{"_joinchat":[],"footnotes":""},"categories":[1663,1662],"tags":[],"class_list":["post-65883","post","type-post","status-publish","format-standard","has-post-thumbnail","hentry","category-empresas","category-referencias"],"yoast_head":"<!-- This site is optimized with the Yoast SEO Premium plugin v27.4 (Yoast SEO v27.4) - https:\/\/yoast.com\/product\/yoast-seo-premium-wordpress\/ -->\n<title>IBM - Roma - Garvan Acoustic<\/title>\n<meta name=\"robots\" content=\"index, follow, max-snippet:-1, max-image-preview:large, max-video-preview:-1\" \/>\n<link rel=\"canonical\" href=\"https:\/\/www.garvanacoustic.com\/es\/referencias\/ibm-roma\/\" \/>\n<meta property=\"og:locale\" content=\"es_ES\" \/>\n<meta property=\"og:type\" content=\"article\" \/>\n<meta property=\"og:title\" content=\"IBM - Roma\" \/>\n<meta property=\"og:description\" content=\"IBM - Roma El IBM Software Executive Briefing Center de Roma ha sido totalmente renovado gracias al dise\u00f1o del arquitecto italiano Massimo Iosa Ghini y su estudio. El resultado es un espacio innovador deambiente futurista en el que se hace una fuerte referencia a las famosas &quot;rayas&quot; del logotipo de IBM. tecnolog\u00edas de vanguardia en [&hellip;]\" \/>\n<meta property=\"og:url\" content=\"https:\/\/www.garvanacoustic.com\/es\/referencias\/ibm-roma\/\" \/>\n<meta property=\"og:site_name\" content=\"Garvan Acoustic\" \/>\n<meta property=\"article:publisher\" content=\"https:\/\/www.facebook.com\/garvanacoustic\" \/>\n<meta property=\"article:published_time\" content=\"2024-02-06T08:40:38+00:00\" \/>\n<meta property=\"article:modified_time\" content=\"2024-02-06T09:18:27+00:00\" \/>\n<meta property=\"og:image\" content=\"https:\/\/www.garvanacoustic.com\/wp-content\/uploads\/2018\/10\/Diffusori-acustici-da-interno-IBM-Roma-004.jpg\" \/>\n\t<meta property=\"og:image:width\" content=\"1000\" \/>\n\t<meta property=\"og:image:height\" content=\"709\" \/>\n\t<meta property=\"og:image:type\" content=\"image\/jpeg\" \/>\n<meta name=\"author\" content=\"garvan_editor\" \/>\n<meta name=\"twitter:card\" content=\"summary_large_image\" \/>\n<meta name=\"twitter:label1\" content=\"Escrito por\" \/>\n\t<meta name=\"twitter:data1\" content=\"garvan_editor\" \/>\n\t<meta name=\"twitter:label2\" content=\"Tiempo de lectura\" \/>\n\t<meta name=\"twitter:data2\" content=\"1 minuto\" \/>\n<script type=\"application\/ld+json\" class=\"yoast-schema-graph\">{\"@context\":\"https:\\\/\\\/schema.org\",\"@graph\":[{\"@type\":\"Article\",\"@id\":\"https:\\\/\\\/www.garvanacoustic.com\\\/es\\\/referencias\\\/ibm-roma\\\/#article\",\"isPartOf\":{\"@id\":\"https:\\\/\\\/www.garvanacoustic.com\\\/es\\\/referencias\\\/ibm-roma\\\/\"},\"author\":{\"name\":\"garvan_editor\",\"@id\":\"https:\\\/\\\/www.garvanacoustic.com\\\/es\\\/#\\\/schema\\\/person\\\/09727156b8cb00892d1258442a3c907d\"},\"headline\":\"IBM &#8211; Roma\",\"datePublished\":\"2024-02-06T08:40:38+00:00\",\"dateModified\":\"2024-02-06T09:18:27+00:00\",\"mainEntityOfPage\":{\"@id\":\"https:\\\/\\\/www.garvanacoustic.com\\\/es\\\/referencias\\\/ibm-roma\\\/\"},\"wordCount\":195,\"commentCount\":0,\"publisher\":{\"@id\":\"https:\\\/\\\/www.garvanacoustic.com\\\/es\\\/#organization\"},\"image\":{\"@id\":\"https:\\\/\\\/www.garvanacoustic.com\\\/es\\\/referencias\\\/ibm-roma\\\/#primaryimage\"},\"thumbnailUrl\":\"https:\\\/\\\/www.garvanacoustic.com\\\/wp-content\\\/uploads\\\/2018\\\/10\\\/Diffusori-acustici-da-interno-IBM-Roma-004.jpg\",\"articleSection\":[\"Empresas\",\"Referencias\"],\"inLanguage\":\"es\",\"potentialAction\":[{\"@type\":\"CommentAction\",\"name\":\"Comment\",\"target\":[\"https:\\\/\\\/www.garvanacoustic.com\\\/es\\\/referencias\\\/ibm-roma\\\/#respond\"]}]},{\"@type\":\"WebPage\",\"@id\":\"https:\\\/\\\/www.garvanacoustic.com\\\/es\\\/referencias\\\/ibm-roma\\\/\",\"url\":\"https:\\\/\\\/www.garvanacoustic.com\\\/es\\\/referencias\\\/ibm-roma\\\/\",\"name\":\"IBM - Roma - Garvan Acoustic\",\"isPartOf\":{\"@id\":\"https:\\\/\\\/www.garvanacoustic.com\\\/es\\\/#website\"},\"primaryImageOfPage\":{\"@id\":\"https:\\\/\\\/www.garvanacoustic.com\\\/es\\\/referencias\\\/ibm-roma\\\/#primaryimage\"},\"image\":{\"@id\":\"https:\\\/\\\/www.garvanacoustic.com\\\/es\\\/referencias\\\/ibm-roma\\\/#primaryimage\"},\"thumbnailUrl\":\"https:\\\/\\\/www.garvanacoustic.com\\\/wp-content\\\/uploads\\\/2018\\\/10\\\/Diffusori-acustici-da-interno-IBM-Roma-004.jpg\",\"datePublished\":\"2024-02-06T08:40:38+00:00\",\"dateModified\":\"2024-02-06T09:18:27+00:00\",\"breadcrumb\":{\"@id\":\"https:\\\/\\\/www.garvanacoustic.com\\\/es\\\/referencias\\\/ibm-roma\\\/#breadcrumb\"},\"inLanguage\":\"es\",\"potentialAction\":[{\"@type\":\"ReadAction\",\"target\":[\"https:\\\/\\\/www.garvanacoustic.com\\\/es\\\/referencias\\\/ibm-roma\\\/\"]}]},{\"@type\":\"ImageObject\",\"inLanguage\":\"es\",\"@id\":\"https:\\\/\\\/www.garvanacoustic.com\\\/es\\\/referencias\\\/ibm-roma\\\/#primaryimage\",\"url\":\"https:\\\/\\\/www.garvanacoustic.com\\\/wp-content\\\/uploads\\\/2018\\\/10\\\/Diffusori-acustici-da-interno-IBM-Roma-004.jpg\",\"contentUrl\":\"https:\\\/\\\/www.garvanacoustic.com\\\/wp-content\\\/uploads\\\/2018\\\/10\\\/Diffusori-acustici-da-interno-IBM-Roma-004.jpg\",\"width\":1000,\"height\":709},{\"@type\":\"BreadcrumbList\",\"@id\":\"https:\\\/\\\/www.garvanacoustic.com\\\/es\\\/referencias\\\/ibm-roma\\\/#breadcrumb\",\"itemListElement\":[{\"@type\":\"ListItem\",\"position\":1,\"name\":\"Home\",\"item\":\"https:\\\/\\\/www.garvanacoustic.com\\\/es\\\/\"},{\"@type\":\"ListItem\",\"position\":2,\"name\":\"IBM &#8211; Roma\"}]},{\"@type\":\"WebSite\",\"@id\":\"https:\\\/\\\/www.garvanacoustic.com\\\/es\\\/#website\",\"url\":\"https:\\\/\\\/www.garvanacoustic.com\\\/es\\\/\",\"name\":\"Garvan Acoustic\",\"description\":\"Diffusori e trattamento acustico: scopri la qualit\u00e0 del Made in Italy\",\"publisher\":{\"@id\":\"https:\\\/\\\/www.garvanacoustic.com\\\/es\\\/#organization\"},\"potentialAction\":[{\"@type\":\"SearchAction\",\"target\":{\"@type\":\"EntryPoint\",\"urlTemplate\":\"https:\\\/\\\/www.garvanacoustic.com\\\/es\\\/?s={search_term_string}\"},\"query-input\":{\"@type\":\"PropertyValueSpecification\",\"valueRequired\":true,\"valueName\":\"search_term_string\"}}],\"inLanguage\":\"es\"},{\"@type\":\"Organization\",\"@id\":\"https:\\\/\\\/www.garvanacoustic.com\\\/es\\\/#organization\",\"name\":\"Garvan Acoustic\",\"url\":\"https:\\\/\\\/www.garvanacoustic.com\\\/es\\\/\",\"logo\":{\"@type\":\"ImageObject\",\"inLanguage\":\"es\",\"@id\":\"https:\\\/\\\/www.garvanacoustic.com\\\/es\\\/#\\\/schema\\\/logo\\\/image\\\/\",\"url\":\"https:\\\/\\\/www.garvanacoustic.com\\\/wp-content\\\/uploads\\\/2018\\\/07\\\/garvan-acoustic-logo.png\",\"contentUrl\":\"https:\\\/\\\/www.garvanacoustic.com\\\/wp-content\\\/uploads\\\/2018\\\/07\\\/garvan-acoustic-logo.png\",\"width\":400,\"height\":161,\"caption\":\"Garvan Acoustic\"},\"image\":{\"@id\":\"https:\\\/\\\/www.garvanacoustic.com\\\/es\\\/#\\\/schema\\\/logo\\\/image\\\/\"},\"sameAs\":[\"https:\\\/\\\/www.facebook.com\\\/garvanacoustic\",\"https:\\\/\\\/www.instagram.com\\\/garvanacoustic\\\/\"],\"description\":\"Produttori di Diffusori Acustici e Pannelli Fonoassorbenti Made in Italy\",\"email\":\"garvan@garvanacoustic.com\",\"telephone\":\"0546 682097\"},{\"@type\":\"Person\",\"@id\":\"https:\\\/\\\/www.garvanacoustic.com\\\/es\\\/#\\\/schema\\\/person\\\/09727156b8cb00892d1258442a3c907d\",\"name\":\"garvan_editor\",\"image\":{\"@type\":\"ImageObject\",\"inLanguage\":\"es\",\"@id\":\"https:\\\/\\\/secure.gravatar.com\\\/avatar\\\/e9162e14491fbe40c8b8f258b3dcc580abbd812dd4769ec35a2771dab4442bd3?s=96&d=mm&r=g\",\"url\":\"https:\\\/\\\/secure.gravatar.com\\\/avatar\\\/e9162e14491fbe40c8b8f258b3dcc580abbd812dd4769ec35a2771dab4442bd3?s=96&d=mm&r=g\",\"contentUrl\":\"https:\\\/\\\/secure.gravatar.com\\\/avatar\\\/e9162e14491fbe40c8b8f258b3dcc580abbd812dd4769ec35a2771dab4442bd3?s=96&d=mm&r=g\",\"caption\":\"garvan_editor\"},\"url\":\"https:\\\/\\\/www.garvanacoustic.com\\\/es\\\/author\\\/garvan_editor\\\/\"}]}<\/script>\n<!-- \/ Yoast SEO Premium plugin. -->","yoast_head_json":{"title":"IBM - Roma - Garvan Acoustic","robots":{"index":"index","follow":"follow","max-snippet":"max-snippet:-1","max-image-preview":"max-image-preview:large","max-video-preview":"max-video-preview:-1"},"canonical":"https:\/\/www.garvanacoustic.com\/es\/referencias\/ibm-roma\/","og_locale":"es_ES","og_type":"article","og_title":"IBM - Roma","og_description":"IBM - Roma El IBM Software Executive Briefing Center de Roma ha sido totalmente renovado gracias al dise\u00f1o del arquitecto italiano Massimo Iosa Ghini y su estudio. El resultado es un espacio innovador deambiente futurista en el que se hace una fuerte referencia a las famosas \"rayas\" del logotipo de IBM. tecnolog\u00edas de vanguardia en [&hellip;]","og_url":"https:\/\/www.garvanacoustic.com\/es\/referencias\/ibm-roma\/","og_site_name":"Garvan Acoustic","article_publisher":"https:\/\/www.facebook.com\/garvanacoustic","article_published_time":"2024-02-06T08:40:38+00:00","article_modified_time":"2024-02-06T09:18:27+00:00","og_image":[{"width":1000,"height":709,"url":"https:\/\/www.garvanacoustic.com\/wp-content\/uploads\/2018\/10\/Diffusori-acustici-da-interno-IBM-Roma-004.jpg","type":"image\/jpeg"}],"author":"garvan_editor","twitter_card":"summary_large_image","twitter_misc":{"Escrito por":"garvan_editor","Tiempo de lectura":"1 minuto"},"schema":{"@context":"https:\/\/schema.org","@graph":[{"@type":"Article","@id":"https:\/\/www.garvanacoustic.com\/es\/referencias\/ibm-roma\/#article","isPartOf":{"@id":"https:\/\/www.garvanacoustic.com\/es\/referencias\/ibm-roma\/"},"author":{"name":"garvan_editor","@id":"https:\/\/www.garvanacoustic.com\/es\/#\/schema\/person\/09727156b8cb00892d1258442a3c907d"},"headline":"IBM &#8211; Roma","datePublished":"2024-02-06T08:40:38+00:00","dateModified":"2024-02-06T09:18:27+00:00","mainEntityOfPage":{"@id":"https:\/\/www.garvanacoustic.com\/es\/referencias\/ibm-roma\/"},"wordCount":195,"commentCount":0,"publisher":{"@id":"https:\/\/www.garvanacoustic.com\/es\/#organization"},"image":{"@id":"https:\/\/www.garvanacoustic.com\/es\/referencias\/ibm-roma\/#primaryimage"},"thumbnailUrl":"https:\/\/www.garvanacoustic.com\/wp-content\/uploads\/2018\/10\/Diffusori-acustici-da-interno-IBM-Roma-004.jpg","articleSection":["Empresas","Referencias"],"inLanguage":"es","potentialAction":[{"@type":"CommentAction","name":"Comment","target":["https:\/\/www.garvanacoustic.com\/es\/referencias\/ibm-roma\/#respond"]}]},{"@type":"WebPage","@id":"https:\/\/www.garvanacoustic.com\/es\/referencias\/ibm-roma\/","url":"https:\/\/www.garvanacoustic.com\/es\/referencias\/ibm-roma\/","name":"IBM - Roma - Garvan Acoustic","isPartOf":{"@id":"https:\/\/www.garvanacoustic.com\/es\/#website"},"primaryImageOfPage":{"@id":"https:\/\/www.garvanacoustic.com\/es\/referencias\/ibm-roma\/#primaryimage"},"image":{"@id":"https:\/\/www.garvanacoustic.com\/es\/referencias\/ibm-roma\/#primaryimage"},"thumbnailUrl":"https:\/\/www.garvanacoustic.com\/wp-content\/uploads\/2018\/10\/Diffusori-acustici-da-interno-IBM-Roma-004.jpg","datePublished":"2024-02-06T08:40:38+00:00","dateModified":"2024-02-06T09:18:27+00:00","breadcrumb":{"@id":"https:\/\/www.garvanacoustic.com\/es\/referencias\/ibm-roma\/#breadcrumb"},"inLanguage":"es","potentialAction":[{"@type":"ReadAction","target":["https:\/\/www.garvanacoustic.com\/es\/referencias\/ibm-roma\/"]}]},{"@type":"ImageObject","inLanguage":"es","@id":"https:\/\/www.garvanacoustic.com\/es\/referencias\/ibm-roma\/#primaryimage","url":"https:\/\/www.garvanacoustic.com\/wp-content\/uploads\/2018\/10\/Diffusori-acustici-da-interno-IBM-Roma-004.jpg","contentUrl":"https:\/\/www.garvanacoustic.com\/wp-content\/uploads\/2018\/10\/Diffusori-acustici-da-interno-IBM-Roma-004.jpg","width":1000,"height":709},{"@type":"BreadcrumbList","@id":"https:\/\/www.garvanacoustic.com\/es\/referencias\/ibm-roma\/#breadcrumb","itemListElement":[{"@type":"ListItem","position":1,"name":"Home","item":"https:\/\/www.garvanacoustic.com\/es\/"},{"@type":"ListItem","position":2,"name":"IBM &#8211; Roma"}]},{"@type":"WebSite","@id":"https:\/\/www.garvanacoustic.com\/es\/#website","url":"https:\/\/www.garvanacoustic.com\/es\/","name":"Garvan Acoustic","description":"Diffusori e trattamento acustico: scopri la qualit\u00e0 del Made in Italy","publisher":{"@id":"https:\/\/www.garvanacoustic.com\/es\/#organization"},"potentialAction":[{"@type":"SearchAction","target":{"@type":"EntryPoint","urlTemplate":"https:\/\/www.garvanacoustic.com\/es\/?s={search_term_string}"},"query-input":{"@type":"PropertyValueSpecification","valueRequired":true,"valueName":"search_term_string"}}],"inLanguage":"es"},{"@type":"Organization","@id":"https:\/\/www.garvanacoustic.com\/es\/#organization","name":"Garvan Acoustic","url":"https:\/\/www.garvanacoustic.com\/es\/","logo":{"@type":"ImageObject","inLanguage":"es","@id":"https:\/\/www.garvanacoustic.com\/es\/#\/schema\/logo\/image\/","url":"https:\/\/www.garvanacoustic.com\/wp-content\/uploads\/2018\/07\/garvan-acoustic-logo.png","contentUrl":"https:\/\/www.garvanacoustic.com\/wp-content\/uploads\/2018\/07\/garvan-acoustic-logo.png","width":400,"height":161,"caption":"Garvan Acoustic"},"image":{"@id":"https:\/\/www.garvanacoustic.com\/es\/#\/schema\/logo\/image\/"},"sameAs":["https:\/\/www.facebook.com\/garvanacoustic","https:\/\/www.instagram.com\/garvanacoustic\/"],"description":"Produttori di Diffusori Acustici e Pannelli Fonoassorbenti Made in Italy","email":"garvan@garvanacoustic.com","telephone":"0546 682097"},{"@type":"Person","@id":"https:\/\/www.garvanacoustic.com\/es\/#\/schema\/person\/09727156b8cb00892d1258442a3c907d","name":"garvan_editor","image":{"@type":"ImageObject","inLanguage":"es","@id":"https:\/\/secure.gravatar.com\/avatar\/e9162e14491fbe40c8b8f258b3dcc580abbd812dd4769ec35a2771dab4442bd3?s=96&d=mm&r=g","url":"https:\/\/secure.gravatar.com\/avatar\/e9162e14491fbe40c8b8f258b3dcc580abbd812dd4769ec35a2771dab4442bd3?s=96&d=mm&r=g","contentUrl":"https:\/\/secure.gravatar.com\/avatar\/e9162e14491fbe40c8b8f258b3dcc580abbd812dd4769ec35a2771dab4442bd3?s=96&d=mm&r=g","caption":"garvan_editor"},"url":"https:\/\/www.garvanacoustic.com\/es\/author\/garvan_editor\/"}]}},"_links":{"self":[{"href":"https:\/\/www.garvanacoustic.com\/es\/wp-json\/wp\/v2\/posts\/65883","targetHints":{"allow":["GET"]}}],"collection":[{"href":"https:\/\/www.garvanacoustic.com\/es\/wp-json\/wp\/v2\/posts"}],"about":[{"href":"https:\/\/www.garvanacoustic.com\/es\/wp-json\/wp\/v2\/types\/post"}],"author":[{"embeddable":true,"href":"https:\/\/www.garvanacoustic.com\/es\/wp-json\/wp\/v2\/users\/6"}],"replies":[{"embeddable":true,"href":"https:\/\/www.garvanacoustic.com\/es\/wp-json\/wp\/v2\/comments?post=65883"}],"version-history":[{"count":6,"href":"https:\/\/www.garvanacoustic.com\/es\/wp-json\/wp\/v2\/posts\/65883\/revisions"}],"predecessor-version":[{"id":65939,"href":"https:\/\/www.garvanacoustic.com\/es\/wp-json\/wp\/v2\/posts\/65883\/revisions\/65939"}],"wp:featuredmedia":[{"embeddable":true,"href":"https:\/\/www.garvanacoustic.com\/es\/wp-json\/wp\/v2\/media\/21731"}],"wp:attachment":[{"href":"https:\/\/www.garvanacoustic.com\/es\/wp-json\/wp\/v2\/media?parent=65883"}],"wp:term":[{"taxonomy":"category","embeddable":true,"href":"https:\/\/www.garvanacoustic.com\/es\/wp-json\/wp\/v2\/categories?post=65883"},{"taxonomy":"post_tag","embeddable":true,"href":"https:\/\/www.garvanacoustic.com\/es\/wp-json\/wp\/v2\/tags?post=65883"}],"curies":[{"name":"wp","href":"https:\/\/api.w.org\/{rel}","templated":true}]}}