{"id":66098,"date":"2024-02-06T16:36:50","date_gmt":"2024-02-06T15:36:50","guid":{"rendered":"https:\/\/www.garvanacoustic.com\/sin-categorizar\/sala-de-piano\/"},"modified":"2024-02-06T16:41:18","modified_gmt":"2024-02-06T15:41:18","slug":"sala-de-piano","status":"publish","type":"post","link":"https:\/\/www.garvanacoustic.com\/es\/referencias\/sala-de-piano\/","title":{"rendered":"SALA DE PIANO"},"content":{"rendered":"<section class=\"padding-five-top xs-padding-five-top\"><div class=\"container\"><div class=\"row\"><div class=\"wpb_column hcode-column-container vc_col-sm-12 col-xs-mobile-fullwidth\" data-front-class=\"col-xs-mobile-fullwidth\"><div class=\"vc-column-innner-wrapper\"><h2><strong>Paneles de absorci\u00f3n ac\u00fastica @ PIANO ROOM - PRIVATE HOME<\/strong><\/h2>\n<p>El di\u00e1logo en perspectiva de m\u00faltiples voces entre los elementos de la escalera, el techo abovedado y la suspensi\u00f3n fonoabsorbente de la colecci\u00f3n MicrobaffleTM de Garvan\u00ae crea un entorno contempor\u00e1neo para la sala del piano de esta residencia privada. <\/p>\n<\/div><\/div><\/div><\/div><\/section><section><div class=\"container\"><div class=\"row\"><div class=\"wpb_column hcode-column-container vc_col-sm-6 col-xs-mobile-fullwidth\" data-front-class=\"col-xs-mobile-fullwidth\"><div class=\"vc-column-innner-wrapper\">[vc_single_image image=\"58646\" img_size=\"large\" alignment=\"center\" onclick=\"link_image\"]<\/div><\/div><div class=\"wpb_column hcode-column-container vc_col-sm-6 col-xs-mobile-fullwidth\" data-front-class=\"col-xs-mobile-fullwidth\"><div class=\"vc-column-innner-wrapper\">[vc_single_image image=\"58642\" img_size=\"large\" alignment=\"center\" onclick=\"img_link_large\"]<\/div><\/div><\/div><\/div><\/section>","protected":false},"excerpt":{"rendered":"<p>Paneles de absorci\u00f3n ac\u00fastica @ PIANO ROOM &#8211; PRIVATE HOME El di\u00e1logo en perspectiva de m\u00faltiples voces entre los elementos de la escalera, el techo abovedado y la suspensi\u00f3n fonoabsorbente de la colecci\u00f3n MicrobaffleTM de Garvan\u00ae crea un entorno contempor\u00e1neo para la sala del piano de esta residencia privada. [vc_single_image image=\u00bb58646&#8243; img_size=\u00bblarge\u00bb alignment=\u00bbcenter\u00bb onclick=\u00bblink_image\u00bb][vc_single_image image=\u00bb58642&#8243; [&hellip;]<\/p>\n","protected":false},"author":11,"featured_media":58650,"comment_status":"open","ping_status":"open","sticky":false,"template":"","format":"standard","meta":{"_joinchat":[],"footnotes":""},"categories":[1662,1686],"tags":[],"class_list":["post-66098","post","type-post","status-publish","format-standard","has-post-thumbnail","hentry","category-referencias","category-residencial"],"yoast_head":"<!-- This site is optimized with the Yoast SEO Premium plugin v27.4 (Yoast SEO v27.4) - https:\/\/yoast.com\/product\/yoast-seo-premium-wordpress\/ -->\n<title>SALA DE PIANO - Garvan Acoustic<\/title>\n<meta name=\"description\" content=\"La suspensi\u00f3n insonorizante de la colecci\u00f3n MicrobaffleTM de Garvan\u00ae crea un entorno contempor\u00e1neo para la sala del piano de esta residencia privada.\" \/>\n<meta name=\"robots\" content=\"index, follow, max-snippet:-1, max-image-preview:large, max-video-preview:-1\" \/>\n<link rel=\"canonical\" href=\"https:\/\/www.garvanacoustic.com\/es\/referencias\/sala-de-piano\/\" \/>\n<meta property=\"og:locale\" content=\"es_ES\" \/>\n<meta property=\"og:type\" content=\"article\" \/>\n<meta property=\"og:title\" content=\"SALA DE PIANO\" \/>\n<meta property=\"og:description\" content=\"La suspensi\u00f3n insonorizante de la colecci\u00f3n MicrobaffleTM de Garvan\u00ae crea un entorno contempor\u00e1neo para la sala del piano de esta residencia privada.\" \/>\n<meta property=\"og:url\" content=\"https:\/\/www.garvanacoustic.com\/es\/referencias\/sala-de-piano\/\" \/>\n<meta property=\"og:site_name\" content=\"Garvan Acoustic\" \/>\n<meta property=\"article:publisher\" content=\"https:\/\/www.facebook.com\/garvanacoustic\" \/>\n<meta property=\"article:published_time\" content=\"2024-02-06T15:36:50+00:00\" \/>\n<meta property=\"article:modified_time\" content=\"2024-02-06T15:41:18+00:00\" \/>\n<meta property=\"og:image\" content=\"https:\/\/www.garvanacoustic.com\/wp-content\/uploads\/2022\/12\/fonoassorbente-pianoforte_header-1.jpg\" \/>\n\t<meta property=\"og:image:width\" content=\"411\" \/>\n\t<meta property=\"og:image:height\" content=\"225\" \/>\n\t<meta property=\"og:image:type\" content=\"image\/jpeg\" \/>\n<meta name=\"author\" content=\"artigiano\" \/>\n<meta name=\"twitter:card\" content=\"summary_large_image\" \/>\n<meta name=\"twitter:label1\" content=\"Escrito por\" \/>\n\t<meta name=\"twitter:data1\" content=\"artigiano\" \/>\n\t<meta name=\"twitter:label2\" content=\"Tiempo de lectura\" \/>\n\t<meta name=\"twitter:data2\" content=\"1 minuto\" \/>\n<script type=\"application\/ld+json\" class=\"yoast-schema-graph\">{\"@context\":\"https:\\\/\\\/schema.org\",\"@graph\":[{\"@type\":\"Article\",\"@id\":\"https:\\\/\\\/www.garvanacoustic.com\\\/es\\\/referencias\\\/sala-de-piano\\\/#article\",\"isPartOf\":{\"@id\":\"https:\\\/\\\/www.garvanacoustic.com\\\/es\\\/referencias\\\/sala-de-piano\\\/\"},\"author\":{\"name\":\"artigiano\",\"@id\":\"https:\\\/\\\/www.garvanacoustic.com\\\/es\\\/#\\\/schema\\\/person\\\/6ff430ebd72eb07e33862b57a3efd894\"},\"headline\":\"SALA DE PIANO\",\"datePublished\":\"2024-02-06T15:36:50+00:00\",\"dateModified\":\"2024-02-06T15:41:18+00:00\",\"mainEntityOfPage\":{\"@id\":\"https:\\\/\\\/www.garvanacoustic.com\\\/es\\\/referencias\\\/sala-de-piano\\\/\"},\"wordCount\":120,\"commentCount\":0,\"publisher\":{\"@id\":\"https:\\\/\\\/www.garvanacoustic.com\\\/es\\\/#organization\"},\"image\":{\"@id\":\"https:\\\/\\\/www.garvanacoustic.com\\\/es\\\/referencias\\\/sala-de-piano\\\/#primaryimage\"},\"thumbnailUrl\":\"https:\\\/\\\/www.garvanacoustic.com\\\/wp-content\\\/uploads\\\/2022\\\/12\\\/fonoassorbente-pianoforte_header-1.jpg\",\"articleSection\":[\"Referencias\",\"Residencial\"],\"inLanguage\":\"es\",\"potentialAction\":[{\"@type\":\"CommentAction\",\"name\":\"Comment\",\"target\":[\"https:\\\/\\\/www.garvanacoustic.com\\\/es\\\/referencias\\\/sala-de-piano\\\/#respond\"]}]},{\"@type\":\"WebPage\",\"@id\":\"https:\\\/\\\/www.garvanacoustic.com\\\/es\\\/referencias\\\/sala-de-piano\\\/\",\"url\":\"https:\\\/\\\/www.garvanacoustic.com\\\/es\\\/referencias\\\/sala-de-piano\\\/\",\"name\":\"SALA DE PIANO - Garvan Acoustic\",\"isPartOf\":{\"@id\":\"https:\\\/\\\/www.garvanacoustic.com\\\/es\\\/#website\"},\"primaryImageOfPage\":{\"@id\":\"https:\\\/\\\/www.garvanacoustic.com\\\/es\\\/referencias\\\/sala-de-piano\\\/#primaryimage\"},\"image\":{\"@id\":\"https:\\\/\\\/www.garvanacoustic.com\\\/es\\\/referencias\\\/sala-de-piano\\\/#primaryimage\"},\"thumbnailUrl\":\"https:\\\/\\\/www.garvanacoustic.com\\\/wp-content\\\/uploads\\\/2022\\\/12\\\/fonoassorbente-pianoforte_header-1.jpg\",\"datePublished\":\"2024-02-06T15:36:50+00:00\",\"dateModified\":\"2024-02-06T15:41:18+00:00\",\"description\":\"La suspensi\u00f3n insonorizante de la colecci\u00f3n MicrobaffleTM de Garvan\u00ae crea un entorno contempor\u00e1neo para la sala del piano de esta residencia privada.\",\"breadcrumb\":{\"@id\":\"https:\\\/\\\/www.garvanacoustic.com\\\/es\\\/referencias\\\/sala-de-piano\\\/#breadcrumb\"},\"inLanguage\":\"es\",\"potentialAction\":[{\"@type\":\"ReadAction\",\"target\":[\"https:\\\/\\\/www.garvanacoustic.com\\\/es\\\/referencias\\\/sala-de-piano\\\/\"]}]},{\"@type\":\"ImageObject\",\"inLanguage\":\"es\",\"@id\":\"https:\\\/\\\/www.garvanacoustic.com\\\/es\\\/referencias\\\/sala-de-piano\\\/#primaryimage\",\"url\":\"https:\\\/\\\/www.garvanacoustic.com\\\/wp-content\\\/uploads\\\/2022\\\/12\\\/fonoassorbente-pianoforte_header-1.jpg\",\"contentUrl\":\"https:\\\/\\\/www.garvanacoustic.com\\\/wp-content\\\/uploads\\\/2022\\\/12\\\/fonoassorbente-pianoforte_header-1.jpg\",\"width\":411,\"height\":225},{\"@type\":\"BreadcrumbList\",\"@id\":\"https:\\\/\\\/www.garvanacoustic.com\\\/es\\\/referencias\\\/sala-de-piano\\\/#breadcrumb\",\"itemListElement\":[{\"@type\":\"ListItem\",\"position\":1,\"name\":\"Home\",\"item\":\"https:\\\/\\\/www.garvanacoustic.com\\\/es\\\/\"},{\"@type\":\"ListItem\",\"position\":2,\"name\":\"SALA DE PIANO\"}]},{\"@type\":\"WebSite\",\"@id\":\"https:\\\/\\\/www.garvanacoustic.com\\\/es\\\/#website\",\"url\":\"https:\\\/\\\/www.garvanacoustic.com\\\/es\\\/\",\"name\":\"Garvan Acoustic\",\"description\":\"Diffusori e trattamento acustico: scopri la qualit\u00e0 del Made in Italy\",\"publisher\":{\"@id\":\"https:\\\/\\\/www.garvanacoustic.com\\\/es\\\/#organization\"},\"potentialAction\":[{\"@type\":\"SearchAction\",\"target\":{\"@type\":\"EntryPoint\",\"urlTemplate\":\"https:\\\/\\\/www.garvanacoustic.com\\\/es\\\/?s={search_term_string}\"},\"query-input\":{\"@type\":\"PropertyValueSpecification\",\"valueRequired\":true,\"valueName\":\"search_term_string\"}}],\"inLanguage\":\"es\"},{\"@type\":\"Organization\",\"@id\":\"https:\\\/\\\/www.garvanacoustic.com\\\/es\\\/#organization\",\"name\":\"Garvan Acoustic\",\"url\":\"https:\\\/\\\/www.garvanacoustic.com\\\/es\\\/\",\"logo\":{\"@type\":\"ImageObject\",\"inLanguage\":\"es\",\"@id\":\"https:\\\/\\\/www.garvanacoustic.com\\\/es\\\/#\\\/schema\\\/logo\\\/image\\\/\",\"url\":\"https:\\\/\\\/www.garvanacoustic.com\\\/wp-content\\\/uploads\\\/2018\\\/07\\\/garvan-acoustic-logo.png\",\"contentUrl\":\"https:\\\/\\\/www.garvanacoustic.com\\\/wp-content\\\/uploads\\\/2018\\\/07\\\/garvan-acoustic-logo.png\",\"width\":400,\"height\":161,\"caption\":\"Garvan Acoustic\"},\"image\":{\"@id\":\"https:\\\/\\\/www.garvanacoustic.com\\\/es\\\/#\\\/schema\\\/logo\\\/image\\\/\"},\"sameAs\":[\"https:\\\/\\\/www.facebook.com\\\/garvanacoustic\",\"https:\\\/\\\/www.instagram.com\\\/garvanacoustic\\\/\"],\"description\":\"Produttori di Diffusori Acustici e Pannelli Fonoassorbenti Made in Italy\",\"email\":\"garvan@garvanacoustic.com\",\"telephone\":\"0546 682097\"},{\"@type\":\"Person\",\"@id\":\"https:\\\/\\\/www.garvanacoustic.com\\\/es\\\/#\\\/schema\\\/person\\\/6ff430ebd72eb07e33862b57a3efd894\",\"name\":\"artigiano\",\"image\":{\"@type\":\"ImageObject\",\"inLanguage\":\"es\",\"@id\":\"https:\\\/\\\/secure.gravatar.com\\\/avatar\\\/435d84d0f64910211a3e5facb0097811767e6bf4e5c8988a895350929ecaa02a?s=96&d=mm&r=g\",\"url\":\"https:\\\/\\\/secure.gravatar.com\\\/avatar\\\/435d84d0f64910211a3e5facb0097811767e6bf4e5c8988a895350929ecaa02a?s=96&d=mm&r=g\",\"contentUrl\":\"https:\\\/\\\/secure.gravatar.com\\\/avatar\\\/435d84d0f64910211a3e5facb0097811767e6bf4e5c8988a895350929ecaa02a?s=96&d=mm&r=g\",\"caption\":\"artigiano\"},\"url\":\"https:\\\/\\\/www.garvanacoustic.com\\\/es\\\/author\\\/artigianodigitale\\\/\"}]}<\/script>\n<!-- \/ Yoast SEO Premium plugin. -->","yoast_head_json":{"title":"SALA DE PIANO - Garvan Acoustic","description":"La suspensi\u00f3n insonorizante de la colecci\u00f3n MicrobaffleTM de Garvan\u00ae crea un entorno contempor\u00e1neo para la sala del piano de esta residencia privada.","robots":{"index":"index","follow":"follow","max-snippet":"max-snippet:-1","max-image-preview":"max-image-preview:large","max-video-preview":"max-video-preview:-1"},"canonical":"https:\/\/www.garvanacoustic.com\/es\/referencias\/sala-de-piano\/","og_locale":"es_ES","og_type":"article","og_title":"SALA DE PIANO","og_description":"La suspensi\u00f3n insonorizante de la colecci\u00f3n MicrobaffleTM de Garvan\u00ae crea un entorno contempor\u00e1neo para la sala del piano de esta residencia privada.","og_url":"https:\/\/www.garvanacoustic.com\/es\/referencias\/sala-de-piano\/","og_site_name":"Garvan Acoustic","article_publisher":"https:\/\/www.facebook.com\/garvanacoustic","article_published_time":"2024-02-06T15:36:50+00:00","article_modified_time":"2024-02-06T15:41:18+00:00","og_image":[{"width":411,"height":225,"url":"https:\/\/www.garvanacoustic.com\/wp-content\/uploads\/2022\/12\/fonoassorbente-pianoforte_header-1.jpg","type":"image\/jpeg"}],"author":"artigiano","twitter_card":"summary_large_image","twitter_misc":{"Escrito por":"artigiano","Tiempo de lectura":"1 minuto"},"schema":{"@context":"https:\/\/schema.org","@graph":[{"@type":"Article","@id":"https:\/\/www.garvanacoustic.com\/es\/referencias\/sala-de-piano\/#article","isPartOf":{"@id":"https:\/\/www.garvanacoustic.com\/es\/referencias\/sala-de-piano\/"},"author":{"name":"artigiano","@id":"https:\/\/www.garvanacoustic.com\/es\/#\/schema\/person\/6ff430ebd72eb07e33862b57a3efd894"},"headline":"SALA DE PIANO","datePublished":"2024-02-06T15:36:50+00:00","dateModified":"2024-02-06T15:41:18+00:00","mainEntityOfPage":{"@id":"https:\/\/www.garvanacoustic.com\/es\/referencias\/sala-de-piano\/"},"wordCount":120,"commentCount":0,"publisher":{"@id":"https:\/\/www.garvanacoustic.com\/es\/#organization"},"image":{"@id":"https:\/\/www.garvanacoustic.com\/es\/referencias\/sala-de-piano\/#primaryimage"},"thumbnailUrl":"https:\/\/www.garvanacoustic.com\/wp-content\/uploads\/2022\/12\/fonoassorbente-pianoforte_header-1.jpg","articleSection":["Referencias","Residencial"],"inLanguage":"es","potentialAction":[{"@type":"CommentAction","name":"Comment","target":["https:\/\/www.garvanacoustic.com\/es\/referencias\/sala-de-piano\/#respond"]}]},{"@type":"WebPage","@id":"https:\/\/www.garvanacoustic.com\/es\/referencias\/sala-de-piano\/","url":"https:\/\/www.garvanacoustic.com\/es\/referencias\/sala-de-piano\/","name":"SALA DE PIANO - Garvan Acoustic","isPartOf":{"@id":"https:\/\/www.garvanacoustic.com\/es\/#website"},"primaryImageOfPage":{"@id":"https:\/\/www.garvanacoustic.com\/es\/referencias\/sala-de-piano\/#primaryimage"},"image":{"@id":"https:\/\/www.garvanacoustic.com\/es\/referencias\/sala-de-piano\/#primaryimage"},"thumbnailUrl":"https:\/\/www.garvanacoustic.com\/wp-content\/uploads\/2022\/12\/fonoassorbente-pianoforte_header-1.jpg","datePublished":"2024-02-06T15:36:50+00:00","dateModified":"2024-02-06T15:41:18+00:00","description":"La suspensi\u00f3n insonorizante de la colecci\u00f3n MicrobaffleTM de Garvan\u00ae crea un entorno contempor\u00e1neo para la sala del piano de esta residencia privada.","breadcrumb":{"@id":"https:\/\/www.garvanacoustic.com\/es\/referencias\/sala-de-piano\/#breadcrumb"},"inLanguage":"es","potentialAction":[{"@type":"ReadAction","target":["https:\/\/www.garvanacoustic.com\/es\/referencias\/sala-de-piano\/"]}]},{"@type":"ImageObject","inLanguage":"es","@id":"https:\/\/www.garvanacoustic.com\/es\/referencias\/sala-de-piano\/#primaryimage","url":"https:\/\/www.garvanacoustic.com\/wp-content\/uploads\/2022\/12\/fonoassorbente-pianoforte_header-1.jpg","contentUrl":"https:\/\/www.garvanacoustic.com\/wp-content\/uploads\/2022\/12\/fonoassorbente-pianoforte_header-1.jpg","width":411,"height":225},{"@type":"BreadcrumbList","@id":"https:\/\/www.garvanacoustic.com\/es\/referencias\/sala-de-piano\/#breadcrumb","itemListElement":[{"@type":"ListItem","position":1,"name":"Home","item":"https:\/\/www.garvanacoustic.com\/es\/"},{"@type":"ListItem","position":2,"name":"SALA DE PIANO"}]},{"@type":"WebSite","@id":"https:\/\/www.garvanacoustic.com\/es\/#website","url":"https:\/\/www.garvanacoustic.com\/es\/","name":"Garvan Acoustic","description":"Diffusori e trattamento acustico: scopri la qualit\u00e0 del Made in Italy","publisher":{"@id":"https:\/\/www.garvanacoustic.com\/es\/#organization"},"potentialAction":[{"@type":"SearchAction","target":{"@type":"EntryPoint","urlTemplate":"https:\/\/www.garvanacoustic.com\/es\/?s={search_term_string}"},"query-input":{"@type":"PropertyValueSpecification","valueRequired":true,"valueName":"search_term_string"}}],"inLanguage":"es"},{"@type":"Organization","@id":"https:\/\/www.garvanacoustic.com\/es\/#organization","name":"Garvan Acoustic","url":"https:\/\/www.garvanacoustic.com\/es\/","logo":{"@type":"ImageObject","inLanguage":"es","@id":"https:\/\/www.garvanacoustic.com\/es\/#\/schema\/logo\/image\/","url":"https:\/\/www.garvanacoustic.com\/wp-content\/uploads\/2018\/07\/garvan-acoustic-logo.png","contentUrl":"https:\/\/www.garvanacoustic.com\/wp-content\/uploads\/2018\/07\/garvan-acoustic-logo.png","width":400,"height":161,"caption":"Garvan Acoustic"},"image":{"@id":"https:\/\/www.garvanacoustic.com\/es\/#\/schema\/logo\/image\/"},"sameAs":["https:\/\/www.facebook.com\/garvanacoustic","https:\/\/www.instagram.com\/garvanacoustic\/"],"description":"Produttori di Diffusori Acustici e Pannelli Fonoassorbenti Made in Italy","email":"garvan@garvanacoustic.com","telephone":"0546 682097"},{"@type":"Person","@id":"https:\/\/www.garvanacoustic.com\/es\/#\/schema\/person\/6ff430ebd72eb07e33862b57a3efd894","name":"artigiano","image":{"@type":"ImageObject","inLanguage":"es","@id":"https:\/\/secure.gravatar.com\/avatar\/435d84d0f64910211a3e5facb0097811767e6bf4e5c8988a895350929ecaa02a?s=96&d=mm&r=g","url":"https:\/\/secure.gravatar.com\/avatar\/435d84d0f64910211a3e5facb0097811767e6bf4e5c8988a895350929ecaa02a?s=96&d=mm&r=g","contentUrl":"https:\/\/secure.gravatar.com\/avatar\/435d84d0f64910211a3e5facb0097811767e6bf4e5c8988a895350929ecaa02a?s=96&d=mm&r=g","caption":"artigiano"},"url":"https:\/\/www.garvanacoustic.com\/es\/author\/artigianodigitale\/"}]}},"_links":{"self":[{"href":"https:\/\/www.garvanacoustic.com\/es\/wp-json\/wp\/v2\/posts\/66098","targetHints":{"allow":["GET"]}}],"collection":[{"href":"https:\/\/www.garvanacoustic.com\/es\/wp-json\/wp\/v2\/posts"}],"about":[{"href":"https:\/\/www.garvanacoustic.com\/es\/wp-json\/wp\/v2\/types\/post"}],"author":[{"embeddable":true,"href":"https:\/\/www.garvanacoustic.com\/es\/wp-json\/wp\/v2\/users\/11"}],"replies":[{"embeddable":true,"href":"https:\/\/www.garvanacoustic.com\/es\/wp-json\/wp\/v2\/comments?post=66098"}],"version-history":[{"count":11,"href":"https:\/\/www.garvanacoustic.com\/es\/wp-json\/wp\/v2\/posts\/66098\/revisions"}],"predecessor-version":[{"id":66167,"href":"https:\/\/www.garvanacoustic.com\/es\/wp-json\/wp\/v2\/posts\/66098\/revisions\/66167"}],"wp:featuredmedia":[{"embeddable":true,"href":"https:\/\/www.garvanacoustic.com\/es\/wp-json\/wp\/v2\/media\/58650"}],"wp:attachment":[{"href":"https:\/\/www.garvanacoustic.com\/es\/wp-json\/wp\/v2\/media?parent=66098"}],"wp:term":[{"taxonomy":"category","embeddable":true,"href":"https:\/\/www.garvanacoustic.com\/es\/wp-json\/wp\/v2\/categories?post=66098"},{"taxonomy":"post_tag","embeddable":true,"href":"https:\/\/www.garvanacoustic.com\/es\/wp-json\/wp\/v2\/tags?post=66098"}],"curies":[{"name":"wp","href":"https:\/\/api.w.org\/{rel}","templated":true}]}}