{"id":66114,"date":"2024-02-06T16:36:52","date_gmt":"2024-02-06T15:36:52","guid":{"rendered":"https:\/\/www.garvanacoustic.com\/sin-categorizar\/cine-en-casa-en-la-costa-azul\/"},"modified":"2024-02-06T16:42:34","modified_gmt":"2024-02-06T15:42:34","slug":"cine-en-casa-en-la-costa-azul","status":"publish","type":"post","link":"https:\/\/www.garvanacoustic.com\/es\/referencias\/cine-en-casa-en-la-costa-azul\/","title":{"rendered":"Cine en casa en la Costa Azul"},"content":{"rendered":"<section><div class=\"container\"><div class=\"row\"><div class=\"wpb_column hcode-column-container vc_col-sm-12 col-xs-mobile-fullwidth\" data-front-class=\"col-xs-mobile-fullwidth\"><div class=\"vc-column-innner-wrapper\"><p>Villa La Magnaneraie es una elegante mansi\u00f3n con vistas al mar de la Costa Azul desde una roca ba\u00f1ada por el sol. Una vivienda exclusiva para la que se eligi\u00f3 el inconfundible dise\u00f1o de los altavoces Garvan.<\/p>\n<p>El sistema de cine en casa, totalmente personalizado e integrado como resultado de la sinergia entre Studio Matteoni (arquitectos Andrea y Maddalena Matteoni), Tecnoarredo snc (Luca y Matteo Pelliccioni) y Cat di Bertozzi &amp; C., utiliza altavoces Garvan de alto rendimiento.<\/p>\n<p>Pared frontal: 2 altavoces frontales SIR513 + 1 altavoz central SIR513 con est\u00e9tica de tela sonotransl\u00facida + 2 subwoofers WIM220 con est\u00e9tica de metal microperforado negro mate.<\/p>\n<p>Paredes laterales: 2 altavoces SIM313 con est\u00e9tica de metal microperforado negro mate para manejar los canales envolventes<\/p>\n<p>Pared trasera: 2 altavoces SIM313 con est\u00e9tica de metal microperforado negro mate para los canales traseros Surround Back que complementan la configuraci\u00f3n Dolby 7.2<\/p>\n[vc_media_grid grid_id=\"vc_gid:1541170961906-07265b19-a0cd-8\" include=\"21984,21985,21986,21987,21988\"]<\/div><\/div><\/div><\/div><\/section>","protected":false},"excerpt":{"rendered":"<p>Villa La Magnaneraie es una elegante mansi\u00f3n con vistas al mar de la Costa Azul desde una roca ba\u00f1ada por el sol. Una vivienda exclusiva para la que se eligi\u00f3 el inconfundible dise\u00f1o de los altavoces Garvan. El sistema de cine en casa, totalmente personalizado e integrado como resultado de la sinergia entre Studio Matteoni [&hellip;]<\/p>\n","protected":false},"author":6,"featured_media":22044,"comment_status":"open","ping_status":"open","sticky":false,"template":"","format":"standard","meta":{"_joinchat":[],"footnotes":""},"categories":[1662,1686],"tags":[],"class_list":["post-66114","post","type-post","status-publish","format-standard","has-post-thumbnail","hentry","category-referencias","category-residencial"],"yoast_head":"<!-- This site is optimized with the Yoast SEO Premium plugin v27.4 (Yoast SEO v27.4) - https:\/\/yoast.com\/product\/yoast-seo-premium-wordpress\/ -->\n<title>Cine en casa en la Costa Azul - Garvan Acoustic<\/title>\n<meta name=\"robots\" content=\"index, follow, max-snippet:-1, max-image-preview:large, max-video-preview:-1\" \/>\n<link rel=\"canonical\" href=\"https:\/\/www.garvanacoustic.com\/es\/referencias\/cine-en-casa-en-la-costa-azul\/\" \/>\n<meta property=\"og:locale\" content=\"es_ES\" \/>\n<meta property=\"og:type\" content=\"article\" \/>\n<meta property=\"og:title\" content=\"Cine en casa en la Costa Azul\" \/>\n<meta property=\"og:description\" content=\"Villa La Magnaneraie es una elegante mansi\u00f3n con vistas al mar de la Costa Azul desde una roca ba\u00f1ada por el sol. Una vivienda exclusiva para la que se eligi\u00f3 el inconfundible dise\u00f1o de los altavoces Garvan. El sistema de cine en casa, totalmente personalizado e integrado como resultado de la sinergia entre Studio Matteoni [&hellip;]\" \/>\n<meta property=\"og:url\" content=\"https:\/\/www.garvanacoustic.com\/es\/referencias\/cine-en-casa-en-la-costa-azul\/\" \/>\n<meta property=\"og:site_name\" content=\"Garvan Acoustic\" \/>\n<meta property=\"article:publisher\" content=\"https:\/\/www.facebook.com\/garvanacoustic\" \/>\n<meta property=\"article:published_time\" content=\"2024-02-06T15:36:52+00:00\" \/>\n<meta property=\"article:modified_time\" content=\"2024-02-06T15:42:34+00:00\" \/>\n<meta property=\"og:image\" content=\"https:\/\/www.garvanacoustic.com\/wp-content\/uploads\/2018\/11\/Home-cinema-in-Costa-Azzurra.jpg\" \/>\n\t<meta property=\"og:image:width\" content=\"760\" \/>\n\t<meta property=\"og:image:height\" content=\"570\" \/>\n\t<meta property=\"og:image:type\" content=\"image\/jpeg\" \/>\n<meta name=\"author\" content=\"garvan_editor\" \/>\n<meta name=\"twitter:card\" content=\"summary_large_image\" \/>\n<meta name=\"twitter:label1\" content=\"Escrito por\" \/>\n\t<meta name=\"twitter:data1\" content=\"garvan_editor\" \/>\n\t<meta name=\"twitter:label2\" content=\"Tiempo de lectura\" \/>\n\t<meta name=\"twitter:data2\" content=\"1 minuto\" \/>\n<script type=\"application\/ld+json\" class=\"yoast-schema-graph\">{\"@context\":\"https:\\\/\\\/schema.org\",\"@graph\":[{\"@type\":\"Article\",\"@id\":\"https:\\\/\\\/www.garvanacoustic.com\\\/es\\\/referencias\\\/cine-en-casa-en-la-costa-azul\\\/#article\",\"isPartOf\":{\"@id\":\"https:\\\/\\\/www.garvanacoustic.com\\\/es\\\/referencias\\\/cine-en-casa-en-la-costa-azul\\\/\"},\"author\":{\"name\":\"garvan_editor\",\"@id\":\"https:\\\/\\\/www.garvanacoustic.com\\\/es\\\/#\\\/schema\\\/person\\\/09727156b8cb00892d1258442a3c907d\"},\"headline\":\"Cine en casa en la Costa Azul\",\"datePublished\":\"2024-02-06T15:36:52+00:00\",\"dateModified\":\"2024-02-06T15:42:34+00:00\",\"mainEntityOfPage\":{\"@id\":\"https:\\\/\\\/www.garvanacoustic.com\\\/es\\\/referencias\\\/cine-en-casa-en-la-costa-azul\\\/\"},\"wordCount\":181,\"commentCount\":0,\"publisher\":{\"@id\":\"https:\\\/\\\/www.garvanacoustic.com\\\/es\\\/#organization\"},\"image\":{\"@id\":\"https:\\\/\\\/www.garvanacoustic.com\\\/es\\\/referencias\\\/cine-en-casa-en-la-costa-azul\\\/#primaryimage\"},\"thumbnailUrl\":\"https:\\\/\\\/www.garvanacoustic.com\\\/wp-content\\\/uploads\\\/2018\\\/11\\\/Home-cinema-in-Costa-Azzurra.jpg\",\"articleSection\":[\"Referencias\",\"Residencial\"],\"inLanguage\":\"es\",\"potentialAction\":[{\"@type\":\"CommentAction\",\"name\":\"Comment\",\"target\":[\"https:\\\/\\\/www.garvanacoustic.com\\\/es\\\/referencias\\\/cine-en-casa-en-la-costa-azul\\\/#respond\"]}]},{\"@type\":\"WebPage\",\"@id\":\"https:\\\/\\\/www.garvanacoustic.com\\\/es\\\/referencias\\\/cine-en-casa-en-la-costa-azul\\\/\",\"url\":\"https:\\\/\\\/www.garvanacoustic.com\\\/es\\\/referencias\\\/cine-en-casa-en-la-costa-azul\\\/\",\"name\":\"Cine en casa en la Costa Azul - Garvan Acoustic\",\"isPartOf\":{\"@id\":\"https:\\\/\\\/www.garvanacoustic.com\\\/es\\\/#website\"},\"primaryImageOfPage\":{\"@id\":\"https:\\\/\\\/www.garvanacoustic.com\\\/es\\\/referencias\\\/cine-en-casa-en-la-costa-azul\\\/#primaryimage\"},\"image\":{\"@id\":\"https:\\\/\\\/www.garvanacoustic.com\\\/es\\\/referencias\\\/cine-en-casa-en-la-costa-azul\\\/#primaryimage\"},\"thumbnailUrl\":\"https:\\\/\\\/www.garvanacoustic.com\\\/wp-content\\\/uploads\\\/2018\\\/11\\\/Home-cinema-in-Costa-Azzurra.jpg\",\"datePublished\":\"2024-02-06T15:36:52+00:00\",\"dateModified\":\"2024-02-06T15:42:34+00:00\",\"breadcrumb\":{\"@id\":\"https:\\\/\\\/www.garvanacoustic.com\\\/es\\\/referencias\\\/cine-en-casa-en-la-costa-azul\\\/#breadcrumb\"},\"inLanguage\":\"es\",\"potentialAction\":[{\"@type\":\"ReadAction\",\"target\":[\"https:\\\/\\\/www.garvanacoustic.com\\\/es\\\/referencias\\\/cine-en-casa-en-la-costa-azul\\\/\"]}]},{\"@type\":\"ImageObject\",\"inLanguage\":\"es\",\"@id\":\"https:\\\/\\\/www.garvanacoustic.com\\\/es\\\/referencias\\\/cine-en-casa-en-la-costa-azul\\\/#primaryimage\",\"url\":\"https:\\\/\\\/www.garvanacoustic.com\\\/wp-content\\\/uploads\\\/2018\\\/11\\\/Home-cinema-in-Costa-Azzurra.jpg\",\"contentUrl\":\"https:\\\/\\\/www.garvanacoustic.com\\\/wp-content\\\/uploads\\\/2018\\\/11\\\/Home-cinema-in-Costa-Azzurra.jpg\",\"width\":760,\"height\":570},{\"@type\":\"BreadcrumbList\",\"@id\":\"https:\\\/\\\/www.garvanacoustic.com\\\/es\\\/referencias\\\/cine-en-casa-en-la-costa-azul\\\/#breadcrumb\",\"itemListElement\":[{\"@type\":\"ListItem\",\"position\":1,\"name\":\"Home\",\"item\":\"https:\\\/\\\/www.garvanacoustic.com\\\/es\\\/\"},{\"@type\":\"ListItem\",\"position\":2,\"name\":\"Cine en casa en la Costa Azul\"}]},{\"@type\":\"WebSite\",\"@id\":\"https:\\\/\\\/www.garvanacoustic.com\\\/es\\\/#website\",\"url\":\"https:\\\/\\\/www.garvanacoustic.com\\\/es\\\/\",\"name\":\"Garvan Acoustic\",\"description\":\"Diffusori e trattamento acustico: scopri la qualit\u00e0 del Made in Italy\",\"publisher\":{\"@id\":\"https:\\\/\\\/www.garvanacoustic.com\\\/es\\\/#organization\"},\"potentialAction\":[{\"@type\":\"SearchAction\",\"target\":{\"@type\":\"EntryPoint\",\"urlTemplate\":\"https:\\\/\\\/www.garvanacoustic.com\\\/es\\\/?s={search_term_string}\"},\"query-input\":{\"@type\":\"PropertyValueSpecification\",\"valueRequired\":true,\"valueName\":\"search_term_string\"}}],\"inLanguage\":\"es\"},{\"@type\":\"Organization\",\"@id\":\"https:\\\/\\\/www.garvanacoustic.com\\\/es\\\/#organization\",\"name\":\"Garvan Acoustic\",\"url\":\"https:\\\/\\\/www.garvanacoustic.com\\\/es\\\/\",\"logo\":{\"@type\":\"ImageObject\",\"inLanguage\":\"es\",\"@id\":\"https:\\\/\\\/www.garvanacoustic.com\\\/es\\\/#\\\/schema\\\/logo\\\/image\\\/\",\"url\":\"https:\\\/\\\/www.garvanacoustic.com\\\/wp-content\\\/uploads\\\/2018\\\/07\\\/garvan-acoustic-logo.png\",\"contentUrl\":\"https:\\\/\\\/www.garvanacoustic.com\\\/wp-content\\\/uploads\\\/2018\\\/07\\\/garvan-acoustic-logo.png\",\"width\":400,\"height\":161,\"caption\":\"Garvan Acoustic\"},\"image\":{\"@id\":\"https:\\\/\\\/www.garvanacoustic.com\\\/es\\\/#\\\/schema\\\/logo\\\/image\\\/\"},\"sameAs\":[\"https:\\\/\\\/www.facebook.com\\\/garvanacoustic\",\"https:\\\/\\\/www.instagram.com\\\/garvanacoustic\\\/\"],\"description\":\"Produttori di Diffusori Acustici e Pannelli Fonoassorbenti Made in Italy\",\"email\":\"garvan@garvanacoustic.com\",\"telephone\":\"0546 682097\"},{\"@type\":\"Person\",\"@id\":\"https:\\\/\\\/www.garvanacoustic.com\\\/es\\\/#\\\/schema\\\/person\\\/09727156b8cb00892d1258442a3c907d\",\"name\":\"garvan_editor\",\"image\":{\"@type\":\"ImageObject\",\"inLanguage\":\"es\",\"@id\":\"https:\\\/\\\/secure.gravatar.com\\\/avatar\\\/e9162e14491fbe40c8b8f258b3dcc580abbd812dd4769ec35a2771dab4442bd3?s=96&d=mm&r=g\",\"url\":\"https:\\\/\\\/secure.gravatar.com\\\/avatar\\\/e9162e14491fbe40c8b8f258b3dcc580abbd812dd4769ec35a2771dab4442bd3?s=96&d=mm&r=g\",\"contentUrl\":\"https:\\\/\\\/secure.gravatar.com\\\/avatar\\\/e9162e14491fbe40c8b8f258b3dcc580abbd812dd4769ec35a2771dab4442bd3?s=96&d=mm&r=g\",\"caption\":\"garvan_editor\"},\"url\":\"https:\\\/\\\/www.garvanacoustic.com\\\/es\\\/author\\\/garvan_editor\\\/\"}]}<\/script>\n<!-- \/ Yoast SEO Premium plugin. -->","yoast_head_json":{"title":"Cine en casa en la Costa Azul - Garvan Acoustic","robots":{"index":"index","follow":"follow","max-snippet":"max-snippet:-1","max-image-preview":"max-image-preview:large","max-video-preview":"max-video-preview:-1"},"canonical":"https:\/\/www.garvanacoustic.com\/es\/referencias\/cine-en-casa-en-la-costa-azul\/","og_locale":"es_ES","og_type":"article","og_title":"Cine en casa en la Costa Azul","og_description":"Villa La Magnaneraie es una elegante mansi\u00f3n con vistas al mar de la Costa Azul desde una roca ba\u00f1ada por el sol. Una vivienda exclusiva para la que se eligi\u00f3 el inconfundible dise\u00f1o de los altavoces Garvan. El sistema de cine en casa, totalmente personalizado e integrado como resultado de la sinergia entre Studio Matteoni [&hellip;]","og_url":"https:\/\/www.garvanacoustic.com\/es\/referencias\/cine-en-casa-en-la-costa-azul\/","og_site_name":"Garvan Acoustic","article_publisher":"https:\/\/www.facebook.com\/garvanacoustic","article_published_time":"2024-02-06T15:36:52+00:00","article_modified_time":"2024-02-06T15:42:34+00:00","og_image":[{"width":760,"height":570,"url":"https:\/\/www.garvanacoustic.com\/wp-content\/uploads\/2018\/11\/Home-cinema-in-Costa-Azzurra.jpg","type":"image\/jpeg"}],"author":"garvan_editor","twitter_card":"summary_large_image","twitter_misc":{"Escrito por":"garvan_editor","Tiempo de lectura":"1 minuto"},"schema":{"@context":"https:\/\/schema.org","@graph":[{"@type":"Article","@id":"https:\/\/www.garvanacoustic.com\/es\/referencias\/cine-en-casa-en-la-costa-azul\/#article","isPartOf":{"@id":"https:\/\/www.garvanacoustic.com\/es\/referencias\/cine-en-casa-en-la-costa-azul\/"},"author":{"name":"garvan_editor","@id":"https:\/\/www.garvanacoustic.com\/es\/#\/schema\/person\/09727156b8cb00892d1258442a3c907d"},"headline":"Cine en casa en la Costa Azul","datePublished":"2024-02-06T15:36:52+00:00","dateModified":"2024-02-06T15:42:34+00:00","mainEntityOfPage":{"@id":"https:\/\/www.garvanacoustic.com\/es\/referencias\/cine-en-casa-en-la-costa-azul\/"},"wordCount":181,"commentCount":0,"publisher":{"@id":"https:\/\/www.garvanacoustic.com\/es\/#organization"},"image":{"@id":"https:\/\/www.garvanacoustic.com\/es\/referencias\/cine-en-casa-en-la-costa-azul\/#primaryimage"},"thumbnailUrl":"https:\/\/www.garvanacoustic.com\/wp-content\/uploads\/2018\/11\/Home-cinema-in-Costa-Azzurra.jpg","articleSection":["Referencias","Residencial"],"inLanguage":"es","potentialAction":[{"@type":"CommentAction","name":"Comment","target":["https:\/\/www.garvanacoustic.com\/es\/referencias\/cine-en-casa-en-la-costa-azul\/#respond"]}]},{"@type":"WebPage","@id":"https:\/\/www.garvanacoustic.com\/es\/referencias\/cine-en-casa-en-la-costa-azul\/","url":"https:\/\/www.garvanacoustic.com\/es\/referencias\/cine-en-casa-en-la-costa-azul\/","name":"Cine en casa en la Costa Azul - Garvan Acoustic","isPartOf":{"@id":"https:\/\/www.garvanacoustic.com\/es\/#website"},"primaryImageOfPage":{"@id":"https:\/\/www.garvanacoustic.com\/es\/referencias\/cine-en-casa-en-la-costa-azul\/#primaryimage"},"image":{"@id":"https:\/\/www.garvanacoustic.com\/es\/referencias\/cine-en-casa-en-la-costa-azul\/#primaryimage"},"thumbnailUrl":"https:\/\/www.garvanacoustic.com\/wp-content\/uploads\/2018\/11\/Home-cinema-in-Costa-Azzurra.jpg","datePublished":"2024-02-06T15:36:52+00:00","dateModified":"2024-02-06T15:42:34+00:00","breadcrumb":{"@id":"https:\/\/www.garvanacoustic.com\/es\/referencias\/cine-en-casa-en-la-costa-azul\/#breadcrumb"},"inLanguage":"es","potentialAction":[{"@type":"ReadAction","target":["https:\/\/www.garvanacoustic.com\/es\/referencias\/cine-en-casa-en-la-costa-azul\/"]}]},{"@type":"ImageObject","inLanguage":"es","@id":"https:\/\/www.garvanacoustic.com\/es\/referencias\/cine-en-casa-en-la-costa-azul\/#primaryimage","url":"https:\/\/www.garvanacoustic.com\/wp-content\/uploads\/2018\/11\/Home-cinema-in-Costa-Azzurra.jpg","contentUrl":"https:\/\/www.garvanacoustic.com\/wp-content\/uploads\/2018\/11\/Home-cinema-in-Costa-Azzurra.jpg","width":760,"height":570},{"@type":"BreadcrumbList","@id":"https:\/\/www.garvanacoustic.com\/es\/referencias\/cine-en-casa-en-la-costa-azul\/#breadcrumb","itemListElement":[{"@type":"ListItem","position":1,"name":"Home","item":"https:\/\/www.garvanacoustic.com\/es\/"},{"@type":"ListItem","position":2,"name":"Cine en casa en la Costa Azul"}]},{"@type":"WebSite","@id":"https:\/\/www.garvanacoustic.com\/es\/#website","url":"https:\/\/www.garvanacoustic.com\/es\/","name":"Garvan Acoustic","description":"Diffusori e trattamento acustico: scopri la qualit\u00e0 del Made in Italy","publisher":{"@id":"https:\/\/www.garvanacoustic.com\/es\/#organization"},"potentialAction":[{"@type":"SearchAction","target":{"@type":"EntryPoint","urlTemplate":"https:\/\/www.garvanacoustic.com\/es\/?s={search_term_string}"},"query-input":{"@type":"PropertyValueSpecification","valueRequired":true,"valueName":"search_term_string"}}],"inLanguage":"es"},{"@type":"Organization","@id":"https:\/\/www.garvanacoustic.com\/es\/#organization","name":"Garvan Acoustic","url":"https:\/\/www.garvanacoustic.com\/es\/","logo":{"@type":"ImageObject","inLanguage":"es","@id":"https:\/\/www.garvanacoustic.com\/es\/#\/schema\/logo\/image\/","url":"https:\/\/www.garvanacoustic.com\/wp-content\/uploads\/2018\/07\/garvan-acoustic-logo.png","contentUrl":"https:\/\/www.garvanacoustic.com\/wp-content\/uploads\/2018\/07\/garvan-acoustic-logo.png","width":400,"height":161,"caption":"Garvan Acoustic"},"image":{"@id":"https:\/\/www.garvanacoustic.com\/es\/#\/schema\/logo\/image\/"},"sameAs":["https:\/\/www.facebook.com\/garvanacoustic","https:\/\/www.instagram.com\/garvanacoustic\/"],"description":"Produttori di Diffusori Acustici e Pannelli Fonoassorbenti Made in Italy","email":"garvan@garvanacoustic.com","telephone":"0546 682097"},{"@type":"Person","@id":"https:\/\/www.garvanacoustic.com\/es\/#\/schema\/person\/09727156b8cb00892d1258442a3c907d","name":"garvan_editor","image":{"@type":"ImageObject","inLanguage":"es","@id":"https:\/\/secure.gravatar.com\/avatar\/e9162e14491fbe40c8b8f258b3dcc580abbd812dd4769ec35a2771dab4442bd3?s=96&d=mm&r=g","url":"https:\/\/secure.gravatar.com\/avatar\/e9162e14491fbe40c8b8f258b3dcc580abbd812dd4769ec35a2771dab4442bd3?s=96&d=mm&r=g","contentUrl":"https:\/\/secure.gravatar.com\/avatar\/e9162e14491fbe40c8b8f258b3dcc580abbd812dd4769ec35a2771dab4442bd3?s=96&d=mm&r=g","caption":"garvan_editor"},"url":"https:\/\/www.garvanacoustic.com\/es\/author\/garvan_editor\/"}]}},"_links":{"self":[{"href":"https:\/\/www.garvanacoustic.com\/es\/wp-json\/wp\/v2\/posts\/66114","targetHints":{"allow":["GET"]}}],"collection":[{"href":"https:\/\/www.garvanacoustic.com\/es\/wp-json\/wp\/v2\/posts"}],"about":[{"href":"https:\/\/www.garvanacoustic.com\/es\/wp-json\/wp\/v2\/types\/post"}],"author":[{"embeddable":true,"href":"https:\/\/www.garvanacoustic.com\/es\/wp-json\/wp\/v2\/users\/6"}],"replies":[{"embeddable":true,"href":"https:\/\/www.garvanacoustic.com\/es\/wp-json\/wp\/v2\/comments?post=66114"}],"version-history":[{"count":2,"href":"https:\/\/www.garvanacoustic.com\/es\/wp-json\/wp\/v2\/posts\/66114\/revisions"}],"predecessor-version":[{"id":66127,"href":"https:\/\/www.garvanacoustic.com\/es\/wp-json\/wp\/v2\/posts\/66114\/revisions\/66127"}],"wp:featuredmedia":[{"embeddable":true,"href":"https:\/\/www.garvanacoustic.com\/es\/wp-json\/wp\/v2\/media\/22044"}],"wp:attachment":[{"href":"https:\/\/www.garvanacoustic.com\/es\/wp-json\/wp\/v2\/media?parent=66114"}],"wp:term":[{"taxonomy":"category","embeddable":true,"href":"https:\/\/www.garvanacoustic.com\/es\/wp-json\/wp\/v2\/categories?post=66114"},{"taxonomy":"post_tag","embeddable":true,"href":"https:\/\/www.garvanacoustic.com\/es\/wp-json\/wp\/v2\/tags?post=66114"}],"curies":[{"name":"wp","href":"https:\/\/api.w.org\/{rel}","templated":true}]}}