{"id":66200,"date":"2024-02-06T16:53:40","date_gmt":"2024-02-06T15:53:40","guid":{"rendered":"https:\/\/www.garvanacoustic.com\/sin-categorizar\/el-testigo-invisible-presentacion-de-goccia\/"},"modified":"2024-02-06T16:59:26","modified_gmt":"2024-02-06T15:59:26","slug":"el-testigo-invisible-presentacion-de-goccia","status":"publish","type":"post","link":"https:\/\/www.garvanacoustic.com\/es\/referencias\/peliculas-y-series-de-tv\/el-testigo-invisible-presentacion-de-goccia\/","title":{"rendered":"El testigo invisible\u00bb: presentaci\u00f3n de Goccia"},"content":{"rendered":"<section class=\"no-padding\"><div class=\"container\"><div class=\"row\"><div class=\"wpb_column hcode-column-container  col-xs-mobile-fullwidth\" data-front-class=\"col-xs-mobile-fullwidth front-column-class\"><div class=\"vc-column-innner-wrapper\"><div class=\"fit-videos\"><iframe    src=\"https:\/\/www.youtube.com\/embed\/zS4x7V8HlGw?autoplay=0&loop=0\"><\/iframe><\/div><p><span class=\"style-scope yt-formatted-string\" dir=\"auto\">\"El testigo invisible\": una pel\u00edcula protagonizada por Riccardo Scamarcio y Goccia, los altavoces cer\u00e1micos de Garvan Acoustic.<\/span><\/p>\n<p><span class=\"style-scope yt-formatted-string\" dir=\"auto\">Los altavoces se revelan en la gran pantalla en una escena final de esta pel\u00edcula que te dejar\u00e1 sin aliento.<br \/>\n<\/span><\/p>\n<p><a href=\"https:\/\/www.comingsoon.it\/film\/il-testimone-invisibile\/54907\/scheda\/\">M\u00e1s informaci\u00f3n sobre la pel\u00edcula<\/a><\/p>\n<p><a href=\"\/es?page_id=65361\">\u00a1Descubra la colecci\u00f3n Goccia de Garvan Acoustic!<\/a><\/p>\n<\/div><\/div><\/div><\/div><\/section>","protected":false},"excerpt":{"rendered":"<p>\u00abEl testigo invisible\u00bb: una pel\u00edcula protagonizada por Riccardo Scamarcio y Goccia, los altavoces cer\u00e1micos de Garvan Acoustic. Los altavoces se revelan en la gran pantalla en una escena final de esta pel\u00edcula que te dejar\u00e1 sin aliento. M\u00e1s informaci\u00f3n sobre la pel\u00edcula \u00a1Descubra la colecci\u00f3n Goccia de Garvan Acoustic!<\/p>\n","protected":false},"author":8,"featured_media":51481,"comment_status":"open","ping_status":"open","sticky":false,"template":"","format":"image","meta":{"_joinchat":[],"footnotes":""},"categories":[1682],"tags":[],"class_list":["post-66200","post","type-post","status-publish","format-image","has-post-thumbnail","hentry","category-peliculas-y-series-de-tv","post_format-post-format-image"],"yoast_head":"<!-- This site is optimized with the Yoast SEO Premium plugin v27.4 (Yoast SEO v27.4) - https:\/\/yoast.com\/product\/yoast-seo-premium-wordpress\/ -->\n<title>El testigo invisible&quot;: presentaci\u00f3n de Goccia - Garvan Acoustic<\/title>\n<meta name=\"description\" content=\"El testigo invisible&quot;: una pel\u00edcula protagonizada por Riccardo Scamarcio y altavoces cer\u00e1micos Goccia de Garvan Acoustic.\" \/>\n<meta name=\"robots\" content=\"index, follow, max-snippet:-1, max-image-preview:large, max-video-preview:-1\" \/>\n<link rel=\"canonical\" href=\"https:\/\/www.garvanacoustic.com\/es\/referencias\/peliculas-y-series-de-tv\/el-testigo-invisible-presentacion-de-goccia\/\" \/>\n<meta property=\"og:locale\" content=\"es_ES\" \/>\n<meta property=\"og:type\" content=\"article\" \/>\n<meta property=\"og:title\" content=\"El testigo invisible&quot;: presentaci\u00f3n de Goccia\" \/>\n<meta property=\"og:description\" content=\"El testigo invisible&quot;: una pel\u00edcula protagonizada por Riccardo Scamarcio y altavoces cer\u00e1micos Goccia de Garvan Acoustic.\" \/>\n<meta property=\"og:url\" content=\"https:\/\/www.garvanacoustic.com\/es\/referencias\/peliculas-y-series-de-tv\/el-testigo-invisible-presentacion-de-goccia\/\" \/>\n<meta property=\"og:site_name\" content=\"Garvan Acoustic\" \/>\n<meta property=\"article:publisher\" content=\"https:\/\/www.facebook.com\/garvanacoustic\" \/>\n<meta property=\"article:published_time\" content=\"2024-02-06T15:53:40+00:00\" \/>\n<meta property=\"article:modified_time\" content=\"2024-02-06T15:59:26+00:00\" \/>\n<meta property=\"og:image\" content=\"https:\/\/www.garvanacoustic.com\/wp-content\/uploads\/2021\/12\/il-testimone-invisibile.jpg\" \/>\n\t<meta property=\"og:image:width\" content=\"760\" \/>\n\t<meta property=\"og:image:height\" content=\"570\" \/>\n\t<meta property=\"og:image:type\" content=\"image\/jpeg\" \/>\n<meta name=\"author\" content=\"Tommaso Minardi\" \/>\n<meta name=\"twitter:card\" content=\"summary_large_image\" \/>\n<meta name=\"twitter:label1\" content=\"Escrito por\" \/>\n\t<meta name=\"twitter:data1\" content=\"Tommaso Minardi\" \/>\n<script type=\"application\/ld+json\" class=\"yoast-schema-graph\">{\"@context\":\"https:\\\/\\\/schema.org\",\"@graph\":[{\"@type\":\"Article\",\"@id\":\"https:\\\/\\\/www.garvanacoustic.com\\\/es\\\/referencias\\\/peliculas-y-series-de-tv\\\/el-testigo-invisible-presentacion-de-goccia\\\/#article\",\"isPartOf\":{\"@id\":\"https:\\\/\\\/www.garvanacoustic.com\\\/es\\\/referencias\\\/peliculas-y-series-de-tv\\\/el-testigo-invisible-presentacion-de-goccia\\\/\"},\"author\":{\"name\":\"Tommaso Minardi\",\"@id\":\"https:\\\/\\\/www.garvanacoustic.com\\\/es\\\/#\\\/schema\\\/person\\\/6a1c1645f07f7a0aa5e018c2f909f355\"},\"headline\":\"El testigo invisible\u00bb: presentaci\u00f3n de Goccia\",\"datePublished\":\"2024-02-06T15:53:40+00:00\",\"dateModified\":\"2024-02-06T15:59:26+00:00\",\"mainEntityOfPage\":{\"@id\":\"https:\\\/\\\/www.garvanacoustic.com\\\/es\\\/referencias\\\/peliculas-y-series-de-tv\\\/el-testigo-invisible-presentacion-de-goccia\\\/\"},\"wordCount\":101,\"commentCount\":0,\"publisher\":{\"@id\":\"https:\\\/\\\/www.garvanacoustic.com\\\/es\\\/#organization\"},\"image\":{\"@id\":\"https:\\\/\\\/www.garvanacoustic.com\\\/es\\\/referencias\\\/peliculas-y-series-de-tv\\\/el-testigo-invisible-presentacion-de-goccia\\\/#primaryimage\"},\"thumbnailUrl\":\"https:\\\/\\\/www.garvanacoustic.com\\\/wp-content\\\/uploads\\\/2021\\\/12\\\/il-testimone-invisibile.jpg\",\"articleSection\":[\"Pel\u00edculas y series de TV\"],\"inLanguage\":\"es\",\"potentialAction\":[{\"@type\":\"CommentAction\",\"name\":\"Comment\",\"target\":[\"https:\\\/\\\/www.garvanacoustic.com\\\/es\\\/referencias\\\/peliculas-y-series-de-tv\\\/el-testigo-invisible-presentacion-de-goccia\\\/#respond\"]}]},{\"@type\":\"WebPage\",\"@id\":\"https:\\\/\\\/www.garvanacoustic.com\\\/es\\\/referencias\\\/peliculas-y-series-de-tv\\\/el-testigo-invisible-presentacion-de-goccia\\\/\",\"url\":\"https:\\\/\\\/www.garvanacoustic.com\\\/es\\\/referencias\\\/peliculas-y-series-de-tv\\\/el-testigo-invisible-presentacion-de-goccia\\\/\",\"name\":\"El testigo invisible\\\": presentaci\u00f3n de Goccia - Garvan Acoustic\",\"isPartOf\":{\"@id\":\"https:\\\/\\\/www.garvanacoustic.com\\\/es\\\/#website\"},\"primaryImageOfPage\":{\"@id\":\"https:\\\/\\\/www.garvanacoustic.com\\\/es\\\/referencias\\\/peliculas-y-series-de-tv\\\/el-testigo-invisible-presentacion-de-goccia\\\/#primaryimage\"},\"image\":{\"@id\":\"https:\\\/\\\/www.garvanacoustic.com\\\/es\\\/referencias\\\/peliculas-y-series-de-tv\\\/el-testigo-invisible-presentacion-de-goccia\\\/#primaryimage\"},\"thumbnailUrl\":\"https:\\\/\\\/www.garvanacoustic.com\\\/wp-content\\\/uploads\\\/2021\\\/12\\\/il-testimone-invisibile.jpg\",\"datePublished\":\"2024-02-06T15:53:40+00:00\",\"dateModified\":\"2024-02-06T15:59:26+00:00\",\"description\":\"El testigo invisible\\\": una pel\u00edcula protagonizada por Riccardo Scamarcio y altavoces cer\u00e1micos Goccia de Garvan Acoustic.\",\"breadcrumb\":{\"@id\":\"https:\\\/\\\/www.garvanacoustic.com\\\/es\\\/referencias\\\/peliculas-y-series-de-tv\\\/el-testigo-invisible-presentacion-de-goccia\\\/#breadcrumb\"},\"inLanguage\":\"es\",\"potentialAction\":[{\"@type\":\"ReadAction\",\"target\":[\"https:\\\/\\\/www.garvanacoustic.com\\\/es\\\/referencias\\\/peliculas-y-series-de-tv\\\/el-testigo-invisible-presentacion-de-goccia\\\/\"]}]},{\"@type\":\"ImageObject\",\"inLanguage\":\"es\",\"@id\":\"https:\\\/\\\/www.garvanacoustic.com\\\/es\\\/referencias\\\/peliculas-y-series-de-tv\\\/el-testigo-invisible-presentacion-de-goccia\\\/#primaryimage\",\"url\":\"https:\\\/\\\/www.garvanacoustic.com\\\/wp-content\\\/uploads\\\/2021\\\/12\\\/il-testimone-invisibile.jpg\",\"contentUrl\":\"https:\\\/\\\/www.garvanacoustic.com\\\/wp-content\\\/uploads\\\/2021\\\/12\\\/il-testimone-invisibile.jpg\",\"width\":760,\"height\":570},{\"@type\":\"BreadcrumbList\",\"@id\":\"https:\\\/\\\/www.garvanacoustic.com\\\/es\\\/referencias\\\/peliculas-y-series-de-tv\\\/el-testigo-invisible-presentacion-de-goccia\\\/#breadcrumb\",\"itemListElement\":[{\"@type\":\"ListItem\",\"position\":1,\"name\":\"Home\",\"item\":\"https:\\\/\\\/www.garvanacoustic.com\\\/es\\\/\"},{\"@type\":\"ListItem\",\"position\":2,\"name\":\"El testigo invisible&#8221;: presentaci\u00f3n de Goccia\"}]},{\"@type\":\"WebSite\",\"@id\":\"https:\\\/\\\/www.garvanacoustic.com\\\/es\\\/#website\",\"url\":\"https:\\\/\\\/www.garvanacoustic.com\\\/es\\\/\",\"name\":\"Garvan Acoustic\",\"description\":\"Diffusori e trattamento acustico: scopri la qualit\u00e0 del Made in Italy\",\"publisher\":{\"@id\":\"https:\\\/\\\/www.garvanacoustic.com\\\/es\\\/#organization\"},\"potentialAction\":[{\"@type\":\"SearchAction\",\"target\":{\"@type\":\"EntryPoint\",\"urlTemplate\":\"https:\\\/\\\/www.garvanacoustic.com\\\/es\\\/?s={search_term_string}\"},\"query-input\":{\"@type\":\"PropertyValueSpecification\",\"valueRequired\":true,\"valueName\":\"search_term_string\"}}],\"inLanguage\":\"es\"},{\"@type\":\"Organization\",\"@id\":\"https:\\\/\\\/www.garvanacoustic.com\\\/es\\\/#organization\",\"name\":\"Garvan Acoustic\",\"url\":\"https:\\\/\\\/www.garvanacoustic.com\\\/es\\\/\",\"logo\":{\"@type\":\"ImageObject\",\"inLanguage\":\"es\",\"@id\":\"https:\\\/\\\/www.garvanacoustic.com\\\/es\\\/#\\\/schema\\\/logo\\\/image\\\/\",\"url\":\"https:\\\/\\\/www.garvanacoustic.com\\\/wp-content\\\/uploads\\\/2018\\\/07\\\/garvan-acoustic-logo.png\",\"contentUrl\":\"https:\\\/\\\/www.garvanacoustic.com\\\/wp-content\\\/uploads\\\/2018\\\/07\\\/garvan-acoustic-logo.png\",\"width\":400,\"height\":161,\"caption\":\"Garvan Acoustic\"},\"image\":{\"@id\":\"https:\\\/\\\/www.garvanacoustic.com\\\/es\\\/#\\\/schema\\\/logo\\\/image\\\/\"},\"sameAs\":[\"https:\\\/\\\/www.facebook.com\\\/garvanacoustic\",\"https:\\\/\\\/www.instagram.com\\\/garvanacoustic\\\/\"],\"description\":\"Produttori di Diffusori Acustici e Pannelli Fonoassorbenti Made in Italy\",\"email\":\"garvan@garvanacoustic.com\",\"telephone\":\"0546 682097\"},{\"@type\":\"Person\",\"@id\":\"https:\\\/\\\/www.garvanacoustic.com\\\/es\\\/#\\\/schema\\\/person\\\/6a1c1645f07f7a0aa5e018c2f909f355\",\"name\":\"Tommaso Minardi\",\"image\":{\"@type\":\"ImageObject\",\"inLanguage\":\"es\",\"@id\":\"https:\\\/\\\/secure.gravatar.com\\\/avatar\\\/8c401eaabbdcdfbe0fe41e1798828bd51d99183ae86864950e8146a9c5cf079d?s=96&d=mm&r=g\",\"url\":\"https:\\\/\\\/secure.gravatar.com\\\/avatar\\\/8c401eaabbdcdfbe0fe41e1798828bd51d99183ae86864950e8146a9c5cf079d?s=96&d=mm&r=g\",\"contentUrl\":\"https:\\\/\\\/secure.gravatar.com\\\/avatar\\\/8c401eaabbdcdfbe0fe41e1798828bd51d99183ae86864950e8146a9c5cf079d?s=96&d=mm&r=g\",\"caption\":\"Tommaso Minardi\"},\"url\":\"https:\\\/\\\/www.garvanacoustic.com\\\/es\\\/author\\\/studioin3\\\/\"}]}<\/script>\n<!-- \/ Yoast SEO Premium plugin. -->","yoast_head_json":{"title":"El testigo invisible\": presentaci\u00f3n de Goccia - Garvan Acoustic","description":"El testigo invisible\": una pel\u00edcula protagonizada por Riccardo Scamarcio y altavoces cer\u00e1micos Goccia de Garvan Acoustic.","robots":{"index":"index","follow":"follow","max-snippet":"max-snippet:-1","max-image-preview":"max-image-preview:large","max-video-preview":"max-video-preview:-1"},"canonical":"https:\/\/www.garvanacoustic.com\/es\/referencias\/peliculas-y-series-de-tv\/el-testigo-invisible-presentacion-de-goccia\/","og_locale":"es_ES","og_type":"article","og_title":"El testigo invisible\": presentaci\u00f3n de Goccia","og_description":"El testigo invisible\": una pel\u00edcula protagonizada por Riccardo Scamarcio y altavoces cer\u00e1micos Goccia de Garvan Acoustic.","og_url":"https:\/\/www.garvanacoustic.com\/es\/referencias\/peliculas-y-series-de-tv\/el-testigo-invisible-presentacion-de-goccia\/","og_site_name":"Garvan Acoustic","article_publisher":"https:\/\/www.facebook.com\/garvanacoustic","article_published_time":"2024-02-06T15:53:40+00:00","article_modified_time":"2024-02-06T15:59:26+00:00","og_image":[{"width":760,"height":570,"url":"https:\/\/www.garvanacoustic.com\/wp-content\/uploads\/2021\/12\/il-testimone-invisibile.jpg","type":"image\/jpeg"}],"author":"Tommaso Minardi","twitter_card":"summary_large_image","twitter_misc":{"Escrito por":"Tommaso Minardi"},"schema":{"@context":"https:\/\/schema.org","@graph":[{"@type":"Article","@id":"https:\/\/www.garvanacoustic.com\/es\/referencias\/peliculas-y-series-de-tv\/el-testigo-invisible-presentacion-de-goccia\/#article","isPartOf":{"@id":"https:\/\/www.garvanacoustic.com\/es\/referencias\/peliculas-y-series-de-tv\/el-testigo-invisible-presentacion-de-goccia\/"},"author":{"name":"Tommaso Minardi","@id":"https:\/\/www.garvanacoustic.com\/es\/#\/schema\/person\/6a1c1645f07f7a0aa5e018c2f909f355"},"headline":"El testigo invisible\u00bb: presentaci\u00f3n de Goccia","datePublished":"2024-02-06T15:53:40+00:00","dateModified":"2024-02-06T15:59:26+00:00","mainEntityOfPage":{"@id":"https:\/\/www.garvanacoustic.com\/es\/referencias\/peliculas-y-series-de-tv\/el-testigo-invisible-presentacion-de-goccia\/"},"wordCount":101,"commentCount":0,"publisher":{"@id":"https:\/\/www.garvanacoustic.com\/es\/#organization"},"image":{"@id":"https:\/\/www.garvanacoustic.com\/es\/referencias\/peliculas-y-series-de-tv\/el-testigo-invisible-presentacion-de-goccia\/#primaryimage"},"thumbnailUrl":"https:\/\/www.garvanacoustic.com\/wp-content\/uploads\/2021\/12\/il-testimone-invisibile.jpg","articleSection":["Pel\u00edculas y series de TV"],"inLanguage":"es","potentialAction":[{"@type":"CommentAction","name":"Comment","target":["https:\/\/www.garvanacoustic.com\/es\/referencias\/peliculas-y-series-de-tv\/el-testigo-invisible-presentacion-de-goccia\/#respond"]}]},{"@type":"WebPage","@id":"https:\/\/www.garvanacoustic.com\/es\/referencias\/peliculas-y-series-de-tv\/el-testigo-invisible-presentacion-de-goccia\/","url":"https:\/\/www.garvanacoustic.com\/es\/referencias\/peliculas-y-series-de-tv\/el-testigo-invisible-presentacion-de-goccia\/","name":"El testigo invisible\": presentaci\u00f3n de Goccia - Garvan Acoustic","isPartOf":{"@id":"https:\/\/www.garvanacoustic.com\/es\/#website"},"primaryImageOfPage":{"@id":"https:\/\/www.garvanacoustic.com\/es\/referencias\/peliculas-y-series-de-tv\/el-testigo-invisible-presentacion-de-goccia\/#primaryimage"},"image":{"@id":"https:\/\/www.garvanacoustic.com\/es\/referencias\/peliculas-y-series-de-tv\/el-testigo-invisible-presentacion-de-goccia\/#primaryimage"},"thumbnailUrl":"https:\/\/www.garvanacoustic.com\/wp-content\/uploads\/2021\/12\/il-testimone-invisibile.jpg","datePublished":"2024-02-06T15:53:40+00:00","dateModified":"2024-02-06T15:59:26+00:00","description":"El testigo invisible\": una pel\u00edcula protagonizada por Riccardo Scamarcio y altavoces cer\u00e1micos Goccia de Garvan Acoustic.","breadcrumb":{"@id":"https:\/\/www.garvanacoustic.com\/es\/referencias\/peliculas-y-series-de-tv\/el-testigo-invisible-presentacion-de-goccia\/#breadcrumb"},"inLanguage":"es","potentialAction":[{"@type":"ReadAction","target":["https:\/\/www.garvanacoustic.com\/es\/referencias\/peliculas-y-series-de-tv\/el-testigo-invisible-presentacion-de-goccia\/"]}]},{"@type":"ImageObject","inLanguage":"es","@id":"https:\/\/www.garvanacoustic.com\/es\/referencias\/peliculas-y-series-de-tv\/el-testigo-invisible-presentacion-de-goccia\/#primaryimage","url":"https:\/\/www.garvanacoustic.com\/wp-content\/uploads\/2021\/12\/il-testimone-invisibile.jpg","contentUrl":"https:\/\/www.garvanacoustic.com\/wp-content\/uploads\/2021\/12\/il-testimone-invisibile.jpg","width":760,"height":570},{"@type":"BreadcrumbList","@id":"https:\/\/www.garvanacoustic.com\/es\/referencias\/peliculas-y-series-de-tv\/el-testigo-invisible-presentacion-de-goccia\/#breadcrumb","itemListElement":[{"@type":"ListItem","position":1,"name":"Home","item":"https:\/\/www.garvanacoustic.com\/es\/"},{"@type":"ListItem","position":2,"name":"El testigo invisible&#8221;: presentaci\u00f3n de Goccia"}]},{"@type":"WebSite","@id":"https:\/\/www.garvanacoustic.com\/es\/#website","url":"https:\/\/www.garvanacoustic.com\/es\/","name":"Garvan Acoustic","description":"Diffusori e trattamento acustico: scopri la qualit\u00e0 del Made in Italy","publisher":{"@id":"https:\/\/www.garvanacoustic.com\/es\/#organization"},"potentialAction":[{"@type":"SearchAction","target":{"@type":"EntryPoint","urlTemplate":"https:\/\/www.garvanacoustic.com\/es\/?s={search_term_string}"},"query-input":{"@type":"PropertyValueSpecification","valueRequired":true,"valueName":"search_term_string"}}],"inLanguage":"es"},{"@type":"Organization","@id":"https:\/\/www.garvanacoustic.com\/es\/#organization","name":"Garvan Acoustic","url":"https:\/\/www.garvanacoustic.com\/es\/","logo":{"@type":"ImageObject","inLanguage":"es","@id":"https:\/\/www.garvanacoustic.com\/es\/#\/schema\/logo\/image\/","url":"https:\/\/www.garvanacoustic.com\/wp-content\/uploads\/2018\/07\/garvan-acoustic-logo.png","contentUrl":"https:\/\/www.garvanacoustic.com\/wp-content\/uploads\/2018\/07\/garvan-acoustic-logo.png","width":400,"height":161,"caption":"Garvan Acoustic"},"image":{"@id":"https:\/\/www.garvanacoustic.com\/es\/#\/schema\/logo\/image\/"},"sameAs":["https:\/\/www.facebook.com\/garvanacoustic","https:\/\/www.instagram.com\/garvanacoustic\/"],"description":"Produttori di Diffusori Acustici e Pannelli Fonoassorbenti Made in Italy","email":"garvan@garvanacoustic.com","telephone":"0546 682097"},{"@type":"Person","@id":"https:\/\/www.garvanacoustic.com\/es\/#\/schema\/person\/6a1c1645f07f7a0aa5e018c2f909f355","name":"Tommaso Minardi","image":{"@type":"ImageObject","inLanguage":"es","@id":"https:\/\/secure.gravatar.com\/avatar\/8c401eaabbdcdfbe0fe41e1798828bd51d99183ae86864950e8146a9c5cf079d?s=96&d=mm&r=g","url":"https:\/\/secure.gravatar.com\/avatar\/8c401eaabbdcdfbe0fe41e1798828bd51d99183ae86864950e8146a9c5cf079d?s=96&d=mm&r=g","contentUrl":"https:\/\/secure.gravatar.com\/avatar\/8c401eaabbdcdfbe0fe41e1798828bd51d99183ae86864950e8146a9c5cf079d?s=96&d=mm&r=g","caption":"Tommaso Minardi"},"url":"https:\/\/www.garvanacoustic.com\/es\/author\/studioin3\/"}]}},"_links":{"self":[{"href":"https:\/\/www.garvanacoustic.com\/es\/wp-json\/wp\/v2\/posts\/66200","targetHints":{"allow":["GET"]}}],"collection":[{"href":"https:\/\/www.garvanacoustic.com\/es\/wp-json\/wp\/v2\/posts"}],"about":[{"href":"https:\/\/www.garvanacoustic.com\/es\/wp-json\/wp\/v2\/types\/post"}],"author":[{"embeddable":true,"href":"https:\/\/www.garvanacoustic.com\/es\/wp-json\/wp\/v2\/users\/8"}],"replies":[{"embeddable":true,"href":"https:\/\/www.garvanacoustic.com\/es\/wp-json\/wp\/v2\/comments?post=66200"}],"version-history":[{"count":3,"href":"https:\/\/www.garvanacoustic.com\/es\/wp-json\/wp\/v2\/posts\/66200\/revisions"}],"predecessor-version":[{"id":66249,"href":"https:\/\/www.garvanacoustic.com\/es\/wp-json\/wp\/v2\/posts\/66200\/revisions\/66249"}],"wp:featuredmedia":[{"embeddable":true,"href":"https:\/\/www.garvanacoustic.com\/es\/wp-json\/wp\/v2\/media\/51481"}],"wp:attachment":[{"href":"https:\/\/www.garvanacoustic.com\/es\/wp-json\/wp\/v2\/media?parent=66200"}],"wp:term":[{"taxonomy":"category","embeddable":true,"href":"https:\/\/www.garvanacoustic.com\/es\/wp-json\/wp\/v2\/categories?post=66200"},{"taxonomy":"post_tag","embeddable":true,"href":"https:\/\/www.garvanacoustic.com\/es\/wp-json\/wp\/v2\/tags?post=66200"}],"curies":[{"name":"wp","href":"https:\/\/api.w.org\/{rel}","templated":true}]}}