{"id":66225,"date":"2024-02-06T16:53:42","date_gmt":"2024-02-06T15:53:42","guid":{"rendered":"https:\/\/www.garvanacoustic.com\/sin-categorizar\/altavoces-garvan-outdoor-y-drop-en-la-pelicula-el-campeon\/"},"modified":"2024-02-06T17:01:51","modified_gmt":"2024-02-06T16:01:51","slug":"altavoces-garvan-outdoor-y-drop-en-la-pelicula-el-campeon","status":"publish","type":"post","link":"https:\/\/www.garvanacoustic.com\/es\/referencias\/peliculas-y-series-de-tv\/altavoces-garvan-outdoor-y-drop-en-la-pelicula-el-campeon\/","title":{"rendered":"Altavoces Garvan Outdoor y Goccia en la pel\u00edcula \u00abEl Campe\u00f3n"},"content":{"rendered":"<section class=\"no-padding\"><div class=\"container\"><div class=\"row\"><div class=\"wpb_column hcode-column-container  col-xs-mobile-fullwidth\" data-front-class=\"col-xs-mobile-fullwidth front-column-class\"><div class=\"vc-column-innner-wrapper\"><div class=\"fit-videos\"><iframe loading=\"lazy\" width=\"866\" height=\"467\"  src=\"https:\/\/www.youtube.com\/embed\/JZG3ryHGkJE?autoplay=0&loop=0\"><\/iframe><\/div><p><span class=\"style-scope yt-formatted-string\" dir=\"auto\">Garvan Outdoor y Goccia vuelven a protagonizar en la gran pantalla la pel\u00edcula \"Il campione\", con Stefano Accorsi.<\/span><\/p>\n<p><a href=\"https:\/\/www.comingsoon.it\/film\/il-campione\/54919\/scheda\/\">M\u00e1s informaci\u00f3n sobre la pel\u00edcula<\/a><\/p>\n<p><a href=\"\/es?page_id=65361\">\u00a1Descubra la colecci\u00f3n Goccia de Garvan Acoustic!<\/a><\/p>\n<p><a href=\"\/es?page_id=65155\">Descubra las soluciones para exteriores de Garvan<\/a><\/p>\n<\/div><\/div><\/div><\/div><\/section>","protected":false},"excerpt":{"rendered":"<p>Garvan Outdoor y Goccia vuelven a protagonizar en la gran pantalla la pel\u00edcula \u00abIl campione\u00bb, con Stefano Accorsi. M\u00e1s informaci\u00f3n sobre la pel\u00edcula \u00a1Descubra la colecci\u00f3n Goccia de Garvan Acoustic! Descubra las soluciones para exteriores de Garvan<\/p>\n","protected":false},"author":8,"featured_media":51474,"comment_status":"open","ping_status":"open","sticky":false,"template":"","format":"image","meta":{"_joinchat":[],"footnotes":""},"categories":[1682],"tags":[],"class_list":["post-66225","post","type-post","status-publish","format-image","has-post-thumbnail","hentry","category-peliculas-y-series-de-tv","post_format-post-format-image"],"yoast_head":"<!-- This site is optimized with the Yoast SEO Premium plugin v27.4 (Yoast SEO v27.4) - https:\/\/yoast.com\/product\/yoast-seo-premium-wordpress\/ -->\n<title>Altavoces Garvan Outdoor y Goccia en la pel\u00edcula &quot;El Campe\u00f3n - Garvan Acoustic<\/title>\n<meta name=\"description\" content=\"Los altavoces Garvan Outdoor y Goccia vuelven a protagonizar la gran pantalla en la pel\u00edcula &#039;Il campione&#039;, con Stefano Accorsi.\" \/>\n<meta name=\"robots\" content=\"index, follow, max-snippet:-1, max-image-preview:large, max-video-preview:-1\" \/>\n<link rel=\"canonical\" href=\"https:\/\/www.garvanacoustic.com\/es\/referencias\/peliculas-y-series-de-tv\/altavoces-garvan-outdoor-y-drop-en-la-pelicula-el-campeon\/\" \/>\n<meta property=\"og:locale\" content=\"es_ES\" \/>\n<meta property=\"og:type\" content=\"article\" \/>\n<meta property=\"og:title\" content=\"Altavoces Garvan Outdoor y Goccia en la pel\u00edcula &quot;El Campe\u00f3n\" \/>\n<meta property=\"og:description\" content=\"Los altavoces Garvan Outdoor y Goccia vuelven a protagonizar la gran pantalla en la pel\u00edcula &#039;Il campione&#039;, con Stefano Accorsi.\" \/>\n<meta property=\"og:url\" content=\"https:\/\/www.garvanacoustic.com\/es\/referencias\/peliculas-y-series-de-tv\/altavoces-garvan-outdoor-y-drop-en-la-pelicula-el-campeon\/\" \/>\n<meta property=\"og:site_name\" content=\"Garvan Acoustic\" \/>\n<meta property=\"article:publisher\" content=\"https:\/\/www.facebook.com\/garvanacoustic\" \/>\n<meta property=\"article:published_time\" content=\"2024-02-06T15:53:42+00:00\" \/>\n<meta property=\"article:modified_time\" content=\"2024-02-06T16:01:51+00:00\" \/>\n<meta property=\"og:image\" content=\"https:\/\/www.garvanacoustic.com\/wp-content\/uploads\/2021\/12\/il-campione.jpg\" \/>\n\t<meta property=\"og:image:width\" content=\"760\" \/>\n\t<meta property=\"og:image:height\" content=\"570\" \/>\n\t<meta property=\"og:image:type\" content=\"image\/jpeg\" \/>\n<meta name=\"author\" content=\"Tommaso Minardi\" \/>\n<meta name=\"twitter:card\" content=\"summary_large_image\" \/>\n<meta name=\"twitter:label1\" content=\"Escrito por\" \/>\n\t<meta name=\"twitter:data1\" content=\"Tommaso Minardi\" \/>\n<script type=\"application\/ld+json\" class=\"yoast-schema-graph\">{\"@context\":\"https:\\\/\\\/schema.org\",\"@graph\":[{\"@type\":\"Article\",\"@id\":\"https:\\\/\\\/www.garvanacoustic.com\\\/es\\\/referencias\\\/peliculas-y-series-de-tv\\\/altavoces-garvan-outdoor-y-drop-en-la-pelicula-el-campeon\\\/#article\",\"isPartOf\":{\"@id\":\"https:\\\/\\\/www.garvanacoustic.com\\\/es\\\/referencias\\\/peliculas-y-series-de-tv\\\/altavoces-garvan-outdoor-y-drop-en-la-pelicula-el-campeon\\\/\"},\"author\":{\"name\":\"Tommaso Minardi\",\"@id\":\"https:\\\/\\\/www.garvanacoustic.com\\\/es\\\/#\\\/schema\\\/person\\\/6a1c1645f07f7a0aa5e018c2f909f355\"},\"headline\":\"Altavoces Garvan Outdoor y Goccia en la pel\u00edcula \u00abEl Campe\u00f3n\",\"datePublished\":\"2024-02-06T15:53:42+00:00\",\"dateModified\":\"2024-02-06T16:01:51+00:00\",\"mainEntityOfPage\":{\"@id\":\"https:\\\/\\\/www.garvanacoustic.com\\\/es\\\/referencias\\\/peliculas-y-series-de-tv\\\/altavoces-garvan-outdoor-y-drop-en-la-pelicula-el-campeon\\\/\"},\"wordCount\":92,\"commentCount\":0,\"publisher\":{\"@id\":\"https:\\\/\\\/www.garvanacoustic.com\\\/es\\\/#organization\"},\"image\":{\"@id\":\"https:\\\/\\\/www.garvanacoustic.com\\\/es\\\/referencias\\\/peliculas-y-series-de-tv\\\/altavoces-garvan-outdoor-y-drop-en-la-pelicula-el-campeon\\\/#primaryimage\"},\"thumbnailUrl\":\"https:\\\/\\\/www.garvanacoustic.com\\\/wp-content\\\/uploads\\\/2021\\\/12\\\/il-campione.jpg\",\"articleSection\":[\"Pel\u00edculas y series de TV\"],\"inLanguage\":\"es\",\"potentialAction\":[{\"@type\":\"CommentAction\",\"name\":\"Comment\",\"target\":[\"https:\\\/\\\/www.garvanacoustic.com\\\/es\\\/referencias\\\/peliculas-y-series-de-tv\\\/altavoces-garvan-outdoor-y-drop-en-la-pelicula-el-campeon\\\/#respond\"]}]},{\"@type\":\"WebPage\",\"@id\":\"https:\\\/\\\/www.garvanacoustic.com\\\/es\\\/referencias\\\/peliculas-y-series-de-tv\\\/altavoces-garvan-outdoor-y-drop-en-la-pelicula-el-campeon\\\/\",\"url\":\"https:\\\/\\\/www.garvanacoustic.com\\\/es\\\/referencias\\\/peliculas-y-series-de-tv\\\/altavoces-garvan-outdoor-y-drop-en-la-pelicula-el-campeon\\\/\",\"name\":\"Altavoces Garvan Outdoor y Goccia en la pel\u00edcula \\\"El Campe\u00f3n - Garvan Acoustic\",\"isPartOf\":{\"@id\":\"https:\\\/\\\/www.garvanacoustic.com\\\/es\\\/#website\"},\"primaryImageOfPage\":{\"@id\":\"https:\\\/\\\/www.garvanacoustic.com\\\/es\\\/referencias\\\/peliculas-y-series-de-tv\\\/altavoces-garvan-outdoor-y-drop-en-la-pelicula-el-campeon\\\/#primaryimage\"},\"image\":{\"@id\":\"https:\\\/\\\/www.garvanacoustic.com\\\/es\\\/referencias\\\/peliculas-y-series-de-tv\\\/altavoces-garvan-outdoor-y-drop-en-la-pelicula-el-campeon\\\/#primaryimage\"},\"thumbnailUrl\":\"https:\\\/\\\/www.garvanacoustic.com\\\/wp-content\\\/uploads\\\/2021\\\/12\\\/il-campione.jpg\",\"datePublished\":\"2024-02-06T15:53:42+00:00\",\"dateModified\":\"2024-02-06T16:01:51+00:00\",\"description\":\"Los altavoces Garvan Outdoor y Goccia vuelven a protagonizar la gran pantalla en la pel\u00edcula 'Il campione', con Stefano Accorsi.\",\"breadcrumb\":{\"@id\":\"https:\\\/\\\/www.garvanacoustic.com\\\/es\\\/referencias\\\/peliculas-y-series-de-tv\\\/altavoces-garvan-outdoor-y-drop-en-la-pelicula-el-campeon\\\/#breadcrumb\"},\"inLanguage\":\"es\",\"potentialAction\":[{\"@type\":\"ReadAction\",\"target\":[\"https:\\\/\\\/www.garvanacoustic.com\\\/es\\\/referencias\\\/peliculas-y-series-de-tv\\\/altavoces-garvan-outdoor-y-drop-en-la-pelicula-el-campeon\\\/\"]}]},{\"@type\":\"ImageObject\",\"inLanguage\":\"es\",\"@id\":\"https:\\\/\\\/www.garvanacoustic.com\\\/es\\\/referencias\\\/peliculas-y-series-de-tv\\\/altavoces-garvan-outdoor-y-drop-en-la-pelicula-el-campeon\\\/#primaryimage\",\"url\":\"https:\\\/\\\/www.garvanacoustic.com\\\/wp-content\\\/uploads\\\/2021\\\/12\\\/il-campione.jpg\",\"contentUrl\":\"https:\\\/\\\/www.garvanacoustic.com\\\/wp-content\\\/uploads\\\/2021\\\/12\\\/il-campione.jpg\",\"width\":760,\"height\":570},{\"@type\":\"BreadcrumbList\",\"@id\":\"https:\\\/\\\/www.garvanacoustic.com\\\/es\\\/referencias\\\/peliculas-y-series-de-tv\\\/altavoces-garvan-outdoor-y-drop-en-la-pelicula-el-campeon\\\/#breadcrumb\",\"itemListElement\":[{\"@type\":\"ListItem\",\"position\":1,\"name\":\"Home\",\"item\":\"https:\\\/\\\/www.garvanacoustic.com\\\/es\\\/\"},{\"@type\":\"ListItem\",\"position\":2,\"name\":\"Altavoces Garvan Outdoor y Goccia en la pel\u00edcula &#8220;El Campe\u00f3n\"}]},{\"@type\":\"WebSite\",\"@id\":\"https:\\\/\\\/www.garvanacoustic.com\\\/es\\\/#website\",\"url\":\"https:\\\/\\\/www.garvanacoustic.com\\\/es\\\/\",\"name\":\"Garvan Acoustic\",\"description\":\"Diffusori e trattamento acustico: scopri la qualit\u00e0 del Made in Italy\",\"publisher\":{\"@id\":\"https:\\\/\\\/www.garvanacoustic.com\\\/es\\\/#organization\"},\"potentialAction\":[{\"@type\":\"SearchAction\",\"target\":{\"@type\":\"EntryPoint\",\"urlTemplate\":\"https:\\\/\\\/www.garvanacoustic.com\\\/es\\\/?s={search_term_string}\"},\"query-input\":{\"@type\":\"PropertyValueSpecification\",\"valueRequired\":true,\"valueName\":\"search_term_string\"}}],\"inLanguage\":\"es\"},{\"@type\":\"Organization\",\"@id\":\"https:\\\/\\\/www.garvanacoustic.com\\\/es\\\/#organization\",\"name\":\"Garvan Acoustic\",\"url\":\"https:\\\/\\\/www.garvanacoustic.com\\\/es\\\/\",\"logo\":{\"@type\":\"ImageObject\",\"inLanguage\":\"es\",\"@id\":\"https:\\\/\\\/www.garvanacoustic.com\\\/es\\\/#\\\/schema\\\/logo\\\/image\\\/\",\"url\":\"https:\\\/\\\/www.garvanacoustic.com\\\/wp-content\\\/uploads\\\/2018\\\/07\\\/garvan-acoustic-logo.png\",\"contentUrl\":\"https:\\\/\\\/www.garvanacoustic.com\\\/wp-content\\\/uploads\\\/2018\\\/07\\\/garvan-acoustic-logo.png\",\"width\":400,\"height\":161,\"caption\":\"Garvan Acoustic\"},\"image\":{\"@id\":\"https:\\\/\\\/www.garvanacoustic.com\\\/es\\\/#\\\/schema\\\/logo\\\/image\\\/\"},\"sameAs\":[\"https:\\\/\\\/www.facebook.com\\\/garvanacoustic\",\"https:\\\/\\\/www.instagram.com\\\/garvanacoustic\\\/\"],\"description\":\"Produttori di Diffusori Acustici e Pannelli Fonoassorbenti Made in Italy\",\"email\":\"garvan@garvanacoustic.com\",\"telephone\":\"0546 682097\"},{\"@type\":\"Person\",\"@id\":\"https:\\\/\\\/www.garvanacoustic.com\\\/es\\\/#\\\/schema\\\/person\\\/6a1c1645f07f7a0aa5e018c2f909f355\",\"name\":\"Tommaso Minardi\",\"image\":{\"@type\":\"ImageObject\",\"inLanguage\":\"es\",\"@id\":\"https:\\\/\\\/secure.gravatar.com\\\/avatar\\\/8c401eaabbdcdfbe0fe41e1798828bd51d99183ae86864950e8146a9c5cf079d?s=96&d=mm&r=g\",\"url\":\"https:\\\/\\\/secure.gravatar.com\\\/avatar\\\/8c401eaabbdcdfbe0fe41e1798828bd51d99183ae86864950e8146a9c5cf079d?s=96&d=mm&r=g\",\"contentUrl\":\"https:\\\/\\\/secure.gravatar.com\\\/avatar\\\/8c401eaabbdcdfbe0fe41e1798828bd51d99183ae86864950e8146a9c5cf079d?s=96&d=mm&r=g\",\"caption\":\"Tommaso Minardi\"},\"url\":\"https:\\\/\\\/www.garvanacoustic.com\\\/es\\\/author\\\/studioin3\\\/\"}]}<\/script>\n<!-- \/ Yoast SEO Premium plugin. -->","yoast_head_json":{"title":"Altavoces Garvan Outdoor y Goccia en la pel\u00edcula \"El Campe\u00f3n - Garvan Acoustic","description":"Los altavoces Garvan Outdoor y Goccia vuelven a protagonizar la gran pantalla en la pel\u00edcula 'Il campione', con Stefano Accorsi.","robots":{"index":"index","follow":"follow","max-snippet":"max-snippet:-1","max-image-preview":"max-image-preview:large","max-video-preview":"max-video-preview:-1"},"canonical":"https:\/\/www.garvanacoustic.com\/es\/referencias\/peliculas-y-series-de-tv\/altavoces-garvan-outdoor-y-drop-en-la-pelicula-el-campeon\/","og_locale":"es_ES","og_type":"article","og_title":"Altavoces Garvan Outdoor y Goccia en la pel\u00edcula \"El Campe\u00f3n","og_description":"Los altavoces Garvan Outdoor y Goccia vuelven a protagonizar la gran pantalla en la pel\u00edcula 'Il campione', con Stefano Accorsi.","og_url":"https:\/\/www.garvanacoustic.com\/es\/referencias\/peliculas-y-series-de-tv\/altavoces-garvan-outdoor-y-drop-en-la-pelicula-el-campeon\/","og_site_name":"Garvan Acoustic","article_publisher":"https:\/\/www.facebook.com\/garvanacoustic","article_published_time":"2024-02-06T15:53:42+00:00","article_modified_time":"2024-02-06T16:01:51+00:00","og_image":[{"width":760,"height":570,"url":"https:\/\/www.garvanacoustic.com\/wp-content\/uploads\/2021\/12\/il-campione.jpg","type":"image\/jpeg"}],"author":"Tommaso Minardi","twitter_card":"summary_large_image","twitter_misc":{"Escrito por":"Tommaso Minardi"},"schema":{"@context":"https:\/\/schema.org","@graph":[{"@type":"Article","@id":"https:\/\/www.garvanacoustic.com\/es\/referencias\/peliculas-y-series-de-tv\/altavoces-garvan-outdoor-y-drop-en-la-pelicula-el-campeon\/#article","isPartOf":{"@id":"https:\/\/www.garvanacoustic.com\/es\/referencias\/peliculas-y-series-de-tv\/altavoces-garvan-outdoor-y-drop-en-la-pelicula-el-campeon\/"},"author":{"name":"Tommaso Minardi","@id":"https:\/\/www.garvanacoustic.com\/es\/#\/schema\/person\/6a1c1645f07f7a0aa5e018c2f909f355"},"headline":"Altavoces Garvan Outdoor y Goccia en la pel\u00edcula \u00abEl Campe\u00f3n","datePublished":"2024-02-06T15:53:42+00:00","dateModified":"2024-02-06T16:01:51+00:00","mainEntityOfPage":{"@id":"https:\/\/www.garvanacoustic.com\/es\/referencias\/peliculas-y-series-de-tv\/altavoces-garvan-outdoor-y-drop-en-la-pelicula-el-campeon\/"},"wordCount":92,"commentCount":0,"publisher":{"@id":"https:\/\/www.garvanacoustic.com\/es\/#organization"},"image":{"@id":"https:\/\/www.garvanacoustic.com\/es\/referencias\/peliculas-y-series-de-tv\/altavoces-garvan-outdoor-y-drop-en-la-pelicula-el-campeon\/#primaryimage"},"thumbnailUrl":"https:\/\/www.garvanacoustic.com\/wp-content\/uploads\/2021\/12\/il-campione.jpg","articleSection":["Pel\u00edculas y series de TV"],"inLanguage":"es","potentialAction":[{"@type":"CommentAction","name":"Comment","target":["https:\/\/www.garvanacoustic.com\/es\/referencias\/peliculas-y-series-de-tv\/altavoces-garvan-outdoor-y-drop-en-la-pelicula-el-campeon\/#respond"]}]},{"@type":"WebPage","@id":"https:\/\/www.garvanacoustic.com\/es\/referencias\/peliculas-y-series-de-tv\/altavoces-garvan-outdoor-y-drop-en-la-pelicula-el-campeon\/","url":"https:\/\/www.garvanacoustic.com\/es\/referencias\/peliculas-y-series-de-tv\/altavoces-garvan-outdoor-y-drop-en-la-pelicula-el-campeon\/","name":"Altavoces Garvan Outdoor y Goccia en la pel\u00edcula \"El Campe\u00f3n - Garvan Acoustic","isPartOf":{"@id":"https:\/\/www.garvanacoustic.com\/es\/#website"},"primaryImageOfPage":{"@id":"https:\/\/www.garvanacoustic.com\/es\/referencias\/peliculas-y-series-de-tv\/altavoces-garvan-outdoor-y-drop-en-la-pelicula-el-campeon\/#primaryimage"},"image":{"@id":"https:\/\/www.garvanacoustic.com\/es\/referencias\/peliculas-y-series-de-tv\/altavoces-garvan-outdoor-y-drop-en-la-pelicula-el-campeon\/#primaryimage"},"thumbnailUrl":"https:\/\/www.garvanacoustic.com\/wp-content\/uploads\/2021\/12\/il-campione.jpg","datePublished":"2024-02-06T15:53:42+00:00","dateModified":"2024-02-06T16:01:51+00:00","description":"Los altavoces Garvan Outdoor y Goccia vuelven a protagonizar la gran pantalla en la pel\u00edcula 'Il campione', con Stefano Accorsi.","breadcrumb":{"@id":"https:\/\/www.garvanacoustic.com\/es\/referencias\/peliculas-y-series-de-tv\/altavoces-garvan-outdoor-y-drop-en-la-pelicula-el-campeon\/#breadcrumb"},"inLanguage":"es","potentialAction":[{"@type":"ReadAction","target":["https:\/\/www.garvanacoustic.com\/es\/referencias\/peliculas-y-series-de-tv\/altavoces-garvan-outdoor-y-drop-en-la-pelicula-el-campeon\/"]}]},{"@type":"ImageObject","inLanguage":"es","@id":"https:\/\/www.garvanacoustic.com\/es\/referencias\/peliculas-y-series-de-tv\/altavoces-garvan-outdoor-y-drop-en-la-pelicula-el-campeon\/#primaryimage","url":"https:\/\/www.garvanacoustic.com\/wp-content\/uploads\/2021\/12\/il-campione.jpg","contentUrl":"https:\/\/www.garvanacoustic.com\/wp-content\/uploads\/2021\/12\/il-campione.jpg","width":760,"height":570},{"@type":"BreadcrumbList","@id":"https:\/\/www.garvanacoustic.com\/es\/referencias\/peliculas-y-series-de-tv\/altavoces-garvan-outdoor-y-drop-en-la-pelicula-el-campeon\/#breadcrumb","itemListElement":[{"@type":"ListItem","position":1,"name":"Home","item":"https:\/\/www.garvanacoustic.com\/es\/"},{"@type":"ListItem","position":2,"name":"Altavoces Garvan Outdoor y Goccia en la pel\u00edcula &#8220;El Campe\u00f3n"}]},{"@type":"WebSite","@id":"https:\/\/www.garvanacoustic.com\/es\/#website","url":"https:\/\/www.garvanacoustic.com\/es\/","name":"Garvan Acoustic","description":"Diffusori e trattamento acustico: scopri la qualit\u00e0 del Made in Italy","publisher":{"@id":"https:\/\/www.garvanacoustic.com\/es\/#organization"},"potentialAction":[{"@type":"SearchAction","target":{"@type":"EntryPoint","urlTemplate":"https:\/\/www.garvanacoustic.com\/es\/?s={search_term_string}"},"query-input":{"@type":"PropertyValueSpecification","valueRequired":true,"valueName":"search_term_string"}}],"inLanguage":"es"},{"@type":"Organization","@id":"https:\/\/www.garvanacoustic.com\/es\/#organization","name":"Garvan Acoustic","url":"https:\/\/www.garvanacoustic.com\/es\/","logo":{"@type":"ImageObject","inLanguage":"es","@id":"https:\/\/www.garvanacoustic.com\/es\/#\/schema\/logo\/image\/","url":"https:\/\/www.garvanacoustic.com\/wp-content\/uploads\/2018\/07\/garvan-acoustic-logo.png","contentUrl":"https:\/\/www.garvanacoustic.com\/wp-content\/uploads\/2018\/07\/garvan-acoustic-logo.png","width":400,"height":161,"caption":"Garvan Acoustic"},"image":{"@id":"https:\/\/www.garvanacoustic.com\/es\/#\/schema\/logo\/image\/"},"sameAs":["https:\/\/www.facebook.com\/garvanacoustic","https:\/\/www.instagram.com\/garvanacoustic\/"],"description":"Produttori di Diffusori Acustici e Pannelli Fonoassorbenti Made in Italy","email":"garvan@garvanacoustic.com","telephone":"0546 682097"},{"@type":"Person","@id":"https:\/\/www.garvanacoustic.com\/es\/#\/schema\/person\/6a1c1645f07f7a0aa5e018c2f909f355","name":"Tommaso Minardi","image":{"@type":"ImageObject","inLanguage":"es","@id":"https:\/\/secure.gravatar.com\/avatar\/8c401eaabbdcdfbe0fe41e1798828bd51d99183ae86864950e8146a9c5cf079d?s=96&d=mm&r=g","url":"https:\/\/secure.gravatar.com\/avatar\/8c401eaabbdcdfbe0fe41e1798828bd51d99183ae86864950e8146a9c5cf079d?s=96&d=mm&r=g","contentUrl":"https:\/\/secure.gravatar.com\/avatar\/8c401eaabbdcdfbe0fe41e1798828bd51d99183ae86864950e8146a9c5cf079d?s=96&d=mm&r=g","caption":"Tommaso Minardi"},"url":"https:\/\/www.garvanacoustic.com\/es\/author\/studioin3\/"}]}},"_links":{"self":[{"href":"https:\/\/www.garvanacoustic.com\/es\/wp-json\/wp\/v2\/posts\/66225","targetHints":{"allow":["GET"]}}],"collection":[{"href":"https:\/\/www.garvanacoustic.com\/es\/wp-json\/wp\/v2\/posts"}],"about":[{"href":"https:\/\/www.garvanacoustic.com\/es\/wp-json\/wp\/v2\/types\/post"}],"author":[{"embeddable":true,"href":"https:\/\/www.garvanacoustic.com\/es\/wp-json\/wp\/v2\/users\/8"}],"replies":[{"embeddable":true,"href":"https:\/\/www.garvanacoustic.com\/es\/wp-json\/wp\/v2\/comments?post=66225"}],"version-history":[{"count":4,"href":"https:\/\/www.garvanacoustic.com\/es\/wp-json\/wp\/v2\/posts\/66225\/revisions"}],"predecessor-version":[{"id":66255,"href":"https:\/\/www.garvanacoustic.com\/es\/wp-json\/wp\/v2\/posts\/66225\/revisions\/66255"}],"wp:featuredmedia":[{"embeddable":true,"href":"https:\/\/www.garvanacoustic.com\/es\/wp-json\/wp\/v2\/media\/51474"}],"wp:attachment":[{"href":"https:\/\/www.garvanacoustic.com\/es\/wp-json\/wp\/v2\/media?parent=66225"}],"wp:term":[{"taxonomy":"category","embeddable":true,"href":"https:\/\/www.garvanacoustic.com\/es\/wp-json\/wp\/v2\/categories?post=66225"},{"taxonomy":"post_tag","embeddable":true,"href":"https:\/\/www.garvanacoustic.com\/es\/wp-json\/wp\/v2\/tags?post=66225"}],"curies":[{"name":"wp","href":"https:\/\/api.w.org\/{rel}","templated":true}]}}