{"id":66235,"date":"2024-02-06T16:53:44","date_gmt":"2024-02-06T15:53:44","guid":{"rendered":"https:\/\/www.garvanacoustic.com\/sin-categorizar\/la-serie-ritoccati-alberga-los-difusores-ceramicos-goccia\/"},"modified":"2024-02-06T17:04:27","modified_gmt":"2024-02-06T16:04:27","slug":"la-serie-ritoccati-alberga-los-difusores-ceramicos-goccia","status":"publish","type":"post","link":"https:\/\/www.garvanacoustic.com\/es\/referencias\/peliculas-y-series-de-tv\/la-serie-ritoccati-alberga-los-difusores-ceramicos-goccia\/","title":{"rendered":"La serie \u00abRitoccati\u00bb alberga los difusores cer\u00e1micos Goccia"},"content":{"rendered":"<section class=\"no-padding\"><div class=\"container\"><div class=\"row\"><div class=\"wpb_column hcode-column-container  col-xs-mobile-fullwidth\" data-front-class=\"col-xs-mobile-fullwidth front-column-class\"><div class=\"vc-column-innner-wrapper\"><p>Los difusores cer\u00e1micos de Goccia son los invitados en el plat\u00f3 de 'Ritoccati', la serie c\u00f3mica dirigida por Alessandro Guida dedicada a la cirug\u00eda est\u00e9tica que emite Sky.<\/p>\n<p>Los altavoces cer\u00e1micos especiales de Garvan Acoustic adornan la consulta del c\u00e9lebre cirujano pl\u00e1stico Profesor Giulio Basoccu.<\/p>\n<p><a href=\"\/es?page_id=65361\">\u00a1Descubra la colecci\u00f3n Goccia de Garvan Acoustic!<\/a><\/p>\n<\/div><\/div><\/div><\/div><\/section>","protected":false},"excerpt":{"rendered":"<p>Los difusores cer\u00e1micos de Goccia son los invitados en el plat\u00f3 de &#8216;Ritoccati&#8217;, la serie c\u00f3mica dirigida por Alessandro Guida dedicada a la cirug\u00eda est\u00e9tica que emite Sky. Los altavoces cer\u00e1micos especiales de Garvan Acoustic adornan la consulta del c\u00e9lebre cirujano pl\u00e1stico Profesor Giulio Basoccu. \u00a1Descubra la colecci\u00f3n Goccia de Garvan Acoustic!<\/p>\n","protected":false},"author":8,"featured_media":51462,"comment_status":"open","ping_status":"open","sticky":false,"template":"","format":"image","meta":{"_joinchat":[],"footnotes":""},"categories":[1682],"tags":[],"class_list":["post-66235","post","type-post","status-publish","format-image","has-post-thumbnail","hentry","category-peliculas-y-series-de-tv","post_format-post-format-image"],"yoast_head":"<!-- This site is optimized with the Yoast SEO Premium plugin v27.4 (Yoast SEO v27.4) - https:\/\/yoast.com\/product\/yoast-seo-premium-wordpress\/ -->\n<title>La serie &quot;Ritoccati&quot; alberga los difusores cer\u00e1micos Goccia - Garvan Acoustic<\/title>\n<meta name=\"description\" content=\"Los altavoces de cer\u00e1mica Goccia son los invitados en el plat\u00f3 de &#039;Ritoccati&#039;, la serie de comedia dirigida por Alessandro Guida que emite Sky.\" \/>\n<meta name=\"robots\" content=\"index, follow, max-snippet:-1, max-image-preview:large, max-video-preview:-1\" \/>\n<link rel=\"canonical\" href=\"https:\/\/www.garvanacoustic.com\/es\/referencias\/peliculas-y-series-de-tv\/la-serie-ritoccati-alberga-los-difusores-ceramicos-goccia\/\" \/>\n<meta property=\"og:locale\" content=\"es_ES\" \/>\n<meta property=\"og:type\" content=\"article\" \/>\n<meta property=\"og:title\" content=\"La serie &quot;Ritoccati&quot; alberga los difusores cer\u00e1micos Goccia\" \/>\n<meta property=\"og:description\" content=\"Los altavoces de cer\u00e1mica Goccia son los invitados en el plat\u00f3 de &#039;Ritoccati&#039;, la serie de comedia dirigida por Alessandro Guida que emite Sky.\" \/>\n<meta property=\"og:url\" content=\"https:\/\/www.garvanacoustic.com\/es\/referencias\/peliculas-y-series-de-tv\/la-serie-ritoccati-alberga-los-difusores-ceramicos-goccia\/\" \/>\n<meta property=\"og:site_name\" content=\"Garvan Acoustic\" \/>\n<meta property=\"article:publisher\" content=\"https:\/\/www.facebook.com\/garvanacoustic\" \/>\n<meta property=\"article:published_time\" content=\"2024-02-06T15:53:44+00:00\" \/>\n<meta property=\"article:modified_time\" content=\"2024-02-06T16:04:27+00:00\" \/>\n<meta property=\"og:image\" content=\"https:\/\/www.garvanacoustic.com\/wp-content\/uploads\/2021\/12\/ritoccati.jpg\" \/>\n\t<meta property=\"og:image:width\" content=\"760\" \/>\n\t<meta property=\"og:image:height\" content=\"570\" \/>\n\t<meta property=\"og:image:type\" content=\"image\/jpeg\" \/>\n<meta name=\"author\" content=\"Tommaso Minardi\" \/>\n<meta name=\"twitter:card\" content=\"summary_large_image\" \/>\n<meta name=\"twitter:label1\" content=\"Escrito por\" \/>\n\t<meta name=\"twitter:data1\" content=\"Tommaso Minardi\" \/>\n<script type=\"application\/ld+json\" class=\"yoast-schema-graph\">{\"@context\":\"https:\\\/\\\/schema.org\",\"@graph\":[{\"@type\":\"Article\",\"@id\":\"https:\\\/\\\/www.garvanacoustic.com\\\/es\\\/referencias\\\/peliculas-y-series-de-tv\\\/la-serie-ritoccati-alberga-los-difusores-ceramicos-goccia\\\/#article\",\"isPartOf\":{\"@id\":\"https:\\\/\\\/www.garvanacoustic.com\\\/es\\\/referencias\\\/peliculas-y-series-de-tv\\\/la-serie-ritoccati-alberga-los-difusores-ceramicos-goccia\\\/\"},\"author\":{\"name\":\"Tommaso Minardi\",\"@id\":\"https:\\\/\\\/www.garvanacoustic.com\\\/es\\\/#\\\/schema\\\/person\\\/6a1c1645f07f7a0aa5e018c2f909f355\"},\"headline\":\"La serie \u00abRitoccati\u00bb alberga los difusores cer\u00e1micos Goccia\",\"datePublished\":\"2024-02-06T15:53:44+00:00\",\"dateModified\":\"2024-02-06T16:04:27+00:00\",\"mainEntityOfPage\":{\"@id\":\"https:\\\/\\\/www.garvanacoustic.com\\\/es\\\/referencias\\\/peliculas-y-series-de-tv\\\/la-serie-ritoccati-alberga-los-difusores-ceramicos-goccia\\\/\"},\"wordCount\":88,\"commentCount\":0,\"publisher\":{\"@id\":\"https:\\\/\\\/www.garvanacoustic.com\\\/es\\\/#organization\"},\"image\":{\"@id\":\"https:\\\/\\\/www.garvanacoustic.com\\\/es\\\/referencias\\\/peliculas-y-series-de-tv\\\/la-serie-ritoccati-alberga-los-difusores-ceramicos-goccia\\\/#primaryimage\"},\"thumbnailUrl\":\"https:\\\/\\\/www.garvanacoustic.com\\\/wp-content\\\/uploads\\\/2021\\\/12\\\/ritoccati.jpg\",\"articleSection\":[\"Pel\u00edculas y series de TV\"],\"inLanguage\":\"es\",\"potentialAction\":[{\"@type\":\"CommentAction\",\"name\":\"Comment\",\"target\":[\"https:\\\/\\\/www.garvanacoustic.com\\\/es\\\/referencias\\\/peliculas-y-series-de-tv\\\/la-serie-ritoccati-alberga-los-difusores-ceramicos-goccia\\\/#respond\"]}]},{\"@type\":\"WebPage\",\"@id\":\"https:\\\/\\\/www.garvanacoustic.com\\\/es\\\/referencias\\\/peliculas-y-series-de-tv\\\/la-serie-ritoccati-alberga-los-difusores-ceramicos-goccia\\\/\",\"url\":\"https:\\\/\\\/www.garvanacoustic.com\\\/es\\\/referencias\\\/peliculas-y-series-de-tv\\\/la-serie-ritoccati-alberga-los-difusores-ceramicos-goccia\\\/\",\"name\":\"La serie \\\"Ritoccati\\\" alberga los difusores cer\u00e1micos Goccia - Garvan Acoustic\",\"isPartOf\":{\"@id\":\"https:\\\/\\\/www.garvanacoustic.com\\\/es\\\/#website\"},\"primaryImageOfPage\":{\"@id\":\"https:\\\/\\\/www.garvanacoustic.com\\\/es\\\/referencias\\\/peliculas-y-series-de-tv\\\/la-serie-ritoccati-alberga-los-difusores-ceramicos-goccia\\\/#primaryimage\"},\"image\":{\"@id\":\"https:\\\/\\\/www.garvanacoustic.com\\\/es\\\/referencias\\\/peliculas-y-series-de-tv\\\/la-serie-ritoccati-alberga-los-difusores-ceramicos-goccia\\\/#primaryimage\"},\"thumbnailUrl\":\"https:\\\/\\\/www.garvanacoustic.com\\\/wp-content\\\/uploads\\\/2021\\\/12\\\/ritoccati.jpg\",\"datePublished\":\"2024-02-06T15:53:44+00:00\",\"dateModified\":\"2024-02-06T16:04:27+00:00\",\"description\":\"Los altavoces de cer\u00e1mica Goccia son los invitados en el plat\u00f3 de 'Ritoccati', la serie de comedia dirigida por Alessandro Guida que emite Sky.\",\"breadcrumb\":{\"@id\":\"https:\\\/\\\/www.garvanacoustic.com\\\/es\\\/referencias\\\/peliculas-y-series-de-tv\\\/la-serie-ritoccati-alberga-los-difusores-ceramicos-goccia\\\/#breadcrumb\"},\"inLanguage\":\"es\",\"potentialAction\":[{\"@type\":\"ReadAction\",\"target\":[\"https:\\\/\\\/www.garvanacoustic.com\\\/es\\\/referencias\\\/peliculas-y-series-de-tv\\\/la-serie-ritoccati-alberga-los-difusores-ceramicos-goccia\\\/\"]}]},{\"@type\":\"ImageObject\",\"inLanguage\":\"es\",\"@id\":\"https:\\\/\\\/www.garvanacoustic.com\\\/es\\\/referencias\\\/peliculas-y-series-de-tv\\\/la-serie-ritoccati-alberga-los-difusores-ceramicos-goccia\\\/#primaryimage\",\"url\":\"https:\\\/\\\/www.garvanacoustic.com\\\/wp-content\\\/uploads\\\/2021\\\/12\\\/ritoccati.jpg\",\"contentUrl\":\"https:\\\/\\\/www.garvanacoustic.com\\\/wp-content\\\/uploads\\\/2021\\\/12\\\/ritoccati.jpg\",\"width\":760,\"height\":570,\"caption\":\"Goccia nella serie Sky \\\"Ritoccati\\\"\"},{\"@type\":\"BreadcrumbList\",\"@id\":\"https:\\\/\\\/www.garvanacoustic.com\\\/es\\\/referencias\\\/peliculas-y-series-de-tv\\\/la-serie-ritoccati-alberga-los-difusores-ceramicos-goccia\\\/#breadcrumb\",\"itemListElement\":[{\"@type\":\"ListItem\",\"position\":1,\"name\":\"Home\",\"item\":\"https:\\\/\\\/www.garvanacoustic.com\\\/es\\\/\"},{\"@type\":\"ListItem\",\"position\":2,\"name\":\"La serie &#8220;Ritoccati&#8221; alberga los difusores cer\u00e1micos Goccia\"}]},{\"@type\":\"WebSite\",\"@id\":\"https:\\\/\\\/www.garvanacoustic.com\\\/es\\\/#website\",\"url\":\"https:\\\/\\\/www.garvanacoustic.com\\\/es\\\/\",\"name\":\"Garvan Acoustic\",\"description\":\"Diffusori e trattamento acustico: scopri la qualit\u00e0 del Made in Italy\",\"publisher\":{\"@id\":\"https:\\\/\\\/www.garvanacoustic.com\\\/es\\\/#organization\"},\"potentialAction\":[{\"@type\":\"SearchAction\",\"target\":{\"@type\":\"EntryPoint\",\"urlTemplate\":\"https:\\\/\\\/www.garvanacoustic.com\\\/es\\\/?s={search_term_string}\"},\"query-input\":{\"@type\":\"PropertyValueSpecification\",\"valueRequired\":true,\"valueName\":\"search_term_string\"}}],\"inLanguage\":\"es\"},{\"@type\":\"Organization\",\"@id\":\"https:\\\/\\\/www.garvanacoustic.com\\\/es\\\/#organization\",\"name\":\"Garvan Acoustic\",\"url\":\"https:\\\/\\\/www.garvanacoustic.com\\\/es\\\/\",\"logo\":{\"@type\":\"ImageObject\",\"inLanguage\":\"es\",\"@id\":\"https:\\\/\\\/www.garvanacoustic.com\\\/es\\\/#\\\/schema\\\/logo\\\/image\\\/\",\"url\":\"https:\\\/\\\/www.garvanacoustic.com\\\/wp-content\\\/uploads\\\/2018\\\/07\\\/garvan-acoustic-logo.png\",\"contentUrl\":\"https:\\\/\\\/www.garvanacoustic.com\\\/wp-content\\\/uploads\\\/2018\\\/07\\\/garvan-acoustic-logo.png\",\"width\":400,\"height\":161,\"caption\":\"Garvan Acoustic\"},\"image\":{\"@id\":\"https:\\\/\\\/www.garvanacoustic.com\\\/es\\\/#\\\/schema\\\/logo\\\/image\\\/\"},\"sameAs\":[\"https:\\\/\\\/www.facebook.com\\\/garvanacoustic\",\"https:\\\/\\\/www.instagram.com\\\/garvanacoustic\\\/\"],\"description\":\"Produttori di Diffusori Acustici e Pannelli Fonoassorbenti Made in Italy\",\"email\":\"garvan@garvanacoustic.com\",\"telephone\":\"0546 682097\"},{\"@type\":\"Person\",\"@id\":\"https:\\\/\\\/www.garvanacoustic.com\\\/es\\\/#\\\/schema\\\/person\\\/6a1c1645f07f7a0aa5e018c2f909f355\",\"name\":\"Tommaso Minardi\",\"image\":{\"@type\":\"ImageObject\",\"inLanguage\":\"es\",\"@id\":\"https:\\\/\\\/secure.gravatar.com\\\/avatar\\\/8c401eaabbdcdfbe0fe41e1798828bd51d99183ae86864950e8146a9c5cf079d?s=96&d=mm&r=g\",\"url\":\"https:\\\/\\\/secure.gravatar.com\\\/avatar\\\/8c401eaabbdcdfbe0fe41e1798828bd51d99183ae86864950e8146a9c5cf079d?s=96&d=mm&r=g\",\"contentUrl\":\"https:\\\/\\\/secure.gravatar.com\\\/avatar\\\/8c401eaabbdcdfbe0fe41e1798828bd51d99183ae86864950e8146a9c5cf079d?s=96&d=mm&r=g\",\"caption\":\"Tommaso Minardi\"},\"url\":\"https:\\\/\\\/www.garvanacoustic.com\\\/es\\\/author\\\/studioin3\\\/\"}]}<\/script>\n<!-- \/ Yoast SEO Premium plugin. -->","yoast_head_json":{"title":"La serie \"Ritoccati\" alberga los difusores cer\u00e1micos Goccia - Garvan Acoustic","description":"Los altavoces de cer\u00e1mica Goccia son los invitados en el plat\u00f3 de 'Ritoccati', la serie de comedia dirigida por Alessandro Guida que emite Sky.","robots":{"index":"index","follow":"follow","max-snippet":"max-snippet:-1","max-image-preview":"max-image-preview:large","max-video-preview":"max-video-preview:-1"},"canonical":"https:\/\/www.garvanacoustic.com\/es\/referencias\/peliculas-y-series-de-tv\/la-serie-ritoccati-alberga-los-difusores-ceramicos-goccia\/","og_locale":"es_ES","og_type":"article","og_title":"La serie \"Ritoccati\" alberga los difusores cer\u00e1micos Goccia","og_description":"Los altavoces de cer\u00e1mica Goccia son los invitados en el plat\u00f3 de 'Ritoccati', la serie de comedia dirigida por Alessandro Guida que emite Sky.","og_url":"https:\/\/www.garvanacoustic.com\/es\/referencias\/peliculas-y-series-de-tv\/la-serie-ritoccati-alberga-los-difusores-ceramicos-goccia\/","og_site_name":"Garvan Acoustic","article_publisher":"https:\/\/www.facebook.com\/garvanacoustic","article_published_time":"2024-02-06T15:53:44+00:00","article_modified_time":"2024-02-06T16:04:27+00:00","og_image":[{"width":760,"height":570,"url":"https:\/\/www.garvanacoustic.com\/wp-content\/uploads\/2021\/12\/ritoccati.jpg","type":"image\/jpeg"}],"author":"Tommaso Minardi","twitter_card":"summary_large_image","twitter_misc":{"Escrito por":"Tommaso Minardi"},"schema":{"@context":"https:\/\/schema.org","@graph":[{"@type":"Article","@id":"https:\/\/www.garvanacoustic.com\/es\/referencias\/peliculas-y-series-de-tv\/la-serie-ritoccati-alberga-los-difusores-ceramicos-goccia\/#article","isPartOf":{"@id":"https:\/\/www.garvanacoustic.com\/es\/referencias\/peliculas-y-series-de-tv\/la-serie-ritoccati-alberga-los-difusores-ceramicos-goccia\/"},"author":{"name":"Tommaso Minardi","@id":"https:\/\/www.garvanacoustic.com\/es\/#\/schema\/person\/6a1c1645f07f7a0aa5e018c2f909f355"},"headline":"La serie \u00abRitoccati\u00bb alberga los difusores cer\u00e1micos Goccia","datePublished":"2024-02-06T15:53:44+00:00","dateModified":"2024-02-06T16:04:27+00:00","mainEntityOfPage":{"@id":"https:\/\/www.garvanacoustic.com\/es\/referencias\/peliculas-y-series-de-tv\/la-serie-ritoccati-alberga-los-difusores-ceramicos-goccia\/"},"wordCount":88,"commentCount":0,"publisher":{"@id":"https:\/\/www.garvanacoustic.com\/es\/#organization"},"image":{"@id":"https:\/\/www.garvanacoustic.com\/es\/referencias\/peliculas-y-series-de-tv\/la-serie-ritoccati-alberga-los-difusores-ceramicos-goccia\/#primaryimage"},"thumbnailUrl":"https:\/\/www.garvanacoustic.com\/wp-content\/uploads\/2021\/12\/ritoccati.jpg","articleSection":["Pel\u00edculas y series de TV"],"inLanguage":"es","potentialAction":[{"@type":"CommentAction","name":"Comment","target":["https:\/\/www.garvanacoustic.com\/es\/referencias\/peliculas-y-series-de-tv\/la-serie-ritoccati-alberga-los-difusores-ceramicos-goccia\/#respond"]}]},{"@type":"WebPage","@id":"https:\/\/www.garvanacoustic.com\/es\/referencias\/peliculas-y-series-de-tv\/la-serie-ritoccati-alberga-los-difusores-ceramicos-goccia\/","url":"https:\/\/www.garvanacoustic.com\/es\/referencias\/peliculas-y-series-de-tv\/la-serie-ritoccati-alberga-los-difusores-ceramicos-goccia\/","name":"La serie \"Ritoccati\" alberga los difusores cer\u00e1micos Goccia - Garvan Acoustic","isPartOf":{"@id":"https:\/\/www.garvanacoustic.com\/es\/#website"},"primaryImageOfPage":{"@id":"https:\/\/www.garvanacoustic.com\/es\/referencias\/peliculas-y-series-de-tv\/la-serie-ritoccati-alberga-los-difusores-ceramicos-goccia\/#primaryimage"},"image":{"@id":"https:\/\/www.garvanacoustic.com\/es\/referencias\/peliculas-y-series-de-tv\/la-serie-ritoccati-alberga-los-difusores-ceramicos-goccia\/#primaryimage"},"thumbnailUrl":"https:\/\/www.garvanacoustic.com\/wp-content\/uploads\/2021\/12\/ritoccati.jpg","datePublished":"2024-02-06T15:53:44+00:00","dateModified":"2024-02-06T16:04:27+00:00","description":"Los altavoces de cer\u00e1mica Goccia son los invitados en el plat\u00f3 de 'Ritoccati', la serie de comedia dirigida por Alessandro Guida que emite Sky.","breadcrumb":{"@id":"https:\/\/www.garvanacoustic.com\/es\/referencias\/peliculas-y-series-de-tv\/la-serie-ritoccati-alberga-los-difusores-ceramicos-goccia\/#breadcrumb"},"inLanguage":"es","potentialAction":[{"@type":"ReadAction","target":["https:\/\/www.garvanacoustic.com\/es\/referencias\/peliculas-y-series-de-tv\/la-serie-ritoccati-alberga-los-difusores-ceramicos-goccia\/"]}]},{"@type":"ImageObject","inLanguage":"es","@id":"https:\/\/www.garvanacoustic.com\/es\/referencias\/peliculas-y-series-de-tv\/la-serie-ritoccati-alberga-los-difusores-ceramicos-goccia\/#primaryimage","url":"https:\/\/www.garvanacoustic.com\/wp-content\/uploads\/2021\/12\/ritoccati.jpg","contentUrl":"https:\/\/www.garvanacoustic.com\/wp-content\/uploads\/2021\/12\/ritoccati.jpg","width":760,"height":570,"caption":"Goccia nella serie Sky \"Ritoccati\""},{"@type":"BreadcrumbList","@id":"https:\/\/www.garvanacoustic.com\/es\/referencias\/peliculas-y-series-de-tv\/la-serie-ritoccati-alberga-los-difusores-ceramicos-goccia\/#breadcrumb","itemListElement":[{"@type":"ListItem","position":1,"name":"Home","item":"https:\/\/www.garvanacoustic.com\/es\/"},{"@type":"ListItem","position":2,"name":"La serie &#8220;Ritoccati&#8221; alberga los difusores cer\u00e1micos Goccia"}]},{"@type":"WebSite","@id":"https:\/\/www.garvanacoustic.com\/es\/#website","url":"https:\/\/www.garvanacoustic.com\/es\/","name":"Garvan Acoustic","description":"Diffusori e trattamento acustico: scopri la qualit\u00e0 del Made in Italy","publisher":{"@id":"https:\/\/www.garvanacoustic.com\/es\/#organization"},"potentialAction":[{"@type":"SearchAction","target":{"@type":"EntryPoint","urlTemplate":"https:\/\/www.garvanacoustic.com\/es\/?s={search_term_string}"},"query-input":{"@type":"PropertyValueSpecification","valueRequired":true,"valueName":"search_term_string"}}],"inLanguage":"es"},{"@type":"Organization","@id":"https:\/\/www.garvanacoustic.com\/es\/#organization","name":"Garvan Acoustic","url":"https:\/\/www.garvanacoustic.com\/es\/","logo":{"@type":"ImageObject","inLanguage":"es","@id":"https:\/\/www.garvanacoustic.com\/es\/#\/schema\/logo\/image\/","url":"https:\/\/www.garvanacoustic.com\/wp-content\/uploads\/2018\/07\/garvan-acoustic-logo.png","contentUrl":"https:\/\/www.garvanacoustic.com\/wp-content\/uploads\/2018\/07\/garvan-acoustic-logo.png","width":400,"height":161,"caption":"Garvan Acoustic"},"image":{"@id":"https:\/\/www.garvanacoustic.com\/es\/#\/schema\/logo\/image\/"},"sameAs":["https:\/\/www.facebook.com\/garvanacoustic","https:\/\/www.instagram.com\/garvanacoustic\/"],"description":"Produttori di Diffusori Acustici e Pannelli Fonoassorbenti Made in Italy","email":"garvan@garvanacoustic.com","telephone":"0546 682097"},{"@type":"Person","@id":"https:\/\/www.garvanacoustic.com\/es\/#\/schema\/person\/6a1c1645f07f7a0aa5e018c2f909f355","name":"Tommaso Minardi","image":{"@type":"ImageObject","inLanguage":"es","@id":"https:\/\/secure.gravatar.com\/avatar\/8c401eaabbdcdfbe0fe41e1798828bd51d99183ae86864950e8146a9c5cf079d?s=96&d=mm&r=g","url":"https:\/\/secure.gravatar.com\/avatar\/8c401eaabbdcdfbe0fe41e1798828bd51d99183ae86864950e8146a9c5cf079d?s=96&d=mm&r=g","contentUrl":"https:\/\/secure.gravatar.com\/avatar\/8c401eaabbdcdfbe0fe41e1798828bd51d99183ae86864950e8146a9c5cf079d?s=96&d=mm&r=g","caption":"Tommaso Minardi"},"url":"https:\/\/www.garvanacoustic.com\/es\/author\/studioin3\/"}]}},"_links":{"self":[{"href":"https:\/\/www.garvanacoustic.com\/es\/wp-json\/wp\/v2\/posts\/66235","targetHints":{"allow":["GET"]}}],"collection":[{"href":"https:\/\/www.garvanacoustic.com\/es\/wp-json\/wp\/v2\/posts"}],"about":[{"href":"https:\/\/www.garvanacoustic.com\/es\/wp-json\/wp\/v2\/types\/post"}],"author":[{"embeddable":true,"href":"https:\/\/www.garvanacoustic.com\/es\/wp-json\/wp\/v2\/users\/8"}],"replies":[{"embeddable":true,"href":"https:\/\/www.garvanacoustic.com\/es\/wp-json\/wp\/v2\/comments?post=66235"}],"version-history":[{"count":3,"href":"https:\/\/www.garvanacoustic.com\/es\/wp-json\/wp\/v2\/posts\/66235\/revisions"}],"predecessor-version":[{"id":66258,"href":"https:\/\/www.garvanacoustic.com\/es\/wp-json\/wp\/v2\/posts\/66235\/revisions\/66258"}],"wp:featuredmedia":[{"embeddable":true,"href":"https:\/\/www.garvanacoustic.com\/es\/wp-json\/wp\/v2\/media\/51462"}],"wp:attachment":[{"href":"https:\/\/www.garvanacoustic.com\/es\/wp-json\/wp\/v2\/media?parent=66235"}],"wp:term":[{"taxonomy":"category","embeddable":true,"href":"https:\/\/www.garvanacoustic.com\/es\/wp-json\/wp\/v2\/categories?post=66235"},{"taxonomy":"post_tag","embeddable":true,"href":"https:\/\/www.garvanacoustic.com\/es\/wp-json\/wp\/v2\/tags?post=66235"}],"curies":[{"name":"wp","href":"https:\/\/api.w.org\/{rel}","templated":true}]}}