{"id":66237,"date":"2024-02-06T16:53:44","date_gmt":"2024-02-06T15:53:44","guid":{"rendered":"https:\/\/www.garvanacoustic.com\/sin-categorizar\/aparicion-especial-en-la-belleza-de-las-mujeres\/"},"modified":"2024-02-06T17:04:00","modified_gmt":"2024-02-06T16:04:00","slug":"aparicion-especial-en-la-belleza-de-las-mujeres","status":"publish","type":"post","link":"https:\/\/www.garvanacoustic.com\/es\/referencias\/peliculas-y-series-de-tv\/aparicion-especial-en-la-belleza-de-las-mujeres\/","title":{"rendered":"Aparici\u00f3n especial en \u00abLa belleza de las mujeres"},"content":{"rendered":"<section class=\"no-padding\"><div class=\"container\"><div class=\"row\"><div class=\"wpb_column hcode-column-container  col-xs-mobile-fullwidth\" data-front-class=\"col-xs-mobile-fullwidth front-column-class\"><div class=\"vc-column-innner-wrapper\"><p>La belleza de las mujeres... unos a\u00f1os despu\u00e9s.<\/p>\n<p>Drop fue una aparici\u00f3n especial en la conocida serie de televisi\u00f3n.<\/p>\n<p>\u00a1Aqu\u00ed puedes ver a los Garvan Drops en el escenario con la bella Manuela Arcuri!<\/p>\n<p><a href=\"\/es?page_id=65361\">Descubre Goccia<\/a><br \/>\nVer \"La belleza de las mujeres\" en Infinity<\/p>\n<\/div><\/div><\/div><\/div><\/section>","protected":false},"excerpt":{"rendered":"<p>La belleza de las mujeres&#8230; unos a\u00f1os despu\u00e9s. Drop fue una aparici\u00f3n especial en la conocida serie de televisi\u00f3n. \u00a1Aqu\u00ed puedes ver a los Garvan Drops en el escenario con la bella Manuela Arcuri! Descubre Goccia Ver \u00abLa belleza de las mujeres\u00bb en Infinity<\/p>\n","protected":false},"author":8,"featured_media":0,"comment_status":"open","ping_status":"open","sticky":false,"template":"","format":"image","meta":{"_joinchat":[],"footnotes":""},"categories":[1682],"tags":[],"class_list":["post-66237","post","type-post","status-publish","format-image","hentry","category-peliculas-y-series-de-tv","post_format-post-format-image"],"yoast_head":"<!-- This site is optimized with the Yoast SEO Premium plugin v27.4 (Yoast SEO v27.4) - https:\/\/yoast.com\/product\/yoast-seo-premium-wordpress\/ -->\n<title>Aparici\u00f3n especial en &quot;La belleza de las mujeres - Garvan Acoustic<\/title>\n<meta name=\"description\" content=\"Drop fue una aparici\u00f3n especial en la conocida serie de televisi\u00f3n. \u00a1Aqu\u00ed puedes ver a los Garvan Drops en el escenario con la bella Manuela Arcuri!\" \/>\n<meta name=\"robots\" content=\"index, follow, max-snippet:-1, max-image-preview:large, max-video-preview:-1\" \/>\n<link rel=\"canonical\" href=\"https:\/\/www.garvanacoustic.com\/es\/referencias\/peliculas-y-series-de-tv\/aparicion-especial-en-la-belleza-de-las-mujeres\/\" \/>\n<meta property=\"og:locale\" content=\"es_ES\" \/>\n<meta property=\"og:type\" content=\"article\" \/>\n<meta property=\"og:title\" content=\"Aparici\u00f3n especial en &quot;La belleza de las mujeres\" \/>\n<meta property=\"og:description\" content=\"Drop fue una aparici\u00f3n especial en la conocida serie de televisi\u00f3n. \u00a1Aqu\u00ed puedes ver a los Garvan Drops en el escenario con la bella Manuela Arcuri!\" \/>\n<meta property=\"og:url\" content=\"https:\/\/www.garvanacoustic.com\/es\/referencias\/peliculas-y-series-de-tv\/aparicion-especial-en-la-belleza-de-las-mujeres\/\" \/>\n<meta property=\"og:site_name\" content=\"Garvan Acoustic\" \/>\n<meta property=\"article:publisher\" content=\"https:\/\/www.facebook.com\/garvanacoustic\" \/>\n<meta property=\"article:published_time\" content=\"2024-02-06T15:53:44+00:00\" \/>\n<meta property=\"article:modified_time\" content=\"2024-02-06T16:04:00+00:00\" \/>\n<meta property=\"og:image\" content=\"https:\/\/www.garvanacoustic.com\/wp-content\/uploads\/2024\/07\/header-nwsl-garvan-e1759746705872.jpg\" \/>\n\t<meta property=\"og:image:width\" content=\"779\" \/>\n\t<meta property=\"og:image:height\" content=\"437\" \/>\n\t<meta property=\"og:image:type\" content=\"image\/jpeg\" \/>\n<meta name=\"author\" content=\"Tommaso Minardi\" \/>\n<meta name=\"twitter:card\" content=\"summary_large_image\" \/>\n<meta name=\"twitter:label1\" content=\"Escrito por\" \/>\n\t<meta name=\"twitter:data1\" content=\"Tommaso Minardi\" \/>\n<script type=\"application\/ld+json\" class=\"yoast-schema-graph\">{\"@context\":\"https:\\\/\\\/schema.org\",\"@graph\":[{\"@type\":\"Article\",\"@id\":\"https:\\\/\\\/www.garvanacoustic.com\\\/es\\\/referencias\\\/peliculas-y-series-de-tv\\\/aparicion-especial-en-la-belleza-de-las-mujeres\\\/#article\",\"isPartOf\":{\"@id\":\"https:\\\/\\\/www.garvanacoustic.com\\\/es\\\/referencias\\\/peliculas-y-series-de-tv\\\/aparicion-especial-en-la-belleza-de-las-mujeres\\\/\"},\"author\":{\"name\":\"Tommaso Minardi\",\"@id\":\"https:\\\/\\\/www.garvanacoustic.com\\\/es\\\/#\\\/schema\\\/person\\\/6a1c1645f07f7a0aa5e018c2f909f355\"},\"headline\":\"Aparici\u00f3n especial en \u00abLa belleza de las mujeres\",\"datePublished\":\"2024-02-06T15:53:44+00:00\",\"dateModified\":\"2024-02-06T16:04:00+00:00\",\"mainEntityOfPage\":{\"@id\":\"https:\\\/\\\/www.garvanacoustic.com\\\/es\\\/referencias\\\/peliculas-y-series-de-tv\\\/aparicion-especial-en-la-belleza-de-las-mujeres\\\/\"},\"wordCount\":76,\"commentCount\":0,\"publisher\":{\"@id\":\"https:\\\/\\\/www.garvanacoustic.com\\\/es\\\/#organization\"},\"articleSection\":[\"Pel\u00edculas y series de TV\"],\"inLanguage\":\"es\",\"potentialAction\":[{\"@type\":\"CommentAction\",\"name\":\"Comment\",\"target\":[\"https:\\\/\\\/www.garvanacoustic.com\\\/es\\\/referencias\\\/peliculas-y-series-de-tv\\\/aparicion-especial-en-la-belleza-de-las-mujeres\\\/#respond\"]}]},{\"@type\":\"WebPage\",\"@id\":\"https:\\\/\\\/www.garvanacoustic.com\\\/es\\\/referencias\\\/peliculas-y-series-de-tv\\\/aparicion-especial-en-la-belleza-de-las-mujeres\\\/\",\"url\":\"https:\\\/\\\/www.garvanacoustic.com\\\/es\\\/referencias\\\/peliculas-y-series-de-tv\\\/aparicion-especial-en-la-belleza-de-las-mujeres\\\/\",\"name\":\"Aparici\u00f3n especial en \\\"La belleza de las mujeres - Garvan Acoustic\",\"isPartOf\":{\"@id\":\"https:\\\/\\\/www.garvanacoustic.com\\\/es\\\/#website\"},\"datePublished\":\"2024-02-06T15:53:44+00:00\",\"dateModified\":\"2024-02-06T16:04:00+00:00\",\"description\":\"Drop fue una aparici\u00f3n especial en la conocida serie de televisi\u00f3n. \u00a1Aqu\u00ed puedes ver a los Garvan Drops en el escenario con la bella Manuela Arcuri!\",\"breadcrumb\":{\"@id\":\"https:\\\/\\\/www.garvanacoustic.com\\\/es\\\/referencias\\\/peliculas-y-series-de-tv\\\/aparicion-especial-en-la-belleza-de-las-mujeres\\\/#breadcrumb\"},\"inLanguage\":\"es\",\"potentialAction\":[{\"@type\":\"ReadAction\",\"target\":[\"https:\\\/\\\/www.garvanacoustic.com\\\/es\\\/referencias\\\/peliculas-y-series-de-tv\\\/aparicion-especial-en-la-belleza-de-las-mujeres\\\/\"]}]},{\"@type\":\"BreadcrumbList\",\"@id\":\"https:\\\/\\\/www.garvanacoustic.com\\\/es\\\/referencias\\\/peliculas-y-series-de-tv\\\/aparicion-especial-en-la-belleza-de-las-mujeres\\\/#breadcrumb\",\"itemListElement\":[{\"@type\":\"ListItem\",\"position\":1,\"name\":\"Home\",\"item\":\"https:\\\/\\\/www.garvanacoustic.com\\\/es\\\/\"},{\"@type\":\"ListItem\",\"position\":2,\"name\":\"Aparici\u00f3n especial en &#8220;La belleza de las mujeres\"}]},{\"@type\":\"WebSite\",\"@id\":\"https:\\\/\\\/www.garvanacoustic.com\\\/es\\\/#website\",\"url\":\"https:\\\/\\\/www.garvanacoustic.com\\\/es\\\/\",\"name\":\"Garvan Acoustic\",\"description\":\"Diffusori e trattamento acustico: scopri la qualit\u00e0 del Made in Italy\",\"publisher\":{\"@id\":\"https:\\\/\\\/www.garvanacoustic.com\\\/es\\\/#organization\"},\"potentialAction\":[{\"@type\":\"SearchAction\",\"target\":{\"@type\":\"EntryPoint\",\"urlTemplate\":\"https:\\\/\\\/www.garvanacoustic.com\\\/es\\\/?s={search_term_string}\"},\"query-input\":{\"@type\":\"PropertyValueSpecification\",\"valueRequired\":true,\"valueName\":\"search_term_string\"}}],\"inLanguage\":\"es\"},{\"@type\":\"Organization\",\"@id\":\"https:\\\/\\\/www.garvanacoustic.com\\\/es\\\/#organization\",\"name\":\"Garvan Acoustic\",\"url\":\"https:\\\/\\\/www.garvanacoustic.com\\\/es\\\/\",\"logo\":{\"@type\":\"ImageObject\",\"inLanguage\":\"es\",\"@id\":\"https:\\\/\\\/www.garvanacoustic.com\\\/es\\\/#\\\/schema\\\/logo\\\/image\\\/\",\"url\":\"https:\\\/\\\/www.garvanacoustic.com\\\/wp-content\\\/uploads\\\/2018\\\/07\\\/garvan-acoustic-logo.png\",\"contentUrl\":\"https:\\\/\\\/www.garvanacoustic.com\\\/wp-content\\\/uploads\\\/2018\\\/07\\\/garvan-acoustic-logo.png\",\"width\":400,\"height\":161,\"caption\":\"Garvan Acoustic\"},\"image\":{\"@id\":\"https:\\\/\\\/www.garvanacoustic.com\\\/es\\\/#\\\/schema\\\/logo\\\/image\\\/\"},\"sameAs\":[\"https:\\\/\\\/www.facebook.com\\\/garvanacoustic\",\"https:\\\/\\\/www.instagram.com\\\/garvanacoustic\\\/\"],\"description\":\"Produttori di Diffusori Acustici e Pannelli Fonoassorbenti Made in Italy\",\"email\":\"garvan@garvanacoustic.com\",\"telephone\":\"0546 682097\"},{\"@type\":\"Person\",\"@id\":\"https:\\\/\\\/www.garvanacoustic.com\\\/es\\\/#\\\/schema\\\/person\\\/6a1c1645f07f7a0aa5e018c2f909f355\",\"name\":\"Tommaso Minardi\",\"image\":{\"@type\":\"ImageObject\",\"inLanguage\":\"es\",\"@id\":\"https:\\\/\\\/secure.gravatar.com\\\/avatar\\\/8c401eaabbdcdfbe0fe41e1798828bd51d99183ae86864950e8146a9c5cf079d?s=96&d=mm&r=g\",\"url\":\"https:\\\/\\\/secure.gravatar.com\\\/avatar\\\/8c401eaabbdcdfbe0fe41e1798828bd51d99183ae86864950e8146a9c5cf079d?s=96&d=mm&r=g\",\"contentUrl\":\"https:\\\/\\\/secure.gravatar.com\\\/avatar\\\/8c401eaabbdcdfbe0fe41e1798828bd51d99183ae86864950e8146a9c5cf079d?s=96&d=mm&r=g\",\"caption\":\"Tommaso Minardi\"},\"url\":\"https:\\\/\\\/www.garvanacoustic.com\\\/es\\\/author\\\/studioin3\\\/\"}]}<\/script>\n<!-- \/ Yoast SEO Premium plugin. -->","yoast_head_json":{"title":"Aparici\u00f3n especial en \"La belleza de las mujeres - Garvan Acoustic","description":"Drop fue una aparici\u00f3n especial en la conocida serie de televisi\u00f3n. \u00a1Aqu\u00ed puedes ver a los Garvan Drops en el escenario con la bella Manuela Arcuri!","robots":{"index":"index","follow":"follow","max-snippet":"max-snippet:-1","max-image-preview":"max-image-preview:large","max-video-preview":"max-video-preview:-1"},"canonical":"https:\/\/www.garvanacoustic.com\/es\/referencias\/peliculas-y-series-de-tv\/aparicion-especial-en-la-belleza-de-las-mujeres\/","og_locale":"es_ES","og_type":"article","og_title":"Aparici\u00f3n especial en \"La belleza de las mujeres","og_description":"Drop fue una aparici\u00f3n especial en la conocida serie de televisi\u00f3n. \u00a1Aqu\u00ed puedes ver a los Garvan Drops en el escenario con la bella Manuela Arcuri!","og_url":"https:\/\/www.garvanacoustic.com\/es\/referencias\/peliculas-y-series-de-tv\/aparicion-especial-en-la-belleza-de-las-mujeres\/","og_site_name":"Garvan Acoustic","article_publisher":"https:\/\/www.facebook.com\/garvanacoustic","article_published_time":"2024-02-06T15:53:44+00:00","article_modified_time":"2024-02-06T16:04:00+00:00","og_image":[{"width":779,"height":437,"url":"https:\/\/www.garvanacoustic.com\/wp-content\/uploads\/2024\/07\/header-nwsl-garvan-e1759746705872.jpg","type":"image\/jpeg"}],"author":"Tommaso Minardi","twitter_card":"summary_large_image","twitter_misc":{"Escrito por":"Tommaso Minardi"},"schema":{"@context":"https:\/\/schema.org","@graph":[{"@type":"Article","@id":"https:\/\/www.garvanacoustic.com\/es\/referencias\/peliculas-y-series-de-tv\/aparicion-especial-en-la-belleza-de-las-mujeres\/#article","isPartOf":{"@id":"https:\/\/www.garvanacoustic.com\/es\/referencias\/peliculas-y-series-de-tv\/aparicion-especial-en-la-belleza-de-las-mujeres\/"},"author":{"name":"Tommaso Minardi","@id":"https:\/\/www.garvanacoustic.com\/es\/#\/schema\/person\/6a1c1645f07f7a0aa5e018c2f909f355"},"headline":"Aparici\u00f3n especial en \u00abLa belleza de las mujeres","datePublished":"2024-02-06T15:53:44+00:00","dateModified":"2024-02-06T16:04:00+00:00","mainEntityOfPage":{"@id":"https:\/\/www.garvanacoustic.com\/es\/referencias\/peliculas-y-series-de-tv\/aparicion-especial-en-la-belleza-de-las-mujeres\/"},"wordCount":76,"commentCount":0,"publisher":{"@id":"https:\/\/www.garvanacoustic.com\/es\/#organization"},"articleSection":["Pel\u00edculas y series de TV"],"inLanguage":"es","potentialAction":[{"@type":"CommentAction","name":"Comment","target":["https:\/\/www.garvanacoustic.com\/es\/referencias\/peliculas-y-series-de-tv\/aparicion-especial-en-la-belleza-de-las-mujeres\/#respond"]}]},{"@type":"WebPage","@id":"https:\/\/www.garvanacoustic.com\/es\/referencias\/peliculas-y-series-de-tv\/aparicion-especial-en-la-belleza-de-las-mujeres\/","url":"https:\/\/www.garvanacoustic.com\/es\/referencias\/peliculas-y-series-de-tv\/aparicion-especial-en-la-belleza-de-las-mujeres\/","name":"Aparici\u00f3n especial en \"La belleza de las mujeres - Garvan Acoustic","isPartOf":{"@id":"https:\/\/www.garvanacoustic.com\/es\/#website"},"datePublished":"2024-02-06T15:53:44+00:00","dateModified":"2024-02-06T16:04:00+00:00","description":"Drop fue una aparici\u00f3n especial en la conocida serie de televisi\u00f3n. \u00a1Aqu\u00ed puedes ver a los Garvan Drops en el escenario con la bella Manuela Arcuri!","breadcrumb":{"@id":"https:\/\/www.garvanacoustic.com\/es\/referencias\/peliculas-y-series-de-tv\/aparicion-especial-en-la-belleza-de-las-mujeres\/#breadcrumb"},"inLanguage":"es","potentialAction":[{"@type":"ReadAction","target":["https:\/\/www.garvanacoustic.com\/es\/referencias\/peliculas-y-series-de-tv\/aparicion-especial-en-la-belleza-de-las-mujeres\/"]}]},{"@type":"BreadcrumbList","@id":"https:\/\/www.garvanacoustic.com\/es\/referencias\/peliculas-y-series-de-tv\/aparicion-especial-en-la-belleza-de-las-mujeres\/#breadcrumb","itemListElement":[{"@type":"ListItem","position":1,"name":"Home","item":"https:\/\/www.garvanacoustic.com\/es\/"},{"@type":"ListItem","position":2,"name":"Aparici\u00f3n especial en &#8220;La belleza de las mujeres"}]},{"@type":"WebSite","@id":"https:\/\/www.garvanacoustic.com\/es\/#website","url":"https:\/\/www.garvanacoustic.com\/es\/","name":"Garvan Acoustic","description":"Diffusori e trattamento acustico: scopri la qualit\u00e0 del Made in Italy","publisher":{"@id":"https:\/\/www.garvanacoustic.com\/es\/#organization"},"potentialAction":[{"@type":"SearchAction","target":{"@type":"EntryPoint","urlTemplate":"https:\/\/www.garvanacoustic.com\/es\/?s={search_term_string}"},"query-input":{"@type":"PropertyValueSpecification","valueRequired":true,"valueName":"search_term_string"}}],"inLanguage":"es"},{"@type":"Organization","@id":"https:\/\/www.garvanacoustic.com\/es\/#organization","name":"Garvan Acoustic","url":"https:\/\/www.garvanacoustic.com\/es\/","logo":{"@type":"ImageObject","inLanguage":"es","@id":"https:\/\/www.garvanacoustic.com\/es\/#\/schema\/logo\/image\/","url":"https:\/\/www.garvanacoustic.com\/wp-content\/uploads\/2018\/07\/garvan-acoustic-logo.png","contentUrl":"https:\/\/www.garvanacoustic.com\/wp-content\/uploads\/2018\/07\/garvan-acoustic-logo.png","width":400,"height":161,"caption":"Garvan Acoustic"},"image":{"@id":"https:\/\/www.garvanacoustic.com\/es\/#\/schema\/logo\/image\/"},"sameAs":["https:\/\/www.facebook.com\/garvanacoustic","https:\/\/www.instagram.com\/garvanacoustic\/"],"description":"Produttori di Diffusori Acustici e Pannelli Fonoassorbenti Made in Italy","email":"garvan@garvanacoustic.com","telephone":"0546 682097"},{"@type":"Person","@id":"https:\/\/www.garvanacoustic.com\/es\/#\/schema\/person\/6a1c1645f07f7a0aa5e018c2f909f355","name":"Tommaso Minardi","image":{"@type":"ImageObject","inLanguage":"es","@id":"https:\/\/secure.gravatar.com\/avatar\/8c401eaabbdcdfbe0fe41e1798828bd51d99183ae86864950e8146a9c5cf079d?s=96&d=mm&r=g","url":"https:\/\/secure.gravatar.com\/avatar\/8c401eaabbdcdfbe0fe41e1798828bd51d99183ae86864950e8146a9c5cf079d?s=96&d=mm&r=g","contentUrl":"https:\/\/secure.gravatar.com\/avatar\/8c401eaabbdcdfbe0fe41e1798828bd51d99183ae86864950e8146a9c5cf079d?s=96&d=mm&r=g","caption":"Tommaso Minardi"},"url":"https:\/\/www.garvanacoustic.com\/es\/author\/studioin3\/"}]}},"_links":{"self":[{"href":"https:\/\/www.garvanacoustic.com\/es\/wp-json\/wp\/v2\/posts\/66237","targetHints":{"allow":["GET"]}}],"collection":[{"href":"https:\/\/www.garvanacoustic.com\/es\/wp-json\/wp\/v2\/posts"}],"about":[{"href":"https:\/\/www.garvanacoustic.com\/es\/wp-json\/wp\/v2\/types\/post"}],"author":[{"embeddable":true,"href":"https:\/\/www.garvanacoustic.com\/es\/wp-json\/wp\/v2\/users\/8"}],"replies":[{"embeddable":true,"href":"https:\/\/www.garvanacoustic.com\/es\/wp-json\/wp\/v2\/comments?post=66237"}],"version-history":[{"count":3,"href":"https:\/\/www.garvanacoustic.com\/es\/wp-json\/wp\/v2\/posts\/66237\/revisions"}],"predecessor-version":[{"id":66257,"href":"https:\/\/www.garvanacoustic.com\/es\/wp-json\/wp\/v2\/posts\/66237\/revisions\/66257"}],"wp:attachment":[{"href":"https:\/\/www.garvanacoustic.com\/es\/wp-json\/wp\/v2\/media?parent=66237"}],"wp:term":[{"taxonomy":"category","embeddable":true,"href":"https:\/\/www.garvanacoustic.com\/es\/wp-json\/wp\/v2\/categories?post=66237"},{"taxonomy":"post_tag","embeddable":true,"href":"https:\/\/www.garvanacoustic.com\/es\/wp-json\/wp\/v2\/tags?post=66237"}],"curies":[{"name":"wp","href":"https:\/\/api.w.org\/{rel}","templated":true}]}}