{"id":77205,"date":"2025-09-25T17:09:42","date_gmt":"2025-09-25T15:09:42","guid":{"rendered":"https:\/\/www.garvanacoustic.com\/?p=77205"},"modified":"2025-09-25T17:19:13","modified_gmt":"2025-09-25T15:19:13","slug":"los-locutores-de-goccia-en-la-serie-de-tv-imma-tataranni-rai-play","status":"publish","type":"post","link":"https:\/\/www.garvanacoustic.com\/es\/referencias\/peliculas-y-series-de-tv\/los-locutores-de-goccia-en-la-serie-de-tv-imma-tataranni-rai-play\/","title":{"rendered":"Los locutores de Goccia en la serie de TV Imma Tataranni &#8211; Rai Play"},"content":{"rendered":"<section class=\"no-padding\"><div class=\"container\"><div class=\"row\"><div class=\"wpb_column hcode-column-container vc_col-sm-12 col-xs-mobile-fullwidth\" data-front-class=\"col-xs-mobile-fullwidth\"><div class=\"vc-column-innner-wrapper\"><p>Tras ser elegidos para anuncios y producciones cinematogr\u00e1ficas, los altavoces <strong>cer\u00e1micos Goccia<\/strong> de Garvan tambi\u00e9n aparecen en la serie de televisi\u00f3n <em>Imma Tataranni - Sostituto Procuratore<\/em>, de RaiPlay.<\/p>\n<\/div><\/div><div class=\"wpb_column hcode-column-container vc_col-sm-6 col-xs-mobile-fullwidth\" data-front-class=\"col-xs-mobile-fullwidth\"><div class=\"vc-column-innner-wrapper\"><p>Un reconocimiento que confirma una vez m\u00e1s el valor no s\u00f3lo ac\u00fastico, sino tambi\u00e9n <strong>escenogr\u00e1fico y de dise\u00f1o<\/strong> de este producto. De hecho, su forma ic\u00f3nica y su acabado artesanal hacen de Goccia un objeto que se utiliza a menudo en contextos televisivos y cinematogr\u00e1ficos como elemento distintivo de estilo, capaz de caracterizar un ambiente y enriquecer una escena. <\/p>\n<p style=\"font-size: 14px;\">*imagen tomada del episodio 5 - temporada 2.<a href=\"https:\/\/www.raiplay.it\/video\/2022\/09\/Imma-Tataranni-Sostituto-procuratore-S2E5-Il-peso-dell-anima-794faef8-350f-4962-9eb9-f93d9f54c5f1.html\" target=\"_blank\" rel=\"noopener\">  Ver el episodio aqu\u00ed<\/a><\/p>\n<\/div><\/div><div class=\"wpb_column hcode-column-container vc_col-sm-6 col-xs-mobile-fullwidth\" data-front-class=\"col-xs-mobile-fullwidth\"><div class=\"vc-column-innner-wrapper\">[vc_single_image image=\"77207\" img_size=\"large\" alignment=\"center\" onclick=\"custom_link\" img_link_target=\"_blank\" link=\"https:\/\/www.garvanacoustic.com\/es\/prodotto\/acoustic-parquet\/\"]<\/div><\/div><\/div><\/div><\/section><section class=\"padding-two sm-padding-two xs-padding-two\"><div class=\"container\"><div class=\"row\"><div class=\"wpb_column hcode-column-container vc_col-sm-12 col-xs-mobile-fullwidth\" data-front-class=\"col-xs-mobile-fullwidth\"><div class=\"vc-column-innner-wrapper\"><\/div><\/div><\/div><\/div><\/section><section id=\"posizionare\" class=\" vc_custom_1697795665011 padding-one-tb sm-padding-one-tb xs-padding-one-tb\"><div class=\"container\"><div class=\"row\"><div class=\"wpb_column hcode-column-container vc_col-sm-6 col-xs-mobile-fullwidth\" data-front-class=\"col-xs-mobile-fullwidth\"><div class=\"vc-column-innner-wrapper\">[vc_wp_text]\r\n<h2><span style=\"color: #000000;\"><strong><b>Goccia<\/b><\/strong><\/span><\/h2>\r\nEl altavoz cer\u00e1mico suspendido Goccia de Garvan Acoustic es el \u00fanico altavoz cer\u00e1mico suspendido que fusiona la reproducci\u00f3n natural del sonido con el dise\u00f1o interior y el arte. Un mueble de dise\u00f1o atemporal.[\/vc_wp_text][vc_wp_text]\r\n<p style=\"background: #F2CF7E; border-radius: 10px; padding: 15px 32px; display: inline-block; margin: 4px 2px;\"><span style=\"color: #000000;\"><strong><a style=\"color: #000000;\" href=\"\/?p=64632\" target=\"_blank\" rel=\"noopener\">DESCUBRE \u203a<\/a><\/strong><\/span><\/p>\r\n[\/vc_wp_text]<div class=\"hcode-space  margin-one-all sm-margin-one-all xs-margin-one-all\"><\/div><\/div><\/div><div class=\"wpb_column hcode-column-container vc_col-sm-6 col-xs-mobile-fullwidth\" data-front-class=\"col-xs-mobile-fullwidth\"><div class=\"vc-column-innner-wrapper\"><div class=\"hcode-space  margin-one-all sm-margin-one-all xs-margin-one-all\"><\/div>[vc_single_image image=\"71448\" img_size=\"medium\" alignment=\"center\" onclick=\"custom_link\" img_link_target=\"_blank\" link=\"https:\/\/www.garvanacoustic.com\/es\/prodotto\/acoustic-parquet\/\"]<div class=\"hcode-space  margin-one-all sm-margin-one-all xs-margin-one-all\"><\/div><\/div><\/div><\/div><\/div><\/section>","protected":false},"excerpt":{"rendered":"<p>Tras ser elegidos para anuncios y producciones cinematogr\u00e1ficas, los altavoces cer\u00e1micos Goccia de Garvan tambi\u00e9n aparecen en la serie de televisi\u00f3n Imma Tataranni &#8211; Sostituto Procuratore, de RaiPlay. Un reconocimiento que confirma una vez m\u00e1s el valor no s\u00f3lo ac\u00fastico, sino tambi\u00e9n escenogr\u00e1fico y de dise\u00f1o de este producto. De hecho, su forma ic\u00f3nica y [&hellip;]<\/p>\n","protected":false},"author":11,"featured_media":77206,"comment_status":"open","ping_status":"open","sticky":false,"template":"","format":"standard","meta":{"_joinchat":[],"footnotes":""},"categories":[1682],"tags":[],"class_list":["post-77205","post","type-post","status-publish","format-standard","has-post-thumbnail","hentry","category-peliculas-y-series-de-tv"],"yoast_head":"<!-- This site is optimized with the Yoast SEO Premium plugin v27.4 (Yoast SEO v27.4) - https:\/\/yoast.com\/product\/yoast-seo-premium-wordpress\/ -->\n<title>Los locutores de Goccia en la serie de TV Imma Tataranni - Rai Play - Garvan Acoustic<\/title>\n<meta name=\"description\" content=\"Los altavoces de cer\u00e1mica Garvan Goccia tambi\u00e9n aparecen en la serie de TV de RaiPlay Imma Tataranni - Sostituto Procuratore.\" \/>\n<meta name=\"robots\" content=\"index, follow, max-snippet:-1, max-image-preview:large, max-video-preview:-1\" \/>\n<link rel=\"canonical\" href=\"https:\/\/www.garvanacoustic.com\/es\/referencias\/peliculas-y-series-de-tv\/los-locutores-de-goccia-en-la-serie-de-tv-imma-tataranni-rai-play\/\" \/>\n<meta property=\"og:locale\" content=\"es_ES\" \/>\n<meta property=\"og:type\" content=\"article\" \/>\n<meta property=\"og:title\" content=\"Los locutores de Goccia en la serie de TV Imma Tataranni - Rai Play\" \/>\n<meta property=\"og:description\" content=\"Los altavoces de cer\u00e1mica Garvan Goccia tambi\u00e9n aparecen en la serie de TV de RaiPlay Imma Tataranni - Sostituto Procuratore.\" \/>\n<meta property=\"og:url\" content=\"https:\/\/www.garvanacoustic.com\/es\/referencias\/peliculas-y-series-de-tv\/los-locutores-de-goccia-en-la-serie-de-tv-imma-tataranni-rai-play\/\" \/>\n<meta property=\"og:site_name\" content=\"Garvan Acoustic\" \/>\n<meta property=\"article:publisher\" content=\"https:\/\/www.facebook.com\/garvanacoustic\" \/>\n<meta property=\"article:published_time\" content=\"2025-09-25T15:09:42+00:00\" \/>\n<meta property=\"article:modified_time\" content=\"2025-09-25T15:19:13+00:00\" \/>\n<meta property=\"og:image\" content=\"https:\/\/www.garvanacoustic.com\/wp-content\/uploads\/2025\/09\/Goccia-nella-serie-TV-Imma-Tataranni.jpg\" \/>\n\t<meta property=\"og:image:width\" content=\"1872\" \/>\n\t<meta property=\"og:image:height\" content=\"1008\" \/>\n\t<meta property=\"og:image:type\" content=\"image\/jpeg\" \/>\n<meta name=\"author\" content=\"artigiano\" \/>\n<meta name=\"twitter:card\" content=\"summary_large_image\" \/>\n<meta name=\"twitter:label1\" content=\"Escrito por\" \/>\n\t<meta name=\"twitter:data1\" content=\"artigiano\" \/>\n\t<meta name=\"twitter:label2\" content=\"Tiempo de lectura\" \/>\n\t<meta name=\"twitter:data2\" content=\"2 minutos\" \/>\n<script type=\"application\/ld+json\" class=\"yoast-schema-graph\">{\"@context\":\"https:\\\/\\\/schema.org\",\"@graph\":[{\"@type\":\"Article\",\"@id\":\"https:\\\/\\\/www.garvanacoustic.com\\\/es\\\/referencias\\\/peliculas-y-series-de-tv\\\/los-locutores-de-goccia-en-la-serie-de-tv-imma-tataranni-rai-play\\\/#article\",\"isPartOf\":{\"@id\":\"https:\\\/\\\/www.garvanacoustic.com\\\/es\\\/referencias\\\/peliculas-y-series-de-tv\\\/los-locutores-de-goccia-en-la-serie-de-tv-imma-tataranni-rai-play\\\/\"},\"author\":{\"name\":\"artigiano\",\"@id\":\"https:\\\/\\\/www.garvanacoustic.com\\\/es\\\/#\\\/schema\\\/person\\\/6ff430ebd72eb07e33862b57a3efd894\"},\"headline\":\"Los locutores de Goccia en la serie de TV Imma Tataranni &#8211; Rai Play\",\"datePublished\":\"2025-09-25T15:09:42+00:00\",\"dateModified\":\"2025-09-25T15:19:13+00:00\",\"mainEntityOfPage\":{\"@id\":\"https:\\\/\\\/www.garvanacoustic.com\\\/es\\\/referencias\\\/peliculas-y-series-de-tv\\\/los-locutores-de-goccia-en-la-serie-de-tv-imma-tataranni-rai-play\\\/\"},\"wordCount\":356,\"commentCount\":0,\"publisher\":{\"@id\":\"https:\\\/\\\/www.garvanacoustic.com\\\/es\\\/#organization\"},\"image\":{\"@id\":\"https:\\\/\\\/www.garvanacoustic.com\\\/es\\\/referencias\\\/peliculas-y-series-de-tv\\\/los-locutores-de-goccia-en-la-serie-de-tv-imma-tataranni-rai-play\\\/#primaryimage\"},\"thumbnailUrl\":\"https:\\\/\\\/www.garvanacoustic.com\\\/wp-content\\\/uploads\\\/2025\\\/09\\\/Goccia-nella-serie-TV-Imma-Tataranni.jpg\",\"articleSection\":[\"Pel\u00edculas y series de TV\"],\"inLanguage\":\"es\",\"potentialAction\":[{\"@type\":\"CommentAction\",\"name\":\"Comment\",\"target\":[\"https:\\\/\\\/www.garvanacoustic.com\\\/es\\\/referencias\\\/peliculas-y-series-de-tv\\\/los-locutores-de-goccia-en-la-serie-de-tv-imma-tataranni-rai-play\\\/#respond\"]}]},{\"@type\":\"WebPage\",\"@id\":\"https:\\\/\\\/www.garvanacoustic.com\\\/es\\\/referencias\\\/peliculas-y-series-de-tv\\\/los-locutores-de-goccia-en-la-serie-de-tv-imma-tataranni-rai-play\\\/\",\"url\":\"https:\\\/\\\/www.garvanacoustic.com\\\/es\\\/referencias\\\/peliculas-y-series-de-tv\\\/los-locutores-de-goccia-en-la-serie-de-tv-imma-tataranni-rai-play\\\/\",\"name\":\"Los locutores de Goccia en la serie de TV Imma Tataranni - Rai Play - Garvan Acoustic\",\"isPartOf\":{\"@id\":\"https:\\\/\\\/www.garvanacoustic.com\\\/es\\\/#website\"},\"primaryImageOfPage\":{\"@id\":\"https:\\\/\\\/www.garvanacoustic.com\\\/es\\\/referencias\\\/peliculas-y-series-de-tv\\\/los-locutores-de-goccia-en-la-serie-de-tv-imma-tataranni-rai-play\\\/#primaryimage\"},\"image\":{\"@id\":\"https:\\\/\\\/www.garvanacoustic.com\\\/es\\\/referencias\\\/peliculas-y-series-de-tv\\\/los-locutores-de-goccia-en-la-serie-de-tv-imma-tataranni-rai-play\\\/#primaryimage\"},\"thumbnailUrl\":\"https:\\\/\\\/www.garvanacoustic.com\\\/wp-content\\\/uploads\\\/2025\\\/09\\\/Goccia-nella-serie-TV-Imma-Tataranni.jpg\",\"datePublished\":\"2025-09-25T15:09:42+00:00\",\"dateModified\":\"2025-09-25T15:19:13+00:00\",\"description\":\"Los altavoces de cer\u00e1mica Garvan Goccia tambi\u00e9n aparecen en la serie de TV de RaiPlay Imma Tataranni - Sostituto Procuratore.\",\"breadcrumb\":{\"@id\":\"https:\\\/\\\/www.garvanacoustic.com\\\/es\\\/referencias\\\/peliculas-y-series-de-tv\\\/los-locutores-de-goccia-en-la-serie-de-tv-imma-tataranni-rai-play\\\/#breadcrumb\"},\"inLanguage\":\"es\",\"potentialAction\":[{\"@type\":\"ReadAction\",\"target\":[\"https:\\\/\\\/www.garvanacoustic.com\\\/es\\\/referencias\\\/peliculas-y-series-de-tv\\\/los-locutores-de-goccia-en-la-serie-de-tv-imma-tataranni-rai-play\\\/\"]}]},{\"@type\":\"ImageObject\",\"inLanguage\":\"es\",\"@id\":\"https:\\\/\\\/www.garvanacoustic.com\\\/es\\\/referencias\\\/peliculas-y-series-de-tv\\\/los-locutores-de-goccia-en-la-serie-de-tv-imma-tataranni-rai-play\\\/#primaryimage\",\"url\":\"https:\\\/\\\/www.garvanacoustic.com\\\/wp-content\\\/uploads\\\/2025\\\/09\\\/Goccia-nella-serie-TV-Imma-Tataranni.jpg\",\"contentUrl\":\"https:\\\/\\\/www.garvanacoustic.com\\\/wp-content\\\/uploads\\\/2025\\\/09\\\/Goccia-nella-serie-TV-Imma-Tataranni.jpg\",\"width\":1872,\"height\":1008},{\"@type\":\"BreadcrumbList\",\"@id\":\"https:\\\/\\\/www.garvanacoustic.com\\\/es\\\/referencias\\\/peliculas-y-series-de-tv\\\/los-locutores-de-goccia-en-la-serie-de-tv-imma-tataranni-rai-play\\\/#breadcrumb\",\"itemListElement\":[{\"@type\":\"ListItem\",\"position\":1,\"name\":\"Home\",\"item\":\"https:\\\/\\\/www.garvanacoustic.com\\\/es\\\/\"},{\"@type\":\"ListItem\",\"position\":2,\"name\":\"Los locutores de Goccia en la serie de TV Imma Tataranni &#8211; Rai Play\"}]},{\"@type\":\"WebSite\",\"@id\":\"https:\\\/\\\/www.garvanacoustic.com\\\/es\\\/#website\",\"url\":\"https:\\\/\\\/www.garvanacoustic.com\\\/es\\\/\",\"name\":\"Garvan Acoustic\",\"description\":\"Diffusori e trattamento acustico: scopri la qualit\u00e0 del Made in Italy\",\"publisher\":{\"@id\":\"https:\\\/\\\/www.garvanacoustic.com\\\/es\\\/#organization\"},\"potentialAction\":[{\"@type\":\"SearchAction\",\"target\":{\"@type\":\"EntryPoint\",\"urlTemplate\":\"https:\\\/\\\/www.garvanacoustic.com\\\/es\\\/?s={search_term_string}\"},\"query-input\":{\"@type\":\"PropertyValueSpecification\",\"valueRequired\":true,\"valueName\":\"search_term_string\"}}],\"inLanguage\":\"es\"},{\"@type\":\"Organization\",\"@id\":\"https:\\\/\\\/www.garvanacoustic.com\\\/es\\\/#organization\",\"name\":\"Garvan Acoustic\",\"url\":\"https:\\\/\\\/www.garvanacoustic.com\\\/es\\\/\",\"logo\":{\"@type\":\"ImageObject\",\"inLanguage\":\"es\",\"@id\":\"https:\\\/\\\/www.garvanacoustic.com\\\/es\\\/#\\\/schema\\\/logo\\\/image\\\/\",\"url\":\"https:\\\/\\\/www.garvanacoustic.com\\\/wp-content\\\/uploads\\\/2018\\\/07\\\/garvan-acoustic-logo.png\",\"contentUrl\":\"https:\\\/\\\/www.garvanacoustic.com\\\/wp-content\\\/uploads\\\/2018\\\/07\\\/garvan-acoustic-logo.png\",\"width\":400,\"height\":161,\"caption\":\"Garvan Acoustic\"},\"image\":{\"@id\":\"https:\\\/\\\/www.garvanacoustic.com\\\/es\\\/#\\\/schema\\\/logo\\\/image\\\/\"},\"sameAs\":[\"https:\\\/\\\/www.facebook.com\\\/garvanacoustic\",\"https:\\\/\\\/www.instagram.com\\\/garvanacoustic\\\/\"],\"description\":\"Produttori di Diffusori Acustici e Pannelli Fonoassorbenti Made in Italy\",\"email\":\"garvan@garvanacoustic.com\",\"telephone\":\"0546 682097\"},{\"@type\":\"Person\",\"@id\":\"https:\\\/\\\/www.garvanacoustic.com\\\/es\\\/#\\\/schema\\\/person\\\/6ff430ebd72eb07e33862b57a3efd894\",\"name\":\"artigiano\",\"image\":{\"@type\":\"ImageObject\",\"inLanguage\":\"es\",\"@id\":\"https:\\\/\\\/secure.gravatar.com\\\/avatar\\\/435d84d0f64910211a3e5facb0097811767e6bf4e5c8988a895350929ecaa02a?s=96&d=mm&r=g\",\"url\":\"https:\\\/\\\/secure.gravatar.com\\\/avatar\\\/435d84d0f64910211a3e5facb0097811767e6bf4e5c8988a895350929ecaa02a?s=96&d=mm&r=g\",\"contentUrl\":\"https:\\\/\\\/secure.gravatar.com\\\/avatar\\\/435d84d0f64910211a3e5facb0097811767e6bf4e5c8988a895350929ecaa02a?s=96&d=mm&r=g\",\"caption\":\"artigiano\"},\"url\":\"https:\\\/\\\/www.garvanacoustic.com\\\/es\\\/author\\\/artigianodigitale\\\/\"}]}<\/script>\n<!-- \/ Yoast SEO Premium plugin. -->","yoast_head_json":{"title":"Los locutores de Goccia en la serie de TV Imma Tataranni - Rai Play - Garvan Acoustic","description":"Los altavoces de cer\u00e1mica Garvan Goccia tambi\u00e9n aparecen en la serie de TV de RaiPlay Imma Tataranni - Sostituto Procuratore.","robots":{"index":"index","follow":"follow","max-snippet":"max-snippet:-1","max-image-preview":"max-image-preview:large","max-video-preview":"max-video-preview:-1"},"canonical":"https:\/\/www.garvanacoustic.com\/es\/referencias\/peliculas-y-series-de-tv\/los-locutores-de-goccia-en-la-serie-de-tv-imma-tataranni-rai-play\/","og_locale":"es_ES","og_type":"article","og_title":"Los locutores de Goccia en la serie de TV Imma Tataranni - Rai Play","og_description":"Los altavoces de cer\u00e1mica Garvan Goccia tambi\u00e9n aparecen en la serie de TV de RaiPlay Imma Tataranni - Sostituto Procuratore.","og_url":"https:\/\/www.garvanacoustic.com\/es\/referencias\/peliculas-y-series-de-tv\/los-locutores-de-goccia-en-la-serie-de-tv-imma-tataranni-rai-play\/","og_site_name":"Garvan Acoustic","article_publisher":"https:\/\/www.facebook.com\/garvanacoustic","article_published_time":"2025-09-25T15:09:42+00:00","article_modified_time":"2025-09-25T15:19:13+00:00","og_image":[{"width":1872,"height":1008,"url":"https:\/\/www.garvanacoustic.com\/wp-content\/uploads\/2025\/09\/Goccia-nella-serie-TV-Imma-Tataranni.jpg","type":"image\/jpeg"}],"author":"artigiano","twitter_card":"summary_large_image","twitter_misc":{"Escrito por":"artigiano","Tiempo de lectura":"2 minutos"},"schema":{"@context":"https:\/\/schema.org","@graph":[{"@type":"Article","@id":"https:\/\/www.garvanacoustic.com\/es\/referencias\/peliculas-y-series-de-tv\/los-locutores-de-goccia-en-la-serie-de-tv-imma-tataranni-rai-play\/#article","isPartOf":{"@id":"https:\/\/www.garvanacoustic.com\/es\/referencias\/peliculas-y-series-de-tv\/los-locutores-de-goccia-en-la-serie-de-tv-imma-tataranni-rai-play\/"},"author":{"name":"artigiano","@id":"https:\/\/www.garvanacoustic.com\/es\/#\/schema\/person\/6ff430ebd72eb07e33862b57a3efd894"},"headline":"Los locutores de Goccia en la serie de TV Imma Tataranni &#8211; Rai Play","datePublished":"2025-09-25T15:09:42+00:00","dateModified":"2025-09-25T15:19:13+00:00","mainEntityOfPage":{"@id":"https:\/\/www.garvanacoustic.com\/es\/referencias\/peliculas-y-series-de-tv\/los-locutores-de-goccia-en-la-serie-de-tv-imma-tataranni-rai-play\/"},"wordCount":356,"commentCount":0,"publisher":{"@id":"https:\/\/www.garvanacoustic.com\/es\/#organization"},"image":{"@id":"https:\/\/www.garvanacoustic.com\/es\/referencias\/peliculas-y-series-de-tv\/los-locutores-de-goccia-en-la-serie-de-tv-imma-tataranni-rai-play\/#primaryimage"},"thumbnailUrl":"https:\/\/www.garvanacoustic.com\/wp-content\/uploads\/2025\/09\/Goccia-nella-serie-TV-Imma-Tataranni.jpg","articleSection":["Pel\u00edculas y series de TV"],"inLanguage":"es","potentialAction":[{"@type":"CommentAction","name":"Comment","target":["https:\/\/www.garvanacoustic.com\/es\/referencias\/peliculas-y-series-de-tv\/los-locutores-de-goccia-en-la-serie-de-tv-imma-tataranni-rai-play\/#respond"]}]},{"@type":"WebPage","@id":"https:\/\/www.garvanacoustic.com\/es\/referencias\/peliculas-y-series-de-tv\/los-locutores-de-goccia-en-la-serie-de-tv-imma-tataranni-rai-play\/","url":"https:\/\/www.garvanacoustic.com\/es\/referencias\/peliculas-y-series-de-tv\/los-locutores-de-goccia-en-la-serie-de-tv-imma-tataranni-rai-play\/","name":"Los locutores de Goccia en la serie de TV Imma Tataranni - Rai Play - Garvan Acoustic","isPartOf":{"@id":"https:\/\/www.garvanacoustic.com\/es\/#website"},"primaryImageOfPage":{"@id":"https:\/\/www.garvanacoustic.com\/es\/referencias\/peliculas-y-series-de-tv\/los-locutores-de-goccia-en-la-serie-de-tv-imma-tataranni-rai-play\/#primaryimage"},"image":{"@id":"https:\/\/www.garvanacoustic.com\/es\/referencias\/peliculas-y-series-de-tv\/los-locutores-de-goccia-en-la-serie-de-tv-imma-tataranni-rai-play\/#primaryimage"},"thumbnailUrl":"https:\/\/www.garvanacoustic.com\/wp-content\/uploads\/2025\/09\/Goccia-nella-serie-TV-Imma-Tataranni.jpg","datePublished":"2025-09-25T15:09:42+00:00","dateModified":"2025-09-25T15:19:13+00:00","description":"Los altavoces de cer\u00e1mica Garvan Goccia tambi\u00e9n aparecen en la serie de TV de RaiPlay Imma Tataranni - Sostituto Procuratore.","breadcrumb":{"@id":"https:\/\/www.garvanacoustic.com\/es\/referencias\/peliculas-y-series-de-tv\/los-locutores-de-goccia-en-la-serie-de-tv-imma-tataranni-rai-play\/#breadcrumb"},"inLanguage":"es","potentialAction":[{"@type":"ReadAction","target":["https:\/\/www.garvanacoustic.com\/es\/referencias\/peliculas-y-series-de-tv\/los-locutores-de-goccia-en-la-serie-de-tv-imma-tataranni-rai-play\/"]}]},{"@type":"ImageObject","inLanguage":"es","@id":"https:\/\/www.garvanacoustic.com\/es\/referencias\/peliculas-y-series-de-tv\/los-locutores-de-goccia-en-la-serie-de-tv-imma-tataranni-rai-play\/#primaryimage","url":"https:\/\/www.garvanacoustic.com\/wp-content\/uploads\/2025\/09\/Goccia-nella-serie-TV-Imma-Tataranni.jpg","contentUrl":"https:\/\/www.garvanacoustic.com\/wp-content\/uploads\/2025\/09\/Goccia-nella-serie-TV-Imma-Tataranni.jpg","width":1872,"height":1008},{"@type":"BreadcrumbList","@id":"https:\/\/www.garvanacoustic.com\/es\/referencias\/peliculas-y-series-de-tv\/los-locutores-de-goccia-en-la-serie-de-tv-imma-tataranni-rai-play\/#breadcrumb","itemListElement":[{"@type":"ListItem","position":1,"name":"Home","item":"https:\/\/www.garvanacoustic.com\/es\/"},{"@type":"ListItem","position":2,"name":"Los locutores de Goccia en la serie de TV Imma Tataranni &#8211; Rai Play"}]},{"@type":"WebSite","@id":"https:\/\/www.garvanacoustic.com\/es\/#website","url":"https:\/\/www.garvanacoustic.com\/es\/","name":"Garvan Acoustic","description":"Diffusori e trattamento acustico: scopri la qualit\u00e0 del Made in Italy","publisher":{"@id":"https:\/\/www.garvanacoustic.com\/es\/#organization"},"potentialAction":[{"@type":"SearchAction","target":{"@type":"EntryPoint","urlTemplate":"https:\/\/www.garvanacoustic.com\/es\/?s={search_term_string}"},"query-input":{"@type":"PropertyValueSpecification","valueRequired":true,"valueName":"search_term_string"}}],"inLanguage":"es"},{"@type":"Organization","@id":"https:\/\/www.garvanacoustic.com\/es\/#organization","name":"Garvan Acoustic","url":"https:\/\/www.garvanacoustic.com\/es\/","logo":{"@type":"ImageObject","inLanguage":"es","@id":"https:\/\/www.garvanacoustic.com\/es\/#\/schema\/logo\/image\/","url":"https:\/\/www.garvanacoustic.com\/wp-content\/uploads\/2018\/07\/garvan-acoustic-logo.png","contentUrl":"https:\/\/www.garvanacoustic.com\/wp-content\/uploads\/2018\/07\/garvan-acoustic-logo.png","width":400,"height":161,"caption":"Garvan Acoustic"},"image":{"@id":"https:\/\/www.garvanacoustic.com\/es\/#\/schema\/logo\/image\/"},"sameAs":["https:\/\/www.facebook.com\/garvanacoustic","https:\/\/www.instagram.com\/garvanacoustic\/"],"description":"Produttori di Diffusori Acustici e Pannelli Fonoassorbenti Made in Italy","email":"garvan@garvanacoustic.com","telephone":"0546 682097"},{"@type":"Person","@id":"https:\/\/www.garvanacoustic.com\/es\/#\/schema\/person\/6ff430ebd72eb07e33862b57a3efd894","name":"artigiano","image":{"@type":"ImageObject","inLanguage":"es","@id":"https:\/\/secure.gravatar.com\/avatar\/435d84d0f64910211a3e5facb0097811767e6bf4e5c8988a895350929ecaa02a?s=96&d=mm&r=g","url":"https:\/\/secure.gravatar.com\/avatar\/435d84d0f64910211a3e5facb0097811767e6bf4e5c8988a895350929ecaa02a?s=96&d=mm&r=g","contentUrl":"https:\/\/secure.gravatar.com\/avatar\/435d84d0f64910211a3e5facb0097811767e6bf4e5c8988a895350929ecaa02a?s=96&d=mm&r=g","caption":"artigiano"},"url":"https:\/\/www.garvanacoustic.com\/es\/author\/artigianodigitale\/"}]}},"_links":{"self":[{"href":"https:\/\/www.garvanacoustic.com\/es\/wp-json\/wp\/v2\/posts\/77205","targetHints":{"allow":["GET"]}}],"collection":[{"href":"https:\/\/www.garvanacoustic.com\/es\/wp-json\/wp\/v2\/posts"}],"about":[{"href":"https:\/\/www.garvanacoustic.com\/es\/wp-json\/wp\/v2\/types\/post"}],"author":[{"embeddable":true,"href":"https:\/\/www.garvanacoustic.com\/es\/wp-json\/wp\/v2\/users\/11"}],"replies":[{"embeddable":true,"href":"https:\/\/www.garvanacoustic.com\/es\/wp-json\/wp\/v2\/comments?post=77205"}],"version-history":[{"count":11,"href":"https:\/\/www.garvanacoustic.com\/es\/wp-json\/wp\/v2\/posts\/77205\/revisions"}],"predecessor-version":[{"id":77250,"href":"https:\/\/www.garvanacoustic.com\/es\/wp-json\/wp\/v2\/posts\/77205\/revisions\/77250"}],"wp:featuredmedia":[{"embeddable":true,"href":"https:\/\/www.garvanacoustic.com\/es\/wp-json\/wp\/v2\/media\/77206"}],"wp:attachment":[{"href":"https:\/\/www.garvanacoustic.com\/es\/wp-json\/wp\/v2\/media?parent=77205"}],"wp:term":[{"taxonomy":"category","embeddable":true,"href":"https:\/\/www.garvanacoustic.com\/es\/wp-json\/wp\/v2\/categories?post=77205"},{"taxonomy":"post_tag","embeddable":true,"href":"https:\/\/www.garvanacoustic.com\/es\/wp-json\/wp\/v2\/tags?post=77205"}],"curies":[{"name":"wp","href":"https:\/\/api.w.org\/{rel}","templated":true}]}}