{"id":24069,"date":"2018-10-23T17:02:54","date_gmt":"2018-10-23T15:02:54","guid":{"rendered":"https:\/\/www.garvanacoustic.com\/luce-e-suono-dialogano-garvan-sulle-pagine-di-encore\/"},"modified":"2019-03-08T10:21:10","modified_gmt":"2019-03-08T09:21:10","slug":"dialogue-entre-son-et-lumiere-dans-les-pages-de-encore","status":"publish","type":"post","link":"https:\/\/www.garvanacoustic.com\/fr\/presse\/dialogue-entre-son-et-lumiere-dans-les-pages-de-encore\/","title":{"rendered":"\u00abEncore!\u00bb"},"content":{"rendered":"<section class=\"padding-two sm-padding-two xs-padding-two\"><div class=\"wpb_column hcode-column-container  vc_custom_1536162705555 text-center vc_col-sm-3 col-xs-mobile-fullwidth\" data-front-class=\" vc_custom_1536162705555 text-center col-xs-mobile-fullwidth\" data-background=#303030 style=\" background:#303030;\"><div class=\"vc-column-innner-wrapper\">[vc_single_image image=\"21577\" img_size=\"medium\" alignment=\"center\" css=\".vc_custom_1540306960497{background-color: #ffffff !important;}\"]<\/div><\/div><div class=\"wpb_column hcode-column-container vc_col-sm-9 col-xs-mobile-fullwidth\" data-front-class=\"col-xs-mobile-fullwidth\"><div class=\"vc-column-innner-wrapper\"><h3 class=\"section-title padding-two-tb text-transform-none\">Luce e suono dialogano: Garvan sulle pagine di \u00abEncore!\u00bb<\/h3><p><strong>Un dialogue entre son et lumi\u00e8re: Garvan sur les pages du style magazine \u00abEncore!\u00bb<br \/>\n<\/strong><\/p>\n<p>Son et lumi\u00e8re prennent forme. L\u2019\u00e9dition du mois d\u2019Octobre du style magazine suisse encore! consacre son ouverture \u00e0 l\u2019alliance d\u2019ondes sonores et lumineuses. Dans ces photos, les lampes et les haut-parleurs dialoguent dans un \u00ab esprit technologique \u00bb s\u2019exprimant \u00e0 travers des formes fluides, o\u00f9 l\u2019enceinte acoustique GocciaTM de Garvan joue le r\u00f4le du protagoniste absolu.<\/p>\n<p><a href=\"http:\/\/www.encore-mag.ch\/\" target=\"_blank\" rel=\"noopener\">\u00abEncore!\u00bb<\/a><\/p>\n<a  href=\"https:\/\/www.garvanacoustic.com\/wp-content\/uploads\/2018\/10\/hc-ott-nov-16_light.pdf\" target=\"_blank\"  class=\"inner-link button btn highlight-button btn-small\"><i class=\"icon-document\"><\/i>Download<\/a><\/div><\/div><\/section>","protected":false},"excerpt":{"rendered":"<p>[vc_single_image image=\u00a0\u00bb21577&Prime; img_size=\u00a0\u00bbmedium\u00a0\u00bb alignment=\u00a0\u00bbcenter\u00a0\u00bb css=\u00a0\u00bb.vc_custom_1540306960497{background-color: #ffffff !important;}\u00a0\u00bb]Luce e suono dialogano: Garvan sulle pagine di \u00abEncore!\u00bbUn dialogue entre son et lumi\u00e8re: Garvan sur les pages du style magazine \u00abEncore!\u00bb Son et lumi\u00e8re prennent forme. L\u2019\u00e9dition du mois d\u2019Octobre du style magazine suisse encore! consacre son ouverture \u00e0 l\u2019alliance d\u2019ondes sonores et lumineuses. Dans ces photos, les [&hellip;]<\/p>\n","protected":false},"author":6,"featured_media":24070,"comment_status":"open","ping_status":"open","sticky":false,"template":"","format":"image","meta":{"_joinchat":[],"footnotes":""},"categories":[133],"tags":[],"class_list":["post-24069","post","type-post","status-publish","format-image","has-post-thumbnail","hentry","category-presse","post_format-post-format-image"],"yoast_head":"<!-- This site is optimized with the Yoast SEO Premium plugin v27.4 (Yoast SEO v27.4) - https:\/\/yoast.com\/product\/yoast-seo-premium-wordpress\/ -->\n<title>\u00abEncore!\u00bb - Garvan Acoustic<\/title>\n<meta name=\"robots\" content=\"index, follow, max-snippet:-1, max-image-preview:large, max-video-preview:-1\" \/>\n<link rel=\"canonical\" href=\"https:\/\/www.garvanacoustic.com\/fr\/presse\/dialogue-entre-son-et-lumiere-dans-les-pages-de-encore\/\" \/>\n<meta property=\"og:locale\" content=\"fr_FR\" \/>\n<meta property=\"og:type\" content=\"article\" \/>\n<meta property=\"og:title\" content=\"\u00abEncore!\u00bb\" \/>\n<meta property=\"og:description\" content=\"[vc_single_image image=&quot;21577&quot; img_size=&quot;medium&quot; alignment=&quot;center&quot; css=&quot;.vc_custom_1540306960497{background-color: #ffffff !important;}&quot;]Luce e suono dialogano: Garvan sulle pagine di \u00abEncore!\u00bbUn dialogue entre son et lumi\u00e8re: Garvan sur les pages du style magazine \u00abEncore!\u00bb Son et lumi\u00e8re prennent forme. L\u2019\u00e9dition du mois d\u2019Octobre du style magazine suisse encore! consacre son ouverture \u00e0 l\u2019alliance d\u2019ondes sonores et lumineuses. Dans ces photos, les [&hellip;]\" \/>\n<meta property=\"og:url\" content=\"https:\/\/www.garvanacoustic.com\/fr\/presse\/dialogue-entre-son-et-lumiere-dans-les-pages-de-encore\/\" \/>\n<meta property=\"og:site_name\" content=\"Garvan Acoustic\" \/>\n<meta property=\"article:publisher\" content=\"https:\/\/www.facebook.com\/garvanacoustic\" \/>\n<meta property=\"article:published_time\" content=\"2018-10-23T15:02:54+00:00\" \/>\n<meta property=\"article:modified_time\" content=\"2019-03-08T09:21:10+00:00\" \/>\n<meta property=\"og:image\" content=\"https:\/\/www.garvanacoustic.com\/wp-content\/uploads\/2018\/10\/cover-encore.jpg\" \/>\n\t<meta property=\"og:image:width\" content=\"150\" \/>\n\t<meta property=\"og:image:height\" content=\"199\" \/>\n\t<meta property=\"og:image:type\" content=\"image\/jpeg\" \/>\n<meta name=\"author\" content=\"garvan_editor\" \/>\n<meta name=\"twitter:card\" content=\"summary_large_image\" \/>\n<meta name=\"twitter:label1\" content=\"\u00c9crit par\" \/>\n\t<meta name=\"twitter:data1\" content=\"garvan_editor\" \/>\n\t<meta name=\"twitter:label2\" content=\"Dur\u00e9e de lecture estim\u00e9e\" \/>\n\t<meta name=\"twitter:data2\" content=\"1 minute\" \/>\n<script type=\"application\/ld+json\" class=\"yoast-schema-graph\">{\"@context\":\"https:\\\/\\\/schema.org\",\"@graph\":[{\"@type\":\"Article\",\"@id\":\"https:\\\/\\\/www.garvanacoustic.com\\\/fr\\\/presse\\\/dialogue-entre-son-et-lumiere-dans-les-pages-de-encore\\\/#article\",\"isPartOf\":{\"@id\":\"https:\\\/\\\/www.garvanacoustic.com\\\/fr\\\/presse\\\/dialogue-entre-son-et-lumiere-dans-les-pages-de-encore\\\/\"},\"author\":{\"name\":\"garvan_editor\",\"@id\":\"https:\\\/\\\/www.garvanacoustic.com\\\/fr\\\/#\\\/schema\\\/person\\\/09727156b8cb00892d1258442a3c907d\"},\"headline\":\"\u00abEncore!\u00bb\",\"datePublished\":\"2018-10-23T15:02:54+00:00\",\"dateModified\":\"2019-03-08T09:21:10+00:00\",\"mainEntityOfPage\":{\"@id\":\"https:\\\/\\\/www.garvanacoustic.com\\\/fr\\\/presse\\\/dialogue-entre-son-et-lumiere-dans-les-pages-de-encore\\\/\"},\"wordCount\":204,\"commentCount\":0,\"publisher\":{\"@id\":\"https:\\\/\\\/www.garvanacoustic.com\\\/fr\\\/#organization\"},\"image\":{\"@id\":\"https:\\\/\\\/www.garvanacoustic.com\\\/fr\\\/presse\\\/dialogue-entre-son-et-lumiere-dans-les-pages-de-encore\\\/#primaryimage\"},\"thumbnailUrl\":\"https:\\\/\\\/www.garvanacoustic.com\\\/wp-content\\\/uploads\\\/2018\\\/10\\\/cover-encore.jpg\",\"articleSection\":[\"Presse\"],\"inLanguage\":\"fr-FR\",\"potentialAction\":[{\"@type\":\"CommentAction\",\"name\":\"Comment\",\"target\":[\"https:\\\/\\\/www.garvanacoustic.com\\\/fr\\\/presse\\\/dialogue-entre-son-et-lumiere-dans-les-pages-de-encore\\\/#respond\"]}]},{\"@type\":\"WebPage\",\"@id\":\"https:\\\/\\\/www.garvanacoustic.com\\\/fr\\\/presse\\\/dialogue-entre-son-et-lumiere-dans-les-pages-de-encore\\\/\",\"url\":\"https:\\\/\\\/www.garvanacoustic.com\\\/fr\\\/presse\\\/dialogue-entre-son-et-lumiere-dans-les-pages-de-encore\\\/\",\"name\":\"\u00abEncore!\u00bb - Garvan Acoustic\",\"isPartOf\":{\"@id\":\"https:\\\/\\\/www.garvanacoustic.com\\\/fr\\\/#website\"},\"primaryImageOfPage\":{\"@id\":\"https:\\\/\\\/www.garvanacoustic.com\\\/fr\\\/presse\\\/dialogue-entre-son-et-lumiere-dans-les-pages-de-encore\\\/#primaryimage\"},\"image\":{\"@id\":\"https:\\\/\\\/www.garvanacoustic.com\\\/fr\\\/presse\\\/dialogue-entre-son-et-lumiere-dans-les-pages-de-encore\\\/#primaryimage\"},\"thumbnailUrl\":\"https:\\\/\\\/www.garvanacoustic.com\\\/wp-content\\\/uploads\\\/2018\\\/10\\\/cover-encore.jpg\",\"datePublished\":\"2018-10-23T15:02:54+00:00\",\"dateModified\":\"2019-03-08T09:21:10+00:00\",\"breadcrumb\":{\"@id\":\"https:\\\/\\\/www.garvanacoustic.com\\\/fr\\\/presse\\\/dialogue-entre-son-et-lumiere-dans-les-pages-de-encore\\\/#breadcrumb\"},\"inLanguage\":\"fr-FR\",\"potentialAction\":[{\"@type\":\"ReadAction\",\"target\":[\"https:\\\/\\\/www.garvanacoustic.com\\\/fr\\\/presse\\\/dialogue-entre-son-et-lumiere-dans-les-pages-de-encore\\\/\"]}]},{\"@type\":\"ImageObject\",\"inLanguage\":\"fr-FR\",\"@id\":\"https:\\\/\\\/www.garvanacoustic.com\\\/fr\\\/presse\\\/dialogue-entre-son-et-lumiere-dans-les-pages-de-encore\\\/#primaryimage\",\"url\":\"https:\\\/\\\/www.garvanacoustic.com\\\/wp-content\\\/uploads\\\/2018\\\/10\\\/cover-encore.jpg\",\"contentUrl\":\"https:\\\/\\\/www.garvanacoustic.com\\\/wp-content\\\/uploads\\\/2018\\\/10\\\/cover-encore.jpg\",\"width\":150,\"height\":199},{\"@type\":\"BreadcrumbList\",\"@id\":\"https:\\\/\\\/www.garvanacoustic.com\\\/fr\\\/presse\\\/dialogue-entre-son-et-lumiere-dans-les-pages-de-encore\\\/#breadcrumb\",\"itemListElement\":[{\"@type\":\"ListItem\",\"position\":1,\"name\":\"Home\",\"item\":\"https:\\\/\\\/www.garvanacoustic.com\\\/fr\\\/\"},{\"@type\":\"ListItem\",\"position\":2,\"name\":\"\u00abEncore!\u00bb\"}]},{\"@type\":\"WebSite\",\"@id\":\"https:\\\/\\\/www.garvanacoustic.com\\\/fr\\\/#website\",\"url\":\"https:\\\/\\\/www.garvanacoustic.com\\\/fr\\\/\",\"name\":\"Garvan Acoustic\",\"description\":\"Diffusori e trattamento acustico: scopri la qualit\u00e0 del Made in Italy\",\"publisher\":{\"@id\":\"https:\\\/\\\/www.garvanacoustic.com\\\/fr\\\/#organization\"},\"potentialAction\":[{\"@type\":\"SearchAction\",\"target\":{\"@type\":\"EntryPoint\",\"urlTemplate\":\"https:\\\/\\\/www.garvanacoustic.com\\\/fr\\\/?s={search_term_string}\"},\"query-input\":{\"@type\":\"PropertyValueSpecification\",\"valueRequired\":true,\"valueName\":\"search_term_string\"}}],\"inLanguage\":\"fr-FR\"},{\"@type\":\"Organization\",\"@id\":\"https:\\\/\\\/www.garvanacoustic.com\\\/fr\\\/#organization\",\"name\":\"Garvan Acoustic\",\"url\":\"https:\\\/\\\/www.garvanacoustic.com\\\/fr\\\/\",\"logo\":{\"@type\":\"ImageObject\",\"inLanguage\":\"fr-FR\",\"@id\":\"https:\\\/\\\/www.garvanacoustic.com\\\/fr\\\/#\\\/schema\\\/logo\\\/image\\\/\",\"url\":\"https:\\\/\\\/www.garvanacoustic.com\\\/wp-content\\\/uploads\\\/2018\\\/07\\\/garvan-acoustic-logo.png\",\"contentUrl\":\"https:\\\/\\\/www.garvanacoustic.com\\\/wp-content\\\/uploads\\\/2018\\\/07\\\/garvan-acoustic-logo.png\",\"width\":400,\"height\":161,\"caption\":\"Garvan Acoustic\"},\"image\":{\"@id\":\"https:\\\/\\\/www.garvanacoustic.com\\\/fr\\\/#\\\/schema\\\/logo\\\/image\\\/\"},\"sameAs\":[\"https:\\\/\\\/www.facebook.com\\\/garvanacoustic\",\"https:\\\/\\\/www.instagram.com\\\/garvanacoustic\\\/\"],\"description\":\"Produttori di Diffusori Acustici e Pannelli Fonoassorbenti Made in Italy\",\"email\":\"garvan@garvanacoustic.com\",\"telephone\":\"0546 682097\"},{\"@type\":\"Person\",\"@id\":\"https:\\\/\\\/www.garvanacoustic.com\\\/fr\\\/#\\\/schema\\\/person\\\/09727156b8cb00892d1258442a3c907d\",\"name\":\"garvan_editor\",\"image\":{\"@type\":\"ImageObject\",\"inLanguage\":\"fr-FR\",\"@id\":\"https:\\\/\\\/secure.gravatar.com\\\/avatar\\\/e9162e14491fbe40c8b8f258b3dcc580abbd812dd4769ec35a2771dab4442bd3?s=96&d=mm&r=g\",\"url\":\"https:\\\/\\\/secure.gravatar.com\\\/avatar\\\/e9162e14491fbe40c8b8f258b3dcc580abbd812dd4769ec35a2771dab4442bd3?s=96&d=mm&r=g\",\"contentUrl\":\"https:\\\/\\\/secure.gravatar.com\\\/avatar\\\/e9162e14491fbe40c8b8f258b3dcc580abbd812dd4769ec35a2771dab4442bd3?s=96&d=mm&r=g\",\"caption\":\"garvan_editor\"},\"url\":\"https:\\\/\\\/www.garvanacoustic.com\\\/fr\\\/author\\\/garvan_editor\\\/\"}]}<\/script>\n<!-- \/ Yoast SEO Premium plugin. -->","yoast_head_json":{"title":"\u00abEncore!\u00bb - Garvan Acoustic","robots":{"index":"index","follow":"follow","max-snippet":"max-snippet:-1","max-image-preview":"max-image-preview:large","max-video-preview":"max-video-preview:-1"},"canonical":"https:\/\/www.garvanacoustic.com\/fr\/presse\/dialogue-entre-son-et-lumiere-dans-les-pages-de-encore\/","og_locale":"fr_FR","og_type":"article","og_title":"\u00abEncore!\u00bb","og_description":"[vc_single_image image=\"21577\" img_size=\"medium\" alignment=\"center\" css=\".vc_custom_1540306960497{background-color: #ffffff !important;}\"]Luce e suono dialogano: Garvan sulle pagine di \u00abEncore!\u00bbUn dialogue entre son et lumi\u00e8re: Garvan sur les pages du style magazine \u00abEncore!\u00bb Son et lumi\u00e8re prennent forme. L\u2019\u00e9dition du mois d\u2019Octobre du style magazine suisse encore! consacre son ouverture \u00e0 l\u2019alliance d\u2019ondes sonores et lumineuses. Dans ces photos, les [&hellip;]","og_url":"https:\/\/www.garvanacoustic.com\/fr\/presse\/dialogue-entre-son-et-lumiere-dans-les-pages-de-encore\/","og_site_name":"Garvan Acoustic","article_publisher":"https:\/\/www.facebook.com\/garvanacoustic","article_published_time":"2018-10-23T15:02:54+00:00","article_modified_time":"2019-03-08T09:21:10+00:00","og_image":[{"width":150,"height":199,"url":"https:\/\/www.garvanacoustic.com\/wp-content\/uploads\/2018\/10\/cover-encore.jpg","type":"image\/jpeg"}],"author":"garvan_editor","twitter_card":"summary_large_image","twitter_misc":{"\u00c9crit par":"garvan_editor","Dur\u00e9e de lecture estim\u00e9e":"1 minute"},"schema":{"@context":"https:\/\/schema.org","@graph":[{"@type":"Article","@id":"https:\/\/www.garvanacoustic.com\/fr\/presse\/dialogue-entre-son-et-lumiere-dans-les-pages-de-encore\/#article","isPartOf":{"@id":"https:\/\/www.garvanacoustic.com\/fr\/presse\/dialogue-entre-son-et-lumiere-dans-les-pages-de-encore\/"},"author":{"name":"garvan_editor","@id":"https:\/\/www.garvanacoustic.com\/fr\/#\/schema\/person\/09727156b8cb00892d1258442a3c907d"},"headline":"\u00abEncore!\u00bb","datePublished":"2018-10-23T15:02:54+00:00","dateModified":"2019-03-08T09:21:10+00:00","mainEntityOfPage":{"@id":"https:\/\/www.garvanacoustic.com\/fr\/presse\/dialogue-entre-son-et-lumiere-dans-les-pages-de-encore\/"},"wordCount":204,"commentCount":0,"publisher":{"@id":"https:\/\/www.garvanacoustic.com\/fr\/#organization"},"image":{"@id":"https:\/\/www.garvanacoustic.com\/fr\/presse\/dialogue-entre-son-et-lumiere-dans-les-pages-de-encore\/#primaryimage"},"thumbnailUrl":"https:\/\/www.garvanacoustic.com\/wp-content\/uploads\/2018\/10\/cover-encore.jpg","articleSection":["Presse"],"inLanguage":"fr-FR","potentialAction":[{"@type":"CommentAction","name":"Comment","target":["https:\/\/www.garvanacoustic.com\/fr\/presse\/dialogue-entre-son-et-lumiere-dans-les-pages-de-encore\/#respond"]}]},{"@type":"WebPage","@id":"https:\/\/www.garvanacoustic.com\/fr\/presse\/dialogue-entre-son-et-lumiere-dans-les-pages-de-encore\/","url":"https:\/\/www.garvanacoustic.com\/fr\/presse\/dialogue-entre-son-et-lumiere-dans-les-pages-de-encore\/","name":"\u00abEncore!\u00bb - Garvan Acoustic","isPartOf":{"@id":"https:\/\/www.garvanacoustic.com\/fr\/#website"},"primaryImageOfPage":{"@id":"https:\/\/www.garvanacoustic.com\/fr\/presse\/dialogue-entre-son-et-lumiere-dans-les-pages-de-encore\/#primaryimage"},"image":{"@id":"https:\/\/www.garvanacoustic.com\/fr\/presse\/dialogue-entre-son-et-lumiere-dans-les-pages-de-encore\/#primaryimage"},"thumbnailUrl":"https:\/\/www.garvanacoustic.com\/wp-content\/uploads\/2018\/10\/cover-encore.jpg","datePublished":"2018-10-23T15:02:54+00:00","dateModified":"2019-03-08T09:21:10+00:00","breadcrumb":{"@id":"https:\/\/www.garvanacoustic.com\/fr\/presse\/dialogue-entre-son-et-lumiere-dans-les-pages-de-encore\/#breadcrumb"},"inLanguage":"fr-FR","potentialAction":[{"@type":"ReadAction","target":["https:\/\/www.garvanacoustic.com\/fr\/presse\/dialogue-entre-son-et-lumiere-dans-les-pages-de-encore\/"]}]},{"@type":"ImageObject","inLanguage":"fr-FR","@id":"https:\/\/www.garvanacoustic.com\/fr\/presse\/dialogue-entre-son-et-lumiere-dans-les-pages-de-encore\/#primaryimage","url":"https:\/\/www.garvanacoustic.com\/wp-content\/uploads\/2018\/10\/cover-encore.jpg","contentUrl":"https:\/\/www.garvanacoustic.com\/wp-content\/uploads\/2018\/10\/cover-encore.jpg","width":150,"height":199},{"@type":"BreadcrumbList","@id":"https:\/\/www.garvanacoustic.com\/fr\/presse\/dialogue-entre-son-et-lumiere-dans-les-pages-de-encore\/#breadcrumb","itemListElement":[{"@type":"ListItem","position":1,"name":"Home","item":"https:\/\/www.garvanacoustic.com\/fr\/"},{"@type":"ListItem","position":2,"name":"\u00abEncore!\u00bb"}]},{"@type":"WebSite","@id":"https:\/\/www.garvanacoustic.com\/fr\/#website","url":"https:\/\/www.garvanacoustic.com\/fr\/","name":"Garvan Acoustic","description":"Diffusori e trattamento acustico: scopri la qualit\u00e0 del Made in Italy","publisher":{"@id":"https:\/\/www.garvanacoustic.com\/fr\/#organization"},"potentialAction":[{"@type":"SearchAction","target":{"@type":"EntryPoint","urlTemplate":"https:\/\/www.garvanacoustic.com\/fr\/?s={search_term_string}"},"query-input":{"@type":"PropertyValueSpecification","valueRequired":true,"valueName":"search_term_string"}}],"inLanguage":"fr-FR"},{"@type":"Organization","@id":"https:\/\/www.garvanacoustic.com\/fr\/#organization","name":"Garvan Acoustic","url":"https:\/\/www.garvanacoustic.com\/fr\/","logo":{"@type":"ImageObject","inLanguage":"fr-FR","@id":"https:\/\/www.garvanacoustic.com\/fr\/#\/schema\/logo\/image\/","url":"https:\/\/www.garvanacoustic.com\/wp-content\/uploads\/2018\/07\/garvan-acoustic-logo.png","contentUrl":"https:\/\/www.garvanacoustic.com\/wp-content\/uploads\/2018\/07\/garvan-acoustic-logo.png","width":400,"height":161,"caption":"Garvan Acoustic"},"image":{"@id":"https:\/\/www.garvanacoustic.com\/fr\/#\/schema\/logo\/image\/"},"sameAs":["https:\/\/www.facebook.com\/garvanacoustic","https:\/\/www.instagram.com\/garvanacoustic\/"],"description":"Produttori di Diffusori Acustici e Pannelli Fonoassorbenti Made in Italy","email":"garvan@garvanacoustic.com","telephone":"0546 682097"},{"@type":"Person","@id":"https:\/\/www.garvanacoustic.com\/fr\/#\/schema\/person\/09727156b8cb00892d1258442a3c907d","name":"garvan_editor","image":{"@type":"ImageObject","inLanguage":"fr-FR","@id":"https:\/\/secure.gravatar.com\/avatar\/e9162e14491fbe40c8b8f258b3dcc580abbd812dd4769ec35a2771dab4442bd3?s=96&d=mm&r=g","url":"https:\/\/secure.gravatar.com\/avatar\/e9162e14491fbe40c8b8f258b3dcc580abbd812dd4769ec35a2771dab4442bd3?s=96&d=mm&r=g","contentUrl":"https:\/\/secure.gravatar.com\/avatar\/e9162e14491fbe40c8b8f258b3dcc580abbd812dd4769ec35a2771dab4442bd3?s=96&d=mm&r=g","caption":"garvan_editor"},"url":"https:\/\/www.garvanacoustic.com\/fr\/author\/garvan_editor\/"}]}},"_links":{"self":[{"href":"https:\/\/www.garvanacoustic.com\/fr\/wp-json\/wp\/v2\/posts\/24069","targetHints":{"allow":["GET"]}}],"collection":[{"href":"https:\/\/www.garvanacoustic.com\/fr\/wp-json\/wp\/v2\/posts"}],"about":[{"href":"https:\/\/www.garvanacoustic.com\/fr\/wp-json\/wp\/v2\/types\/post"}],"author":[{"embeddable":true,"href":"https:\/\/www.garvanacoustic.com\/fr\/wp-json\/wp\/v2\/users\/6"}],"replies":[{"embeddable":true,"href":"https:\/\/www.garvanacoustic.com\/fr\/wp-json\/wp\/v2\/comments?post=24069"}],"version-history":[{"count":1,"href":"https:\/\/www.garvanacoustic.com\/fr\/wp-json\/wp\/v2\/posts\/24069\/revisions"}],"predecessor-version":[{"id":24071,"href":"https:\/\/www.garvanacoustic.com\/fr\/wp-json\/wp\/v2\/posts\/24069\/revisions\/24071"}],"wp:featuredmedia":[{"embeddable":true,"href":"https:\/\/www.garvanacoustic.com\/fr\/wp-json\/wp\/v2\/media\/24070"}],"wp:attachment":[{"href":"https:\/\/www.garvanacoustic.com\/fr\/wp-json\/wp\/v2\/media?parent=24069"}],"wp:term":[{"taxonomy":"category","embeddable":true,"href":"https:\/\/www.garvanacoustic.com\/fr\/wp-json\/wp\/v2\/categories?post=24069"},{"taxonomy":"post_tag","embeddable":true,"href":"https:\/\/www.garvanacoustic.com\/fr\/wp-json\/wp\/v2\/tags?post=24069"}],"curies":[{"name":"wp","href":"https:\/\/api.w.org\/{rel}","templated":true}]}}