{"id":24221,"date":"2018-10-29T17:42:30","date_gmt":"2018-10-29T16:42:30","guid":{"rendered":"https:\/\/www.garvanacoustic.com\/garvan-e-i-colori-del-motomondiale\/"},"modified":"2023-08-21T12:05:12","modified_gmt":"2023-08-21T10:05:12","slug":"garvan-e-i-colori-del-motomondiale","status":"publish","type":"post","link":"https:\/\/www.garvanacoustic.com\/fr\/references-fr-2\/garvan-e-i-colori-del-motomondiale\/","title":{"rendered":"Garvan e \u00abI colori del Motomondiale\u00bb"},"content":{"rendered":"<section><div class=\"container\"><div class=\"row\"><div class=\"wpb_column hcode-column-container vc_col-sm-12 col-xs-mobile-fullwidth\" data-front-class=\"col-xs-mobile-fullwidth\"><div class=\"vc-column-innner-wrapper\"><p><strong>L'exposition \u202a\u00abI colori del Motomondiale\u00bb inaugure \u00e0 Rimini<\/strong><br \/>\nGarvan Acoustic est fier d'avoir con\u00e7u le syst\u00e8me sonore de l'exposition de Aldo Drudi avec \u201cGoccia\u201d, son haut-parleur en c\u00e9ramique en forme de goutte. Aldo Drudi c'est l'artiste qui depuis vingt ans dessine les casques de Valentino Rossi et de nombreux d\u2019autres champions de MotoGP.\u00a0L'exposition de ses oeuvres a \u00e9t\u00e9 ouverte au cours du r\u00e9cent Grand Prix de Saint-Marin \u00e0 Misano World Circuit Marco Simoncelli.<\/p>\n[vc_media_grid grid_id=\"vc_gid:1692612286420-7fd3033b-88f6-7\" include=\"23984,23983,23988,23987,23986\"]<\/div><\/div><\/div><\/div><\/section>","protected":false},"excerpt":{"rendered":"<p>L&rsquo;exposition \u202a\u00abI colori del Motomondiale\u00bb inaugure \u00e0 Rimini Garvan Acoustic est fier d&rsquo;avoir con\u00e7u le syst\u00e8me sonore de l&rsquo;exposition de Aldo Drudi avec \u201cGoccia\u201d, son haut-parleur en c\u00e9ramique en forme de goutte. Aldo Drudi c&rsquo;est l&rsquo;artiste qui depuis vingt ans dessine les casques de Valentino Rossi et de nombreux d\u2019autres champions de MotoGP.\u00a0L&rsquo;exposition de ses [&hellip;]<\/p>\n","protected":false},"author":6,"featured_media":24222,"comment_status":"open","ping_status":"open","sticky":false,"template":"","format":"standard","meta":{"_joinchat":[],"footnotes":""},"categories":[138,135],"tags":[],"class_list":["post-24221","post","type-post","status-publish","format-standard","has-post-thumbnail","hentry","category-evenements-foires","category-references-fr-2"],"yoast_head":"<!-- This site is optimized with the Yoast SEO Premium plugin v27.4 (Yoast SEO v27.4) - https:\/\/yoast.com\/product\/yoast-seo-premium-wordpress\/ -->\n<title>Garvan e \u00abI colori del Motomondiale\u00bb - Garvan Acoustic<\/title>\n<meta name=\"robots\" content=\"index, follow, max-snippet:-1, max-image-preview:large, max-video-preview:-1\" \/>\n<link rel=\"canonical\" href=\"https:\/\/www.garvanacoustic.com\/fr\/references-fr-2\/garvan-e-i-colori-del-motomondiale\/\" \/>\n<meta property=\"og:locale\" content=\"fr_FR\" \/>\n<meta property=\"og:type\" content=\"article\" \/>\n<meta property=\"og:title\" content=\"Garvan e \u00abI colori del Motomondiale\u00bb\" \/>\n<meta property=\"og:description\" content=\"L&#039;exposition \u202a\u00abI colori del Motomondiale\u00bb inaugure \u00e0 Rimini Garvan Acoustic est fier d&#039;avoir con\u00e7u le syst\u00e8me sonore de l&#039;exposition de Aldo Drudi avec \u201cGoccia\u201d, son haut-parleur en c\u00e9ramique en forme de goutte. Aldo Drudi c&#039;est l&#039;artiste qui depuis vingt ans dessine les casques de Valentino Rossi et de nombreux d\u2019autres champions de MotoGP.\u00a0L&#039;exposition de ses [&hellip;]\" \/>\n<meta property=\"og:url\" content=\"https:\/\/www.garvanacoustic.com\/fr\/references-fr-2\/garvan-e-i-colori-del-motomondiale\/\" \/>\n<meta property=\"og:site_name\" content=\"Garvan Acoustic\" \/>\n<meta property=\"article:publisher\" content=\"https:\/\/www.facebook.com\/garvanacoustic\" \/>\n<meta property=\"article:published_time\" content=\"2018-10-29T16:42:30+00:00\" \/>\n<meta property=\"article:modified_time\" content=\"2023-08-21T10:05:12+00:00\" \/>\n<meta property=\"og:image\" content=\"https:\/\/www.garvanacoustic.com\/wp-content\/uploads\/2018\/11\/I-colori-del-Motomondiale.jpg\" \/>\n\t<meta property=\"og:image:width\" content=\"760\" \/>\n\t<meta property=\"og:image:height\" content=\"570\" \/>\n\t<meta property=\"og:image:type\" content=\"image\/jpeg\" \/>\n<meta name=\"author\" content=\"garvan_editor\" \/>\n<meta name=\"twitter:card\" content=\"summary_large_image\" \/>\n<meta name=\"twitter:label1\" content=\"\u00c9crit par\" \/>\n\t<meta name=\"twitter:data1\" content=\"garvan_editor\" \/>\n\t<meta name=\"twitter:label2\" content=\"Dur\u00e9e de lecture estim\u00e9e\" \/>\n\t<meta name=\"twitter:data2\" content=\"1 minute\" \/>\n<script type=\"application\/ld+json\" class=\"yoast-schema-graph\">{\"@context\":\"https:\\\/\\\/schema.org\",\"@graph\":[{\"@type\":\"Article\",\"@id\":\"https:\\\/\\\/www.garvanacoustic.com\\\/fr\\\/references-fr-2\\\/garvan-e-i-colori-del-motomondiale\\\/#article\",\"isPartOf\":{\"@id\":\"https:\\\/\\\/www.garvanacoustic.com\\\/fr\\\/references-fr-2\\\/garvan-e-i-colori-del-motomondiale\\\/\"},\"author\":{\"name\":\"garvan_editor\",\"@id\":\"https:\\\/\\\/www.garvanacoustic.com\\\/fr\\\/#\\\/schema\\\/person\\\/09727156b8cb00892d1258442a3c907d\"},\"headline\":\"Garvan e \u00abI colori del Motomondiale\u00bb\",\"datePublished\":\"2018-10-29T16:42:30+00:00\",\"dateModified\":\"2023-08-21T10:05:12+00:00\",\"mainEntityOfPage\":{\"@id\":\"https:\\\/\\\/www.garvanacoustic.com\\\/fr\\\/references-fr-2\\\/garvan-e-i-colori-del-motomondiale\\\/\"},\"wordCount\":117,\"commentCount\":0,\"publisher\":{\"@id\":\"https:\\\/\\\/www.garvanacoustic.com\\\/fr\\\/#organization\"},\"image\":{\"@id\":\"https:\\\/\\\/www.garvanacoustic.com\\\/fr\\\/references-fr-2\\\/garvan-e-i-colori-del-motomondiale\\\/#primaryimage\"},\"thumbnailUrl\":\"https:\\\/\\\/www.garvanacoustic.com\\\/wp-content\\\/uploads\\\/2018\\\/11\\\/I-colori-del-Motomondiale.jpg\",\"articleSection\":[\"\u00c9v\u00e9nements - foires\",\"R\u00e9f\u00e9rences\"],\"inLanguage\":\"fr-FR\",\"potentialAction\":[{\"@type\":\"CommentAction\",\"name\":\"Comment\",\"target\":[\"https:\\\/\\\/www.garvanacoustic.com\\\/fr\\\/references-fr-2\\\/garvan-e-i-colori-del-motomondiale\\\/#respond\"]}]},{\"@type\":\"WebPage\",\"@id\":\"https:\\\/\\\/www.garvanacoustic.com\\\/fr\\\/references-fr-2\\\/garvan-e-i-colori-del-motomondiale\\\/\",\"url\":\"https:\\\/\\\/www.garvanacoustic.com\\\/fr\\\/references-fr-2\\\/garvan-e-i-colori-del-motomondiale\\\/\",\"name\":\"Garvan e \u00abI colori del Motomondiale\u00bb - Garvan Acoustic\",\"isPartOf\":{\"@id\":\"https:\\\/\\\/www.garvanacoustic.com\\\/fr\\\/#website\"},\"primaryImageOfPage\":{\"@id\":\"https:\\\/\\\/www.garvanacoustic.com\\\/fr\\\/references-fr-2\\\/garvan-e-i-colori-del-motomondiale\\\/#primaryimage\"},\"image\":{\"@id\":\"https:\\\/\\\/www.garvanacoustic.com\\\/fr\\\/references-fr-2\\\/garvan-e-i-colori-del-motomondiale\\\/#primaryimage\"},\"thumbnailUrl\":\"https:\\\/\\\/www.garvanacoustic.com\\\/wp-content\\\/uploads\\\/2018\\\/11\\\/I-colori-del-Motomondiale.jpg\",\"datePublished\":\"2018-10-29T16:42:30+00:00\",\"dateModified\":\"2023-08-21T10:05:12+00:00\",\"breadcrumb\":{\"@id\":\"https:\\\/\\\/www.garvanacoustic.com\\\/fr\\\/references-fr-2\\\/garvan-e-i-colori-del-motomondiale\\\/#breadcrumb\"},\"inLanguage\":\"fr-FR\",\"potentialAction\":[{\"@type\":\"ReadAction\",\"target\":[\"https:\\\/\\\/www.garvanacoustic.com\\\/fr\\\/references-fr-2\\\/garvan-e-i-colori-del-motomondiale\\\/\"]}]},{\"@type\":\"ImageObject\",\"inLanguage\":\"fr-FR\",\"@id\":\"https:\\\/\\\/www.garvanacoustic.com\\\/fr\\\/references-fr-2\\\/garvan-e-i-colori-del-motomondiale\\\/#primaryimage\",\"url\":\"https:\\\/\\\/www.garvanacoustic.com\\\/wp-content\\\/uploads\\\/2018\\\/11\\\/I-colori-del-Motomondiale.jpg\",\"contentUrl\":\"https:\\\/\\\/www.garvanacoustic.com\\\/wp-content\\\/uploads\\\/2018\\\/11\\\/I-colori-del-Motomondiale.jpg\",\"width\":760,\"height\":570},{\"@type\":\"BreadcrumbList\",\"@id\":\"https:\\\/\\\/www.garvanacoustic.com\\\/fr\\\/references-fr-2\\\/garvan-e-i-colori-del-motomondiale\\\/#breadcrumb\",\"itemListElement\":[{\"@type\":\"ListItem\",\"position\":1,\"name\":\"Home\",\"item\":\"https:\\\/\\\/www.garvanacoustic.com\\\/fr\\\/\"},{\"@type\":\"ListItem\",\"position\":2,\"name\":\"Garvan e \u00abI colori del Motomondiale\u00bb\"}]},{\"@type\":\"WebSite\",\"@id\":\"https:\\\/\\\/www.garvanacoustic.com\\\/fr\\\/#website\",\"url\":\"https:\\\/\\\/www.garvanacoustic.com\\\/fr\\\/\",\"name\":\"Garvan Acoustic\",\"description\":\"Diffusori e trattamento acustico: scopri la qualit\u00e0 del Made in Italy\",\"publisher\":{\"@id\":\"https:\\\/\\\/www.garvanacoustic.com\\\/fr\\\/#organization\"},\"potentialAction\":[{\"@type\":\"SearchAction\",\"target\":{\"@type\":\"EntryPoint\",\"urlTemplate\":\"https:\\\/\\\/www.garvanacoustic.com\\\/fr\\\/?s={search_term_string}\"},\"query-input\":{\"@type\":\"PropertyValueSpecification\",\"valueRequired\":true,\"valueName\":\"search_term_string\"}}],\"inLanguage\":\"fr-FR\"},{\"@type\":\"Organization\",\"@id\":\"https:\\\/\\\/www.garvanacoustic.com\\\/fr\\\/#organization\",\"name\":\"Garvan Acoustic\",\"url\":\"https:\\\/\\\/www.garvanacoustic.com\\\/fr\\\/\",\"logo\":{\"@type\":\"ImageObject\",\"inLanguage\":\"fr-FR\",\"@id\":\"https:\\\/\\\/www.garvanacoustic.com\\\/fr\\\/#\\\/schema\\\/logo\\\/image\\\/\",\"url\":\"https:\\\/\\\/www.garvanacoustic.com\\\/wp-content\\\/uploads\\\/2018\\\/07\\\/garvan-acoustic-logo.png\",\"contentUrl\":\"https:\\\/\\\/www.garvanacoustic.com\\\/wp-content\\\/uploads\\\/2018\\\/07\\\/garvan-acoustic-logo.png\",\"width\":400,\"height\":161,\"caption\":\"Garvan Acoustic\"},\"image\":{\"@id\":\"https:\\\/\\\/www.garvanacoustic.com\\\/fr\\\/#\\\/schema\\\/logo\\\/image\\\/\"},\"sameAs\":[\"https:\\\/\\\/www.facebook.com\\\/garvanacoustic\",\"https:\\\/\\\/www.instagram.com\\\/garvanacoustic\\\/\"],\"description\":\"Produttori di Diffusori Acustici e Pannelli Fonoassorbenti Made in Italy\",\"email\":\"garvan@garvanacoustic.com\",\"telephone\":\"0546 682097\"},{\"@type\":\"Person\",\"@id\":\"https:\\\/\\\/www.garvanacoustic.com\\\/fr\\\/#\\\/schema\\\/person\\\/09727156b8cb00892d1258442a3c907d\",\"name\":\"garvan_editor\",\"image\":{\"@type\":\"ImageObject\",\"inLanguage\":\"fr-FR\",\"@id\":\"https:\\\/\\\/secure.gravatar.com\\\/avatar\\\/e9162e14491fbe40c8b8f258b3dcc580abbd812dd4769ec35a2771dab4442bd3?s=96&d=mm&r=g\",\"url\":\"https:\\\/\\\/secure.gravatar.com\\\/avatar\\\/e9162e14491fbe40c8b8f258b3dcc580abbd812dd4769ec35a2771dab4442bd3?s=96&d=mm&r=g\",\"contentUrl\":\"https:\\\/\\\/secure.gravatar.com\\\/avatar\\\/e9162e14491fbe40c8b8f258b3dcc580abbd812dd4769ec35a2771dab4442bd3?s=96&d=mm&r=g\",\"caption\":\"garvan_editor\"},\"url\":\"https:\\\/\\\/www.garvanacoustic.com\\\/fr\\\/author\\\/garvan_editor\\\/\"}]}<\/script>\n<!-- \/ Yoast SEO Premium plugin. -->","yoast_head_json":{"title":"Garvan e \u00abI colori del Motomondiale\u00bb - Garvan Acoustic","robots":{"index":"index","follow":"follow","max-snippet":"max-snippet:-1","max-image-preview":"max-image-preview:large","max-video-preview":"max-video-preview:-1"},"canonical":"https:\/\/www.garvanacoustic.com\/fr\/references-fr-2\/garvan-e-i-colori-del-motomondiale\/","og_locale":"fr_FR","og_type":"article","og_title":"Garvan e \u00abI colori del Motomondiale\u00bb","og_description":"L'exposition \u202a\u00abI colori del Motomondiale\u00bb inaugure \u00e0 Rimini Garvan Acoustic est fier d'avoir con\u00e7u le syst\u00e8me sonore de l'exposition de Aldo Drudi avec \u201cGoccia\u201d, son haut-parleur en c\u00e9ramique en forme de goutte. Aldo Drudi c'est l'artiste qui depuis vingt ans dessine les casques de Valentino Rossi et de nombreux d\u2019autres champions de MotoGP.\u00a0L'exposition de ses [&hellip;]","og_url":"https:\/\/www.garvanacoustic.com\/fr\/references-fr-2\/garvan-e-i-colori-del-motomondiale\/","og_site_name":"Garvan Acoustic","article_publisher":"https:\/\/www.facebook.com\/garvanacoustic","article_published_time":"2018-10-29T16:42:30+00:00","article_modified_time":"2023-08-21T10:05:12+00:00","og_image":[{"width":760,"height":570,"url":"https:\/\/www.garvanacoustic.com\/wp-content\/uploads\/2018\/11\/I-colori-del-Motomondiale.jpg","type":"image\/jpeg"}],"author":"garvan_editor","twitter_card":"summary_large_image","twitter_misc":{"\u00c9crit par":"garvan_editor","Dur\u00e9e de lecture estim\u00e9e":"1 minute"},"schema":{"@context":"https:\/\/schema.org","@graph":[{"@type":"Article","@id":"https:\/\/www.garvanacoustic.com\/fr\/references-fr-2\/garvan-e-i-colori-del-motomondiale\/#article","isPartOf":{"@id":"https:\/\/www.garvanacoustic.com\/fr\/references-fr-2\/garvan-e-i-colori-del-motomondiale\/"},"author":{"name":"garvan_editor","@id":"https:\/\/www.garvanacoustic.com\/fr\/#\/schema\/person\/09727156b8cb00892d1258442a3c907d"},"headline":"Garvan e \u00abI colori del Motomondiale\u00bb","datePublished":"2018-10-29T16:42:30+00:00","dateModified":"2023-08-21T10:05:12+00:00","mainEntityOfPage":{"@id":"https:\/\/www.garvanacoustic.com\/fr\/references-fr-2\/garvan-e-i-colori-del-motomondiale\/"},"wordCount":117,"commentCount":0,"publisher":{"@id":"https:\/\/www.garvanacoustic.com\/fr\/#organization"},"image":{"@id":"https:\/\/www.garvanacoustic.com\/fr\/references-fr-2\/garvan-e-i-colori-del-motomondiale\/#primaryimage"},"thumbnailUrl":"https:\/\/www.garvanacoustic.com\/wp-content\/uploads\/2018\/11\/I-colori-del-Motomondiale.jpg","articleSection":["\u00c9v\u00e9nements - foires","R\u00e9f\u00e9rences"],"inLanguage":"fr-FR","potentialAction":[{"@type":"CommentAction","name":"Comment","target":["https:\/\/www.garvanacoustic.com\/fr\/references-fr-2\/garvan-e-i-colori-del-motomondiale\/#respond"]}]},{"@type":"WebPage","@id":"https:\/\/www.garvanacoustic.com\/fr\/references-fr-2\/garvan-e-i-colori-del-motomondiale\/","url":"https:\/\/www.garvanacoustic.com\/fr\/references-fr-2\/garvan-e-i-colori-del-motomondiale\/","name":"Garvan e \u00abI colori del Motomondiale\u00bb - Garvan Acoustic","isPartOf":{"@id":"https:\/\/www.garvanacoustic.com\/fr\/#website"},"primaryImageOfPage":{"@id":"https:\/\/www.garvanacoustic.com\/fr\/references-fr-2\/garvan-e-i-colori-del-motomondiale\/#primaryimage"},"image":{"@id":"https:\/\/www.garvanacoustic.com\/fr\/references-fr-2\/garvan-e-i-colori-del-motomondiale\/#primaryimage"},"thumbnailUrl":"https:\/\/www.garvanacoustic.com\/wp-content\/uploads\/2018\/11\/I-colori-del-Motomondiale.jpg","datePublished":"2018-10-29T16:42:30+00:00","dateModified":"2023-08-21T10:05:12+00:00","breadcrumb":{"@id":"https:\/\/www.garvanacoustic.com\/fr\/references-fr-2\/garvan-e-i-colori-del-motomondiale\/#breadcrumb"},"inLanguage":"fr-FR","potentialAction":[{"@type":"ReadAction","target":["https:\/\/www.garvanacoustic.com\/fr\/references-fr-2\/garvan-e-i-colori-del-motomondiale\/"]}]},{"@type":"ImageObject","inLanguage":"fr-FR","@id":"https:\/\/www.garvanacoustic.com\/fr\/references-fr-2\/garvan-e-i-colori-del-motomondiale\/#primaryimage","url":"https:\/\/www.garvanacoustic.com\/wp-content\/uploads\/2018\/11\/I-colori-del-Motomondiale.jpg","contentUrl":"https:\/\/www.garvanacoustic.com\/wp-content\/uploads\/2018\/11\/I-colori-del-Motomondiale.jpg","width":760,"height":570},{"@type":"BreadcrumbList","@id":"https:\/\/www.garvanacoustic.com\/fr\/references-fr-2\/garvan-e-i-colori-del-motomondiale\/#breadcrumb","itemListElement":[{"@type":"ListItem","position":1,"name":"Home","item":"https:\/\/www.garvanacoustic.com\/fr\/"},{"@type":"ListItem","position":2,"name":"Garvan e \u00abI colori del Motomondiale\u00bb"}]},{"@type":"WebSite","@id":"https:\/\/www.garvanacoustic.com\/fr\/#website","url":"https:\/\/www.garvanacoustic.com\/fr\/","name":"Garvan Acoustic","description":"Diffusori e trattamento acustico: scopri la qualit\u00e0 del Made in Italy","publisher":{"@id":"https:\/\/www.garvanacoustic.com\/fr\/#organization"},"potentialAction":[{"@type":"SearchAction","target":{"@type":"EntryPoint","urlTemplate":"https:\/\/www.garvanacoustic.com\/fr\/?s={search_term_string}"},"query-input":{"@type":"PropertyValueSpecification","valueRequired":true,"valueName":"search_term_string"}}],"inLanguage":"fr-FR"},{"@type":"Organization","@id":"https:\/\/www.garvanacoustic.com\/fr\/#organization","name":"Garvan Acoustic","url":"https:\/\/www.garvanacoustic.com\/fr\/","logo":{"@type":"ImageObject","inLanguage":"fr-FR","@id":"https:\/\/www.garvanacoustic.com\/fr\/#\/schema\/logo\/image\/","url":"https:\/\/www.garvanacoustic.com\/wp-content\/uploads\/2018\/07\/garvan-acoustic-logo.png","contentUrl":"https:\/\/www.garvanacoustic.com\/wp-content\/uploads\/2018\/07\/garvan-acoustic-logo.png","width":400,"height":161,"caption":"Garvan Acoustic"},"image":{"@id":"https:\/\/www.garvanacoustic.com\/fr\/#\/schema\/logo\/image\/"},"sameAs":["https:\/\/www.facebook.com\/garvanacoustic","https:\/\/www.instagram.com\/garvanacoustic\/"],"description":"Produttori di Diffusori Acustici e Pannelli Fonoassorbenti Made in Italy","email":"garvan@garvanacoustic.com","telephone":"0546 682097"},{"@type":"Person","@id":"https:\/\/www.garvanacoustic.com\/fr\/#\/schema\/person\/09727156b8cb00892d1258442a3c907d","name":"garvan_editor","image":{"@type":"ImageObject","inLanguage":"fr-FR","@id":"https:\/\/secure.gravatar.com\/avatar\/e9162e14491fbe40c8b8f258b3dcc580abbd812dd4769ec35a2771dab4442bd3?s=96&d=mm&r=g","url":"https:\/\/secure.gravatar.com\/avatar\/e9162e14491fbe40c8b8f258b3dcc580abbd812dd4769ec35a2771dab4442bd3?s=96&d=mm&r=g","contentUrl":"https:\/\/secure.gravatar.com\/avatar\/e9162e14491fbe40c8b8f258b3dcc580abbd812dd4769ec35a2771dab4442bd3?s=96&d=mm&r=g","caption":"garvan_editor"},"url":"https:\/\/www.garvanacoustic.com\/fr\/author\/garvan_editor\/"}]}},"_links":{"self":[{"href":"https:\/\/www.garvanacoustic.com\/fr\/wp-json\/wp\/v2\/posts\/24221","targetHints":{"allow":["GET"]}}],"collection":[{"href":"https:\/\/www.garvanacoustic.com\/fr\/wp-json\/wp\/v2\/posts"}],"about":[{"href":"https:\/\/www.garvanacoustic.com\/fr\/wp-json\/wp\/v2\/types\/post"}],"author":[{"embeddable":true,"href":"https:\/\/www.garvanacoustic.com\/fr\/wp-json\/wp\/v2\/users\/6"}],"replies":[{"embeddable":true,"href":"https:\/\/www.garvanacoustic.com\/fr\/wp-json\/wp\/v2\/comments?post=24221"}],"version-history":[{"count":4,"href":"https:\/\/www.garvanacoustic.com\/fr\/wp-json\/wp\/v2\/posts\/24221\/revisions"}],"predecessor-version":[{"id":61797,"href":"https:\/\/www.garvanacoustic.com\/fr\/wp-json\/wp\/v2\/posts\/24221\/revisions\/61797"}],"wp:featuredmedia":[{"embeddable":true,"href":"https:\/\/www.garvanacoustic.com\/fr\/wp-json\/wp\/v2\/media\/24222"}],"wp:attachment":[{"href":"https:\/\/www.garvanacoustic.com\/fr\/wp-json\/wp\/v2\/media?parent=24221"}],"wp:term":[{"taxonomy":"category","embeddable":true,"href":"https:\/\/www.garvanacoustic.com\/fr\/wp-json\/wp\/v2\/categories?post=24221"},{"taxonomy":"post_tag","embeddable":true,"href":"https:\/\/www.garvanacoustic.com\/fr\/wp-json\/wp\/v2\/tags?post=24221"}],"curies":[{"name":"wp","href":"https:\/\/api.w.org\/{rel}","templated":true}]}}