{"id":24545,"date":"2018-11-02T16:02:18","date_gmt":"2018-11-02T15:02:18","guid":{"rendered":"https:\/\/www.garvanacoustic.com\/il-cubo-villa-miralago-st-moritz\/"},"modified":"2018-12-14T12:02:52","modified_gmt":"2018-12-14T11:02:52","slug":"il-cubo-villa-miralago-st-moritz","status":"publish","type":"post","link":"https:\/\/www.garvanacoustic.com\/fr\/references-fr-2\/il-cubo-villa-miralago-st-moritz\/","title":{"rendered":"Il Cubo (Villa Miralago) &#8211; St. Moritz"},"content":{"rendered":"<section><div class=\"container\"><div class=\"row\"><div class=\"wpb_column hcode-column-container vc_col-sm-12 col-xs-mobile-fullwidth\" data-front-class=\"col-xs-mobile-fullwidth\"><div class=\"vc-column-innner-wrapper\"><p><strong>Le Cube (Villa Miralago) - St. Moritz<\/strong><\/p>\n<p><strong><br \/>\n<\/strong>Le Cube (Villa Miralago) est une \u00e9l\u00e9gante maison \u00e0 Saint-Moritz. Pour la sonorisation de la chambre principale et du salon, les enceintes encastrables au ras du mur Garvan ont \u00e9t\u00e9 choisies, gr\u00e2ce \u00e0 leur int\u00e9gration parfaite dans les parois. Enceintes Garvan install\u00e9es : 2 haut-parleurs SIM316, 3 haut-parleurs SIC17N, 2 haut-parleurs SIC16N.<br \/>\nMagazine : HC HOME COMFORT ET DESIGN N\u00b0 60 Mai-Juin 2015<\/p>\n[vc_media_grid element_width=\"3\" grid_id=\"vc_gid:1544785217620-e461d511-ab5a-8\" include=\"21978,21979,21980,21981\"]<\/div><\/div><\/div><\/div><\/section>","protected":false},"excerpt":{"rendered":"<p>Le Cube (Villa Miralago) &#8211; St. Moritz Le Cube (Villa Miralago) est une \u00e9l\u00e9gante maison \u00e0 Saint-Moritz. Pour la sonorisation de la chambre principale et du salon, les enceintes encastrables au ras du mur Garvan ont \u00e9t\u00e9 choisies, gr\u00e2ce \u00e0 leur int\u00e9gration parfaite dans les parois. Enceintes Garvan install\u00e9es : 2 haut-parleurs SIM316, 3 haut-parleurs [&hellip;]<\/p>\n","protected":false},"author":6,"featured_media":24547,"comment_status":"open","ping_status":"open","sticky":false,"template":"","format":"standard","meta":{"_joinchat":[],"footnotes":""},"categories":[150,135],"tags":[],"class_list":["post-24545","post","type-post","status-publish","format-standard","has-post-thumbnail","hentry","category-particuliers","category-references-fr-2"],"yoast_head":"<!-- This site is optimized with the Yoast SEO Premium plugin v27.4 (Yoast SEO v27.4) - https:\/\/yoast.com\/product\/yoast-seo-premium-wordpress\/ -->\n<title>Il Cubo (Villa Miralago) - St. Moritz - Garvan Acoustic<\/title>\n<meta name=\"robots\" content=\"index, follow, max-snippet:-1, max-image-preview:large, max-video-preview:-1\" \/>\n<link rel=\"canonical\" href=\"https:\/\/www.garvanacoustic.com\/fr\/references-fr-2\/il-cubo-villa-miralago-st-moritz\/\" \/>\n<meta property=\"og:locale\" content=\"fr_FR\" \/>\n<meta property=\"og:type\" content=\"article\" \/>\n<meta property=\"og:title\" content=\"Il Cubo (Villa Miralago) - St. Moritz\" \/>\n<meta property=\"og:description\" content=\"Le Cube (Villa Miralago) - St. Moritz Le Cube (Villa Miralago) est une \u00e9l\u00e9gante maison \u00e0 Saint-Moritz. Pour la sonorisation de la chambre principale et du salon, les enceintes encastrables au ras du mur Garvan ont \u00e9t\u00e9 choisies, gr\u00e2ce \u00e0 leur int\u00e9gration parfaite dans les parois. Enceintes Garvan install\u00e9es : 2 haut-parleurs SIM316, 3 haut-parleurs [&hellip;]\" \/>\n<meta property=\"og:url\" content=\"https:\/\/www.garvanacoustic.com\/fr\/references-fr-2\/il-cubo-villa-miralago-st-moritz\/\" \/>\n<meta property=\"og:site_name\" content=\"Garvan Acoustic\" \/>\n<meta property=\"article:publisher\" content=\"https:\/\/www.facebook.com\/garvanacoustic\" \/>\n<meta property=\"article:published_time\" content=\"2018-11-02T15:02:18+00:00\" \/>\n<meta property=\"article:modified_time\" content=\"2018-12-14T11:02:52+00:00\" \/>\n<meta property=\"og:image\" content=\"https:\/\/www.garvanacoustic.com\/wp-content\/uploads\/2018\/11\/Il-Cubo-ST-Moritz.jpg\" \/>\n\t<meta property=\"og:image:width\" content=\"760\" \/>\n\t<meta property=\"og:image:height\" content=\"570\" \/>\n\t<meta property=\"og:image:type\" content=\"image\/jpeg\" \/>\n<meta name=\"author\" content=\"garvan_editor\" \/>\n<meta name=\"twitter:card\" content=\"summary_large_image\" \/>\n<meta name=\"twitter:label1\" content=\"\u00c9crit par\" \/>\n\t<meta name=\"twitter:data1\" content=\"garvan_editor\" \/>\n<script type=\"application\/ld+json\" class=\"yoast-schema-graph\">{\"@context\":\"https:\\\/\\\/schema.org\",\"@graph\":[{\"@type\":\"Article\",\"@id\":\"https:\\\/\\\/www.garvanacoustic.com\\\/fr\\\/references-fr-2\\\/il-cubo-villa-miralago-st-moritz\\\/#article\",\"isPartOf\":{\"@id\":\"https:\\\/\\\/www.garvanacoustic.com\\\/fr\\\/references-fr-2\\\/il-cubo-villa-miralago-st-moritz\\\/\"},\"author\":{\"name\":\"garvan_editor\",\"@id\":\"https:\\\/\\\/www.garvanacoustic.com\\\/fr\\\/#\\\/schema\\\/person\\\/09727156b8cb00892d1258442a3c907d\"},\"headline\":\"Il Cubo (Villa Miralago) &#8211; St. Moritz\",\"datePublished\":\"2018-11-02T15:02:18+00:00\",\"dateModified\":\"2018-12-14T11:02:52+00:00\",\"mainEntityOfPage\":{\"@id\":\"https:\\\/\\\/www.garvanacoustic.com\\\/fr\\\/references-fr-2\\\/il-cubo-villa-miralago-st-moritz\\\/\"},\"wordCount\":103,\"commentCount\":0,\"publisher\":{\"@id\":\"https:\\\/\\\/www.garvanacoustic.com\\\/fr\\\/#organization\"},\"image\":{\"@id\":\"https:\\\/\\\/www.garvanacoustic.com\\\/fr\\\/references-fr-2\\\/il-cubo-villa-miralago-st-moritz\\\/#primaryimage\"},\"thumbnailUrl\":\"https:\\\/\\\/www.garvanacoustic.com\\\/wp-content\\\/uploads\\\/2018\\\/11\\\/Il-Cubo-ST-Moritz.jpg\",\"articleSection\":[\"Particuliers\",\"R\u00e9f\u00e9rences\"],\"inLanguage\":\"fr-FR\",\"potentialAction\":[{\"@type\":\"CommentAction\",\"name\":\"Comment\",\"target\":[\"https:\\\/\\\/www.garvanacoustic.com\\\/fr\\\/references-fr-2\\\/il-cubo-villa-miralago-st-moritz\\\/#respond\"]}]},{\"@type\":\"WebPage\",\"@id\":\"https:\\\/\\\/www.garvanacoustic.com\\\/fr\\\/references-fr-2\\\/il-cubo-villa-miralago-st-moritz\\\/\",\"url\":\"https:\\\/\\\/www.garvanacoustic.com\\\/fr\\\/references-fr-2\\\/il-cubo-villa-miralago-st-moritz\\\/\",\"name\":\"Il Cubo (Villa Miralago) - St. Moritz - Garvan Acoustic\",\"isPartOf\":{\"@id\":\"https:\\\/\\\/www.garvanacoustic.com\\\/fr\\\/#website\"},\"primaryImageOfPage\":{\"@id\":\"https:\\\/\\\/www.garvanacoustic.com\\\/fr\\\/references-fr-2\\\/il-cubo-villa-miralago-st-moritz\\\/#primaryimage\"},\"image\":{\"@id\":\"https:\\\/\\\/www.garvanacoustic.com\\\/fr\\\/references-fr-2\\\/il-cubo-villa-miralago-st-moritz\\\/#primaryimage\"},\"thumbnailUrl\":\"https:\\\/\\\/www.garvanacoustic.com\\\/wp-content\\\/uploads\\\/2018\\\/11\\\/Il-Cubo-ST-Moritz.jpg\",\"datePublished\":\"2018-11-02T15:02:18+00:00\",\"dateModified\":\"2018-12-14T11:02:52+00:00\",\"breadcrumb\":{\"@id\":\"https:\\\/\\\/www.garvanacoustic.com\\\/fr\\\/references-fr-2\\\/il-cubo-villa-miralago-st-moritz\\\/#breadcrumb\"},\"inLanguage\":\"fr-FR\",\"potentialAction\":[{\"@type\":\"ReadAction\",\"target\":[\"https:\\\/\\\/www.garvanacoustic.com\\\/fr\\\/references-fr-2\\\/il-cubo-villa-miralago-st-moritz\\\/\"]}]},{\"@type\":\"ImageObject\",\"inLanguage\":\"fr-FR\",\"@id\":\"https:\\\/\\\/www.garvanacoustic.com\\\/fr\\\/references-fr-2\\\/il-cubo-villa-miralago-st-moritz\\\/#primaryimage\",\"url\":\"https:\\\/\\\/www.garvanacoustic.com\\\/wp-content\\\/uploads\\\/2018\\\/11\\\/Il-Cubo-ST-Moritz.jpg\",\"contentUrl\":\"https:\\\/\\\/www.garvanacoustic.com\\\/wp-content\\\/uploads\\\/2018\\\/11\\\/Il-Cubo-ST-Moritz.jpg\",\"width\":760,\"height\":570},{\"@type\":\"BreadcrumbList\",\"@id\":\"https:\\\/\\\/www.garvanacoustic.com\\\/fr\\\/references-fr-2\\\/il-cubo-villa-miralago-st-moritz\\\/#breadcrumb\",\"itemListElement\":[{\"@type\":\"ListItem\",\"position\":1,\"name\":\"Home\",\"item\":\"https:\\\/\\\/www.garvanacoustic.com\\\/fr\\\/\"},{\"@type\":\"ListItem\",\"position\":2,\"name\":\"Il Cubo (Villa Miralago) &#8211; St. Moritz\"}]},{\"@type\":\"WebSite\",\"@id\":\"https:\\\/\\\/www.garvanacoustic.com\\\/fr\\\/#website\",\"url\":\"https:\\\/\\\/www.garvanacoustic.com\\\/fr\\\/\",\"name\":\"Garvan Acoustic\",\"description\":\"Diffusori e trattamento acustico: scopri la qualit\u00e0 del Made in Italy\",\"publisher\":{\"@id\":\"https:\\\/\\\/www.garvanacoustic.com\\\/fr\\\/#organization\"},\"potentialAction\":[{\"@type\":\"SearchAction\",\"target\":{\"@type\":\"EntryPoint\",\"urlTemplate\":\"https:\\\/\\\/www.garvanacoustic.com\\\/fr\\\/?s={search_term_string}\"},\"query-input\":{\"@type\":\"PropertyValueSpecification\",\"valueRequired\":true,\"valueName\":\"search_term_string\"}}],\"inLanguage\":\"fr-FR\"},{\"@type\":\"Organization\",\"@id\":\"https:\\\/\\\/www.garvanacoustic.com\\\/fr\\\/#organization\",\"name\":\"Garvan Acoustic\",\"url\":\"https:\\\/\\\/www.garvanacoustic.com\\\/fr\\\/\",\"logo\":{\"@type\":\"ImageObject\",\"inLanguage\":\"fr-FR\",\"@id\":\"https:\\\/\\\/www.garvanacoustic.com\\\/fr\\\/#\\\/schema\\\/logo\\\/image\\\/\",\"url\":\"https:\\\/\\\/www.garvanacoustic.com\\\/wp-content\\\/uploads\\\/2018\\\/07\\\/garvan-acoustic-logo.png\",\"contentUrl\":\"https:\\\/\\\/www.garvanacoustic.com\\\/wp-content\\\/uploads\\\/2018\\\/07\\\/garvan-acoustic-logo.png\",\"width\":400,\"height\":161,\"caption\":\"Garvan Acoustic\"},\"image\":{\"@id\":\"https:\\\/\\\/www.garvanacoustic.com\\\/fr\\\/#\\\/schema\\\/logo\\\/image\\\/\"},\"sameAs\":[\"https:\\\/\\\/www.facebook.com\\\/garvanacoustic\",\"https:\\\/\\\/www.instagram.com\\\/garvanacoustic\\\/\"],\"description\":\"Produttori di Diffusori Acustici e Pannelli Fonoassorbenti Made in Italy\",\"email\":\"garvan@garvanacoustic.com\",\"telephone\":\"0546 682097\"},{\"@type\":\"Person\",\"@id\":\"https:\\\/\\\/www.garvanacoustic.com\\\/fr\\\/#\\\/schema\\\/person\\\/09727156b8cb00892d1258442a3c907d\",\"name\":\"garvan_editor\",\"image\":{\"@type\":\"ImageObject\",\"inLanguage\":\"fr-FR\",\"@id\":\"https:\\\/\\\/secure.gravatar.com\\\/avatar\\\/e9162e14491fbe40c8b8f258b3dcc580abbd812dd4769ec35a2771dab4442bd3?s=96&d=mm&r=g\",\"url\":\"https:\\\/\\\/secure.gravatar.com\\\/avatar\\\/e9162e14491fbe40c8b8f258b3dcc580abbd812dd4769ec35a2771dab4442bd3?s=96&d=mm&r=g\",\"contentUrl\":\"https:\\\/\\\/secure.gravatar.com\\\/avatar\\\/e9162e14491fbe40c8b8f258b3dcc580abbd812dd4769ec35a2771dab4442bd3?s=96&d=mm&r=g\",\"caption\":\"garvan_editor\"},\"url\":\"https:\\\/\\\/www.garvanacoustic.com\\\/fr\\\/author\\\/garvan_editor\\\/\"}]}<\/script>\n<!-- \/ Yoast SEO Premium plugin. -->","yoast_head_json":{"title":"Il Cubo (Villa Miralago) - St. Moritz - Garvan Acoustic","robots":{"index":"index","follow":"follow","max-snippet":"max-snippet:-1","max-image-preview":"max-image-preview:large","max-video-preview":"max-video-preview:-1"},"canonical":"https:\/\/www.garvanacoustic.com\/fr\/references-fr-2\/il-cubo-villa-miralago-st-moritz\/","og_locale":"fr_FR","og_type":"article","og_title":"Il Cubo (Villa Miralago) - St. Moritz","og_description":"Le Cube (Villa Miralago) - St. Moritz Le Cube (Villa Miralago) est une \u00e9l\u00e9gante maison \u00e0 Saint-Moritz. Pour la sonorisation de la chambre principale et du salon, les enceintes encastrables au ras du mur Garvan ont \u00e9t\u00e9 choisies, gr\u00e2ce \u00e0 leur int\u00e9gration parfaite dans les parois. Enceintes Garvan install\u00e9es : 2 haut-parleurs SIM316, 3 haut-parleurs [&hellip;]","og_url":"https:\/\/www.garvanacoustic.com\/fr\/references-fr-2\/il-cubo-villa-miralago-st-moritz\/","og_site_name":"Garvan Acoustic","article_publisher":"https:\/\/www.facebook.com\/garvanacoustic","article_published_time":"2018-11-02T15:02:18+00:00","article_modified_time":"2018-12-14T11:02:52+00:00","og_image":[{"width":760,"height":570,"url":"https:\/\/www.garvanacoustic.com\/wp-content\/uploads\/2018\/11\/Il-Cubo-ST-Moritz.jpg","type":"image\/jpeg"}],"author":"garvan_editor","twitter_card":"summary_large_image","twitter_misc":{"\u00c9crit par":"garvan_editor"},"schema":{"@context":"https:\/\/schema.org","@graph":[{"@type":"Article","@id":"https:\/\/www.garvanacoustic.com\/fr\/references-fr-2\/il-cubo-villa-miralago-st-moritz\/#article","isPartOf":{"@id":"https:\/\/www.garvanacoustic.com\/fr\/references-fr-2\/il-cubo-villa-miralago-st-moritz\/"},"author":{"name":"garvan_editor","@id":"https:\/\/www.garvanacoustic.com\/fr\/#\/schema\/person\/09727156b8cb00892d1258442a3c907d"},"headline":"Il Cubo (Villa Miralago) &#8211; St. Moritz","datePublished":"2018-11-02T15:02:18+00:00","dateModified":"2018-12-14T11:02:52+00:00","mainEntityOfPage":{"@id":"https:\/\/www.garvanacoustic.com\/fr\/references-fr-2\/il-cubo-villa-miralago-st-moritz\/"},"wordCount":103,"commentCount":0,"publisher":{"@id":"https:\/\/www.garvanacoustic.com\/fr\/#organization"},"image":{"@id":"https:\/\/www.garvanacoustic.com\/fr\/references-fr-2\/il-cubo-villa-miralago-st-moritz\/#primaryimage"},"thumbnailUrl":"https:\/\/www.garvanacoustic.com\/wp-content\/uploads\/2018\/11\/Il-Cubo-ST-Moritz.jpg","articleSection":["Particuliers","R\u00e9f\u00e9rences"],"inLanguage":"fr-FR","potentialAction":[{"@type":"CommentAction","name":"Comment","target":["https:\/\/www.garvanacoustic.com\/fr\/references-fr-2\/il-cubo-villa-miralago-st-moritz\/#respond"]}]},{"@type":"WebPage","@id":"https:\/\/www.garvanacoustic.com\/fr\/references-fr-2\/il-cubo-villa-miralago-st-moritz\/","url":"https:\/\/www.garvanacoustic.com\/fr\/references-fr-2\/il-cubo-villa-miralago-st-moritz\/","name":"Il Cubo (Villa Miralago) - St. Moritz - Garvan Acoustic","isPartOf":{"@id":"https:\/\/www.garvanacoustic.com\/fr\/#website"},"primaryImageOfPage":{"@id":"https:\/\/www.garvanacoustic.com\/fr\/references-fr-2\/il-cubo-villa-miralago-st-moritz\/#primaryimage"},"image":{"@id":"https:\/\/www.garvanacoustic.com\/fr\/references-fr-2\/il-cubo-villa-miralago-st-moritz\/#primaryimage"},"thumbnailUrl":"https:\/\/www.garvanacoustic.com\/wp-content\/uploads\/2018\/11\/Il-Cubo-ST-Moritz.jpg","datePublished":"2018-11-02T15:02:18+00:00","dateModified":"2018-12-14T11:02:52+00:00","breadcrumb":{"@id":"https:\/\/www.garvanacoustic.com\/fr\/references-fr-2\/il-cubo-villa-miralago-st-moritz\/#breadcrumb"},"inLanguage":"fr-FR","potentialAction":[{"@type":"ReadAction","target":["https:\/\/www.garvanacoustic.com\/fr\/references-fr-2\/il-cubo-villa-miralago-st-moritz\/"]}]},{"@type":"ImageObject","inLanguage":"fr-FR","@id":"https:\/\/www.garvanacoustic.com\/fr\/references-fr-2\/il-cubo-villa-miralago-st-moritz\/#primaryimage","url":"https:\/\/www.garvanacoustic.com\/wp-content\/uploads\/2018\/11\/Il-Cubo-ST-Moritz.jpg","contentUrl":"https:\/\/www.garvanacoustic.com\/wp-content\/uploads\/2018\/11\/Il-Cubo-ST-Moritz.jpg","width":760,"height":570},{"@type":"BreadcrumbList","@id":"https:\/\/www.garvanacoustic.com\/fr\/references-fr-2\/il-cubo-villa-miralago-st-moritz\/#breadcrumb","itemListElement":[{"@type":"ListItem","position":1,"name":"Home","item":"https:\/\/www.garvanacoustic.com\/fr\/"},{"@type":"ListItem","position":2,"name":"Il Cubo (Villa Miralago) &#8211; St. Moritz"}]},{"@type":"WebSite","@id":"https:\/\/www.garvanacoustic.com\/fr\/#website","url":"https:\/\/www.garvanacoustic.com\/fr\/","name":"Garvan Acoustic","description":"Diffusori e trattamento acustico: scopri la qualit\u00e0 del Made in Italy","publisher":{"@id":"https:\/\/www.garvanacoustic.com\/fr\/#organization"},"potentialAction":[{"@type":"SearchAction","target":{"@type":"EntryPoint","urlTemplate":"https:\/\/www.garvanacoustic.com\/fr\/?s={search_term_string}"},"query-input":{"@type":"PropertyValueSpecification","valueRequired":true,"valueName":"search_term_string"}}],"inLanguage":"fr-FR"},{"@type":"Organization","@id":"https:\/\/www.garvanacoustic.com\/fr\/#organization","name":"Garvan Acoustic","url":"https:\/\/www.garvanacoustic.com\/fr\/","logo":{"@type":"ImageObject","inLanguage":"fr-FR","@id":"https:\/\/www.garvanacoustic.com\/fr\/#\/schema\/logo\/image\/","url":"https:\/\/www.garvanacoustic.com\/wp-content\/uploads\/2018\/07\/garvan-acoustic-logo.png","contentUrl":"https:\/\/www.garvanacoustic.com\/wp-content\/uploads\/2018\/07\/garvan-acoustic-logo.png","width":400,"height":161,"caption":"Garvan Acoustic"},"image":{"@id":"https:\/\/www.garvanacoustic.com\/fr\/#\/schema\/logo\/image\/"},"sameAs":["https:\/\/www.facebook.com\/garvanacoustic","https:\/\/www.instagram.com\/garvanacoustic\/"],"description":"Produttori di Diffusori Acustici e Pannelli Fonoassorbenti Made in Italy","email":"garvan@garvanacoustic.com","telephone":"0546 682097"},{"@type":"Person","@id":"https:\/\/www.garvanacoustic.com\/fr\/#\/schema\/person\/09727156b8cb00892d1258442a3c907d","name":"garvan_editor","image":{"@type":"ImageObject","inLanguage":"fr-FR","@id":"https:\/\/secure.gravatar.com\/avatar\/e9162e14491fbe40c8b8f258b3dcc580abbd812dd4769ec35a2771dab4442bd3?s=96&d=mm&r=g","url":"https:\/\/secure.gravatar.com\/avatar\/e9162e14491fbe40c8b8f258b3dcc580abbd812dd4769ec35a2771dab4442bd3?s=96&d=mm&r=g","contentUrl":"https:\/\/secure.gravatar.com\/avatar\/e9162e14491fbe40c8b8f258b3dcc580abbd812dd4769ec35a2771dab4442bd3?s=96&d=mm&r=g","caption":"garvan_editor"},"url":"https:\/\/www.garvanacoustic.com\/fr\/author\/garvan_editor\/"}]}},"_links":{"self":[{"href":"https:\/\/www.garvanacoustic.com\/fr\/wp-json\/wp\/v2\/posts\/24545","targetHints":{"allow":["GET"]}}],"collection":[{"href":"https:\/\/www.garvanacoustic.com\/fr\/wp-json\/wp\/v2\/posts"}],"about":[{"href":"https:\/\/www.garvanacoustic.com\/fr\/wp-json\/wp\/v2\/types\/post"}],"author":[{"embeddable":true,"href":"https:\/\/www.garvanacoustic.com\/fr\/wp-json\/wp\/v2\/users\/6"}],"replies":[{"embeddable":true,"href":"https:\/\/www.garvanacoustic.com\/fr\/wp-json\/wp\/v2\/comments?post=24545"}],"version-history":[{"count":3,"href":"https:\/\/www.garvanacoustic.com\/fr\/wp-json\/wp\/v2\/posts\/24545\/revisions"}],"predecessor-version":[{"id":24556,"href":"https:\/\/www.garvanacoustic.com\/fr\/wp-json\/wp\/v2\/posts\/24545\/revisions\/24556"}],"wp:featuredmedia":[{"embeddable":true,"href":"https:\/\/www.garvanacoustic.com\/fr\/wp-json\/wp\/v2\/media\/24547"}],"wp:attachment":[{"href":"https:\/\/www.garvanacoustic.com\/fr\/wp-json\/wp\/v2\/media?parent=24545"}],"wp:term":[{"taxonomy":"category","embeddable":true,"href":"https:\/\/www.garvanacoustic.com\/fr\/wp-json\/wp\/v2\/categories?post=24545"},{"taxonomy":"post_tag","embeddable":true,"href":"https:\/\/www.garvanacoustic.com\/fr\/wp-json\/wp\/v2\/tags?post=24545"}],"curies":[{"name":"wp","href":"https:\/\/api.w.org\/{rel}","templated":true}]}}