{"id":24577,"date":"2018-11-02T15:54:23","date_gmt":"2018-11-02T14:54:23","guid":{"rendered":"https:\/\/www.garvanacoustic.com\/residenza-a-rimini\/"},"modified":"2018-12-14T12:16:02","modified_gmt":"2018-12-14T11:16:02","slug":"residenza-a-rimini","status":"publish","type":"post","link":"https:\/\/www.garvanacoustic.com\/fr\/references-fr-2\/residenza-a-rimini\/","title":{"rendered":"Residenza a Rimini"},"content":{"rendered":"<section><div class=\"container\"><div class=\"row\"><div class=\"wpb_column hcode-column-container vc_col-sm-12 col-xs-mobile-fullwidth\" data-front-class=\"col-xs-mobile-fullwidth\"><div class=\"vc-column-innner-wrapper\"><p><strong>R\u00e9sidence priv\u00e9e Rimini, Italie<\/strong><\/p>\n<p>&nbsp;<\/p>\n<p>Une moderne et elegante r\u00e9sidence priv\u00e9e \u00e0 Rimini accomode les diffuseurs Garvan. Les lignes essentielles et bien definies des bo\u00eetes acoustiques s\u2019int\u00e8grent perfectement avec les estructures architecturales raffin\u00e9es et actuelles, et vont a enricher les espaces avec de l\u2019\u00e9quilibre et de la discretion. Les diffuseurs sur mur s\u2019ins\u00e8rtent dans les esctructures metalliques qui separent les salles, et remplient les volumes et compl\u00e8tent les lignes minimalistes, tandis que les diffuseurs encastrables dispara\u00eetrent dans les murs de cloison s\u00e8che, grace \u00e0 la solution innovative \u00e0 fleur de mur. Les \u00e9sthetiques personalis\u00e9es et les nuances de couleurs donnent une elegance d\u2019absolute modernit\u00e9. Realisation syst\u00e8mes son et vid\u00e9o: Cat di Bertozzi &amp; C. Snc.<\/p>\n[vc_media_grid grid_id=\"vc_gid:1544786142017-b3da0bfc-bc46-9\" include=\"21953,21954,21955,21956,21957,21958,21959,21960,21961\"]<\/div><\/div><\/div><\/div><\/section>","protected":false},"excerpt":{"rendered":"<p>R\u00e9sidence priv\u00e9e Rimini, Italie &nbsp; Une moderne et elegante r\u00e9sidence priv\u00e9e \u00e0 Rimini accomode les diffuseurs Garvan. Les lignes essentielles et bien definies des bo\u00eetes acoustiques s\u2019int\u00e8grent perfectement avec les estructures architecturales raffin\u00e9es et actuelles, et vont a enricher les espaces avec de l\u2019\u00e9quilibre et de la discretion. Les diffuseurs sur mur s\u2019ins\u00e8rtent dans les [&hellip;]<\/p>\n","protected":false},"author":6,"featured_media":24579,"comment_status":"open","ping_status":"open","sticky":false,"template":"","format":"standard","meta":{"_joinchat":[],"footnotes":""},"categories":[150,135],"tags":[],"class_list":["post-24577","post","type-post","status-publish","format-standard","has-post-thumbnail","hentry","category-particuliers","category-references-fr-2"],"yoast_head":"<!-- This site is optimized with the Yoast SEO Premium plugin v27.4 (Yoast SEO v27.4) - https:\/\/yoast.com\/product\/yoast-seo-premium-wordpress\/ -->\n<title>Residenza a Rimini - Garvan Acoustic<\/title>\n<meta name=\"robots\" content=\"index, follow, max-snippet:-1, max-image-preview:large, max-video-preview:-1\" \/>\n<link rel=\"canonical\" href=\"https:\/\/www.garvanacoustic.com\/fr\/references-fr-2\/residenza-a-rimini\/\" \/>\n<meta property=\"og:locale\" content=\"fr_FR\" \/>\n<meta property=\"og:type\" content=\"article\" \/>\n<meta property=\"og:title\" content=\"Residenza a Rimini\" \/>\n<meta property=\"og:description\" content=\"R\u00e9sidence priv\u00e9e Rimini, Italie &nbsp; Une moderne et elegante r\u00e9sidence priv\u00e9e \u00e0 Rimini accomode les diffuseurs Garvan. Les lignes essentielles et bien definies des bo\u00eetes acoustiques s\u2019int\u00e8grent perfectement avec les estructures architecturales raffin\u00e9es et actuelles, et vont a enricher les espaces avec de l\u2019\u00e9quilibre et de la discretion. Les diffuseurs sur mur s\u2019ins\u00e8rtent dans les [&hellip;]\" \/>\n<meta property=\"og:url\" content=\"https:\/\/www.garvanacoustic.com\/fr\/references-fr-2\/residenza-a-rimini\/\" \/>\n<meta property=\"og:site_name\" content=\"Garvan Acoustic\" \/>\n<meta property=\"article:publisher\" content=\"https:\/\/www.facebook.com\/garvanacoustic\" \/>\n<meta property=\"article:published_time\" content=\"2018-11-02T14:54:23+00:00\" \/>\n<meta property=\"article:modified_time\" content=\"2018-12-14T11:16:02+00:00\" \/>\n<meta property=\"og:image\" content=\"https:\/\/www.garvanacoustic.com\/wp-content\/uploads\/2018\/11\/Residenza-a-Rimini.jpg\" \/>\n\t<meta property=\"og:image:width\" content=\"760\" \/>\n\t<meta property=\"og:image:height\" content=\"570\" \/>\n\t<meta property=\"og:image:type\" content=\"image\/jpeg\" \/>\n<meta name=\"author\" content=\"garvan_editor\" \/>\n<meta name=\"twitter:card\" content=\"summary_large_image\" \/>\n<meta name=\"twitter:label1\" content=\"\u00c9crit par\" \/>\n\t<meta name=\"twitter:data1\" content=\"garvan_editor\" \/>\n\t<meta name=\"twitter:label2\" content=\"Dur\u00e9e de lecture estim\u00e9e\" \/>\n\t<meta name=\"twitter:data2\" content=\"1 minute\" \/>\n<script type=\"application\/ld+json\" class=\"yoast-schema-graph\">{\"@context\":\"https:\\\/\\\/schema.org\",\"@graph\":[{\"@type\":\"Article\",\"@id\":\"https:\\\/\\\/www.garvanacoustic.com\\\/fr\\\/references-fr-2\\\/residenza-a-rimini\\\/#article\",\"isPartOf\":{\"@id\":\"https:\\\/\\\/www.garvanacoustic.com\\\/fr\\\/references-fr-2\\\/residenza-a-rimini\\\/\"},\"author\":{\"name\":\"garvan_editor\",\"@id\":\"https:\\\/\\\/www.garvanacoustic.com\\\/fr\\\/#\\\/schema\\\/person\\\/09727156b8cb00892d1258442a3c907d\"},\"headline\":\"Residenza a Rimini\",\"datePublished\":\"2018-11-02T14:54:23+00:00\",\"dateModified\":\"2018-12-14T11:16:02+00:00\",\"mainEntityOfPage\":{\"@id\":\"https:\\\/\\\/www.garvanacoustic.com\\\/fr\\\/references-fr-2\\\/residenza-a-rimini\\\/\"},\"wordCount\":160,\"commentCount\":0,\"publisher\":{\"@id\":\"https:\\\/\\\/www.garvanacoustic.com\\\/fr\\\/#organization\"},\"image\":{\"@id\":\"https:\\\/\\\/www.garvanacoustic.com\\\/fr\\\/references-fr-2\\\/residenza-a-rimini\\\/#primaryimage\"},\"thumbnailUrl\":\"https:\\\/\\\/www.garvanacoustic.com\\\/wp-content\\\/uploads\\\/2018\\\/11\\\/Residenza-a-Rimini.jpg\",\"articleSection\":[\"Particuliers\",\"R\u00e9f\u00e9rences\"],\"inLanguage\":\"fr-FR\",\"potentialAction\":[{\"@type\":\"CommentAction\",\"name\":\"Comment\",\"target\":[\"https:\\\/\\\/www.garvanacoustic.com\\\/fr\\\/references-fr-2\\\/residenza-a-rimini\\\/#respond\"]}]},{\"@type\":\"WebPage\",\"@id\":\"https:\\\/\\\/www.garvanacoustic.com\\\/fr\\\/references-fr-2\\\/residenza-a-rimini\\\/\",\"url\":\"https:\\\/\\\/www.garvanacoustic.com\\\/fr\\\/references-fr-2\\\/residenza-a-rimini\\\/\",\"name\":\"Residenza a Rimini - Garvan Acoustic\",\"isPartOf\":{\"@id\":\"https:\\\/\\\/www.garvanacoustic.com\\\/fr\\\/#website\"},\"primaryImageOfPage\":{\"@id\":\"https:\\\/\\\/www.garvanacoustic.com\\\/fr\\\/references-fr-2\\\/residenza-a-rimini\\\/#primaryimage\"},\"image\":{\"@id\":\"https:\\\/\\\/www.garvanacoustic.com\\\/fr\\\/references-fr-2\\\/residenza-a-rimini\\\/#primaryimage\"},\"thumbnailUrl\":\"https:\\\/\\\/www.garvanacoustic.com\\\/wp-content\\\/uploads\\\/2018\\\/11\\\/Residenza-a-Rimini.jpg\",\"datePublished\":\"2018-11-02T14:54:23+00:00\",\"dateModified\":\"2018-12-14T11:16:02+00:00\",\"breadcrumb\":{\"@id\":\"https:\\\/\\\/www.garvanacoustic.com\\\/fr\\\/references-fr-2\\\/residenza-a-rimini\\\/#breadcrumb\"},\"inLanguage\":\"fr-FR\",\"potentialAction\":[{\"@type\":\"ReadAction\",\"target\":[\"https:\\\/\\\/www.garvanacoustic.com\\\/fr\\\/references-fr-2\\\/residenza-a-rimini\\\/\"]}]},{\"@type\":\"ImageObject\",\"inLanguage\":\"fr-FR\",\"@id\":\"https:\\\/\\\/www.garvanacoustic.com\\\/fr\\\/references-fr-2\\\/residenza-a-rimini\\\/#primaryimage\",\"url\":\"https:\\\/\\\/www.garvanacoustic.com\\\/wp-content\\\/uploads\\\/2018\\\/11\\\/Residenza-a-Rimini.jpg\",\"contentUrl\":\"https:\\\/\\\/www.garvanacoustic.com\\\/wp-content\\\/uploads\\\/2018\\\/11\\\/Residenza-a-Rimini.jpg\",\"width\":760,\"height\":570},{\"@type\":\"BreadcrumbList\",\"@id\":\"https:\\\/\\\/www.garvanacoustic.com\\\/fr\\\/references-fr-2\\\/residenza-a-rimini\\\/#breadcrumb\",\"itemListElement\":[{\"@type\":\"ListItem\",\"position\":1,\"name\":\"Home\",\"item\":\"https:\\\/\\\/www.garvanacoustic.com\\\/fr\\\/\"},{\"@type\":\"ListItem\",\"position\":2,\"name\":\"Residenza a Rimini\"}]},{\"@type\":\"WebSite\",\"@id\":\"https:\\\/\\\/www.garvanacoustic.com\\\/fr\\\/#website\",\"url\":\"https:\\\/\\\/www.garvanacoustic.com\\\/fr\\\/\",\"name\":\"Garvan Acoustic\",\"description\":\"Diffusori e trattamento acustico: scopri la qualit\u00e0 del Made in Italy\",\"publisher\":{\"@id\":\"https:\\\/\\\/www.garvanacoustic.com\\\/fr\\\/#organization\"},\"potentialAction\":[{\"@type\":\"SearchAction\",\"target\":{\"@type\":\"EntryPoint\",\"urlTemplate\":\"https:\\\/\\\/www.garvanacoustic.com\\\/fr\\\/?s={search_term_string}\"},\"query-input\":{\"@type\":\"PropertyValueSpecification\",\"valueRequired\":true,\"valueName\":\"search_term_string\"}}],\"inLanguage\":\"fr-FR\"},{\"@type\":\"Organization\",\"@id\":\"https:\\\/\\\/www.garvanacoustic.com\\\/fr\\\/#organization\",\"name\":\"Garvan Acoustic\",\"url\":\"https:\\\/\\\/www.garvanacoustic.com\\\/fr\\\/\",\"logo\":{\"@type\":\"ImageObject\",\"inLanguage\":\"fr-FR\",\"@id\":\"https:\\\/\\\/www.garvanacoustic.com\\\/fr\\\/#\\\/schema\\\/logo\\\/image\\\/\",\"url\":\"https:\\\/\\\/www.garvanacoustic.com\\\/wp-content\\\/uploads\\\/2018\\\/07\\\/garvan-acoustic-logo.png\",\"contentUrl\":\"https:\\\/\\\/www.garvanacoustic.com\\\/wp-content\\\/uploads\\\/2018\\\/07\\\/garvan-acoustic-logo.png\",\"width\":400,\"height\":161,\"caption\":\"Garvan Acoustic\"},\"image\":{\"@id\":\"https:\\\/\\\/www.garvanacoustic.com\\\/fr\\\/#\\\/schema\\\/logo\\\/image\\\/\"},\"sameAs\":[\"https:\\\/\\\/www.facebook.com\\\/garvanacoustic\",\"https:\\\/\\\/www.instagram.com\\\/garvanacoustic\\\/\"],\"description\":\"Produttori di Diffusori Acustici e Pannelli Fonoassorbenti Made in Italy\",\"email\":\"garvan@garvanacoustic.com\",\"telephone\":\"0546 682097\"},{\"@type\":\"Person\",\"@id\":\"https:\\\/\\\/www.garvanacoustic.com\\\/fr\\\/#\\\/schema\\\/person\\\/09727156b8cb00892d1258442a3c907d\",\"name\":\"garvan_editor\",\"image\":{\"@type\":\"ImageObject\",\"inLanguage\":\"fr-FR\",\"@id\":\"https:\\\/\\\/secure.gravatar.com\\\/avatar\\\/e9162e14491fbe40c8b8f258b3dcc580abbd812dd4769ec35a2771dab4442bd3?s=96&d=mm&r=g\",\"url\":\"https:\\\/\\\/secure.gravatar.com\\\/avatar\\\/e9162e14491fbe40c8b8f258b3dcc580abbd812dd4769ec35a2771dab4442bd3?s=96&d=mm&r=g\",\"contentUrl\":\"https:\\\/\\\/secure.gravatar.com\\\/avatar\\\/e9162e14491fbe40c8b8f258b3dcc580abbd812dd4769ec35a2771dab4442bd3?s=96&d=mm&r=g\",\"caption\":\"garvan_editor\"},\"url\":\"https:\\\/\\\/www.garvanacoustic.com\\\/fr\\\/author\\\/garvan_editor\\\/\"}]}<\/script>\n<!-- \/ Yoast SEO Premium plugin. -->","yoast_head_json":{"title":"Residenza a Rimini - Garvan Acoustic","robots":{"index":"index","follow":"follow","max-snippet":"max-snippet:-1","max-image-preview":"max-image-preview:large","max-video-preview":"max-video-preview:-1"},"canonical":"https:\/\/www.garvanacoustic.com\/fr\/references-fr-2\/residenza-a-rimini\/","og_locale":"fr_FR","og_type":"article","og_title":"Residenza a Rimini","og_description":"R\u00e9sidence priv\u00e9e Rimini, Italie &nbsp; Une moderne et elegante r\u00e9sidence priv\u00e9e \u00e0 Rimini accomode les diffuseurs Garvan. Les lignes essentielles et bien definies des bo\u00eetes acoustiques s\u2019int\u00e8grent perfectement avec les estructures architecturales raffin\u00e9es et actuelles, et vont a enricher les espaces avec de l\u2019\u00e9quilibre et de la discretion. Les diffuseurs sur mur s\u2019ins\u00e8rtent dans les [&hellip;]","og_url":"https:\/\/www.garvanacoustic.com\/fr\/references-fr-2\/residenza-a-rimini\/","og_site_name":"Garvan Acoustic","article_publisher":"https:\/\/www.facebook.com\/garvanacoustic","article_published_time":"2018-11-02T14:54:23+00:00","article_modified_time":"2018-12-14T11:16:02+00:00","og_image":[{"width":760,"height":570,"url":"https:\/\/www.garvanacoustic.com\/wp-content\/uploads\/2018\/11\/Residenza-a-Rimini.jpg","type":"image\/jpeg"}],"author":"garvan_editor","twitter_card":"summary_large_image","twitter_misc":{"\u00c9crit par":"garvan_editor","Dur\u00e9e de lecture estim\u00e9e":"1 minute"},"schema":{"@context":"https:\/\/schema.org","@graph":[{"@type":"Article","@id":"https:\/\/www.garvanacoustic.com\/fr\/references-fr-2\/residenza-a-rimini\/#article","isPartOf":{"@id":"https:\/\/www.garvanacoustic.com\/fr\/references-fr-2\/residenza-a-rimini\/"},"author":{"name":"garvan_editor","@id":"https:\/\/www.garvanacoustic.com\/fr\/#\/schema\/person\/09727156b8cb00892d1258442a3c907d"},"headline":"Residenza a Rimini","datePublished":"2018-11-02T14:54:23+00:00","dateModified":"2018-12-14T11:16:02+00:00","mainEntityOfPage":{"@id":"https:\/\/www.garvanacoustic.com\/fr\/references-fr-2\/residenza-a-rimini\/"},"wordCount":160,"commentCount":0,"publisher":{"@id":"https:\/\/www.garvanacoustic.com\/fr\/#organization"},"image":{"@id":"https:\/\/www.garvanacoustic.com\/fr\/references-fr-2\/residenza-a-rimini\/#primaryimage"},"thumbnailUrl":"https:\/\/www.garvanacoustic.com\/wp-content\/uploads\/2018\/11\/Residenza-a-Rimini.jpg","articleSection":["Particuliers","R\u00e9f\u00e9rences"],"inLanguage":"fr-FR","potentialAction":[{"@type":"CommentAction","name":"Comment","target":["https:\/\/www.garvanacoustic.com\/fr\/references-fr-2\/residenza-a-rimini\/#respond"]}]},{"@type":"WebPage","@id":"https:\/\/www.garvanacoustic.com\/fr\/references-fr-2\/residenza-a-rimini\/","url":"https:\/\/www.garvanacoustic.com\/fr\/references-fr-2\/residenza-a-rimini\/","name":"Residenza a Rimini - Garvan Acoustic","isPartOf":{"@id":"https:\/\/www.garvanacoustic.com\/fr\/#website"},"primaryImageOfPage":{"@id":"https:\/\/www.garvanacoustic.com\/fr\/references-fr-2\/residenza-a-rimini\/#primaryimage"},"image":{"@id":"https:\/\/www.garvanacoustic.com\/fr\/references-fr-2\/residenza-a-rimini\/#primaryimage"},"thumbnailUrl":"https:\/\/www.garvanacoustic.com\/wp-content\/uploads\/2018\/11\/Residenza-a-Rimini.jpg","datePublished":"2018-11-02T14:54:23+00:00","dateModified":"2018-12-14T11:16:02+00:00","breadcrumb":{"@id":"https:\/\/www.garvanacoustic.com\/fr\/references-fr-2\/residenza-a-rimini\/#breadcrumb"},"inLanguage":"fr-FR","potentialAction":[{"@type":"ReadAction","target":["https:\/\/www.garvanacoustic.com\/fr\/references-fr-2\/residenza-a-rimini\/"]}]},{"@type":"ImageObject","inLanguage":"fr-FR","@id":"https:\/\/www.garvanacoustic.com\/fr\/references-fr-2\/residenza-a-rimini\/#primaryimage","url":"https:\/\/www.garvanacoustic.com\/wp-content\/uploads\/2018\/11\/Residenza-a-Rimini.jpg","contentUrl":"https:\/\/www.garvanacoustic.com\/wp-content\/uploads\/2018\/11\/Residenza-a-Rimini.jpg","width":760,"height":570},{"@type":"BreadcrumbList","@id":"https:\/\/www.garvanacoustic.com\/fr\/references-fr-2\/residenza-a-rimini\/#breadcrumb","itemListElement":[{"@type":"ListItem","position":1,"name":"Home","item":"https:\/\/www.garvanacoustic.com\/fr\/"},{"@type":"ListItem","position":2,"name":"Residenza a Rimini"}]},{"@type":"WebSite","@id":"https:\/\/www.garvanacoustic.com\/fr\/#website","url":"https:\/\/www.garvanacoustic.com\/fr\/","name":"Garvan Acoustic","description":"Diffusori e trattamento acustico: scopri la qualit\u00e0 del Made in Italy","publisher":{"@id":"https:\/\/www.garvanacoustic.com\/fr\/#organization"},"potentialAction":[{"@type":"SearchAction","target":{"@type":"EntryPoint","urlTemplate":"https:\/\/www.garvanacoustic.com\/fr\/?s={search_term_string}"},"query-input":{"@type":"PropertyValueSpecification","valueRequired":true,"valueName":"search_term_string"}}],"inLanguage":"fr-FR"},{"@type":"Organization","@id":"https:\/\/www.garvanacoustic.com\/fr\/#organization","name":"Garvan Acoustic","url":"https:\/\/www.garvanacoustic.com\/fr\/","logo":{"@type":"ImageObject","inLanguage":"fr-FR","@id":"https:\/\/www.garvanacoustic.com\/fr\/#\/schema\/logo\/image\/","url":"https:\/\/www.garvanacoustic.com\/wp-content\/uploads\/2018\/07\/garvan-acoustic-logo.png","contentUrl":"https:\/\/www.garvanacoustic.com\/wp-content\/uploads\/2018\/07\/garvan-acoustic-logo.png","width":400,"height":161,"caption":"Garvan Acoustic"},"image":{"@id":"https:\/\/www.garvanacoustic.com\/fr\/#\/schema\/logo\/image\/"},"sameAs":["https:\/\/www.facebook.com\/garvanacoustic","https:\/\/www.instagram.com\/garvanacoustic\/"],"description":"Produttori di Diffusori Acustici e Pannelli Fonoassorbenti Made in Italy","email":"garvan@garvanacoustic.com","telephone":"0546 682097"},{"@type":"Person","@id":"https:\/\/www.garvanacoustic.com\/fr\/#\/schema\/person\/09727156b8cb00892d1258442a3c907d","name":"garvan_editor","image":{"@type":"ImageObject","inLanguage":"fr-FR","@id":"https:\/\/secure.gravatar.com\/avatar\/e9162e14491fbe40c8b8f258b3dcc580abbd812dd4769ec35a2771dab4442bd3?s=96&d=mm&r=g","url":"https:\/\/secure.gravatar.com\/avatar\/e9162e14491fbe40c8b8f258b3dcc580abbd812dd4769ec35a2771dab4442bd3?s=96&d=mm&r=g","contentUrl":"https:\/\/secure.gravatar.com\/avatar\/e9162e14491fbe40c8b8f258b3dcc580abbd812dd4769ec35a2771dab4442bd3?s=96&d=mm&r=g","caption":"garvan_editor"},"url":"https:\/\/www.garvanacoustic.com\/fr\/author\/garvan_editor\/"}]}},"_links":{"self":[{"href":"https:\/\/www.garvanacoustic.com\/fr\/wp-json\/wp\/v2\/posts\/24577","targetHints":{"allow":["GET"]}}],"collection":[{"href":"https:\/\/www.garvanacoustic.com\/fr\/wp-json\/wp\/v2\/posts"}],"about":[{"href":"https:\/\/www.garvanacoustic.com\/fr\/wp-json\/wp\/v2\/types\/post"}],"author":[{"embeddable":true,"href":"https:\/\/www.garvanacoustic.com\/fr\/wp-json\/wp\/v2\/users\/6"}],"replies":[{"embeddable":true,"href":"https:\/\/www.garvanacoustic.com\/fr\/wp-json\/wp\/v2\/comments?post=24577"}],"version-history":[{"count":1,"href":"https:\/\/www.garvanacoustic.com\/fr\/wp-json\/wp\/v2\/posts\/24577\/revisions"}],"predecessor-version":[{"id":24580,"href":"https:\/\/www.garvanacoustic.com\/fr\/wp-json\/wp\/v2\/posts\/24577\/revisions\/24580"}],"wp:featuredmedia":[{"embeddable":true,"href":"https:\/\/www.garvanacoustic.com\/fr\/wp-json\/wp\/v2\/media\/24579"}],"wp:attachment":[{"href":"https:\/\/www.garvanacoustic.com\/fr\/wp-json\/wp\/v2\/media?parent=24577"}],"wp:term":[{"taxonomy":"category","embeddable":true,"href":"https:\/\/www.garvanacoustic.com\/fr\/wp-json\/wp\/v2\/categories?post=24577"},{"taxonomy":"post_tag","embeddable":true,"href":"https:\/\/www.garvanacoustic.com\/fr\/wp-json\/wp\/v2\/tags?post=24577"}],"curies":[{"name":"wp","href":"https:\/\/api.w.org\/{rel}","templated":true}]}}