{"id":42352,"date":"2020-11-07T15:23:09","date_gmt":"2020-11-07T14:23:09","guid":{"rendered":"https:\/\/www.garvanacoustic.com\/?p=42352"},"modified":"2021-01-26T11:59:35","modified_gmt":"2021-01-26T10:59:35","slug":"artisanat-et-made-in-italy","status":"publish","type":"post","link":"https:\/\/www.garvanacoustic.com\/fr\/news-lifestyle\/artisanat-et-made-in-italy\/","title":{"rendered":"Artisanat et Made in Italy"},"content":{"rendered":"Artisanat, Made in Italy et fabrication sur-mesure sont les caract\u00e9ristiques distinctives de nos enceintes. Chaque enceinte Goccia est une pi\u00e8ce unique, con\u00e7ue pour enrichir votre d\u00e9cor musical.","protected":false},"excerpt":{"rendered":"<p>Artisanat, Made in Italy et fabrication sur-mesure sont les caract\u00e9ristiques distinctives de nos enceintes. Chaque enceinte Goccia est une pi\u00e8ce unique, con\u00e7ue pour enrichir votre d\u00e9cor musical.<\/p>\n","protected":false},"author":8,"featured_media":41778,"comment_status":"open","ping_status":"open","sticky":false,"template":"","format":"image","meta":{"_joinchat":[],"footnotes":""},"categories":[132],"tags":[],"class_list":["post-42352","post","type-post","status-publish","format-image","has-post-thumbnail","hentry","category-news-lifestyle","post_format-post-format-image"],"yoast_head":"<!-- This site is optimized with the Yoast SEO Premium plugin v27.4 (Yoast SEO v27.4) - https:\/\/yoast.com\/product\/yoast-seo-premium-wordpress\/ -->\n<title>Artisanat et Made in Italy - Garvan Acoustic<\/title>\n<meta name=\"description\" content=\"Artisanat, Made in Italy et fabrication sur-mesure sont les caract\u00e9ristiques distinctives de nos enceintes.\" \/>\n<meta name=\"robots\" content=\"index, follow, max-snippet:-1, max-image-preview:large, max-video-preview:-1\" \/>\n<link rel=\"canonical\" href=\"https:\/\/www.garvanacoustic.com\/fr\/news-lifestyle\/artisanat-et-made-in-italy\/\" \/>\n<meta property=\"og:locale\" content=\"fr_FR\" \/>\n<meta property=\"og:type\" content=\"article\" \/>\n<meta property=\"og:title\" content=\"Artisanat et Made in Italy\" \/>\n<meta property=\"og:description\" content=\"Artisanat, Made in Italy et fabrication sur-mesure sont les caract\u00e9ristiques distinctives de nos enceintes.\" \/>\n<meta property=\"og:url\" content=\"https:\/\/www.garvanacoustic.com\/fr\/news-lifestyle\/artisanat-et-made-in-italy\/\" \/>\n<meta property=\"og:site_name\" content=\"Garvan Acoustic\" \/>\n<meta property=\"article:publisher\" content=\"https:\/\/www.facebook.com\/garvanacoustic\" \/>\n<meta property=\"article:published_time\" content=\"2020-11-07T14:23:09+00:00\" \/>\n<meta property=\"article:modified_time\" content=\"2021-01-26T10:59:35+00:00\" \/>\n<meta property=\"og:image\" content=\"https:\/\/www.garvanacoustic.com\/wp-content\/uploads\/2020\/11\/577a372036520112a610608ac5ed5b82_123572659_3606153482756433_1345559233397734764_o.jpg\" \/>\n\t<meta property=\"og:image:width\" content=\"721\" \/>\n\t<meta property=\"og:image:height\" content=\"480\" \/>\n\t<meta property=\"og:image:type\" content=\"image\/jpeg\" \/>\n<meta name=\"author\" content=\"Tommaso Minardi\" \/>\n<meta name=\"twitter:card\" content=\"summary_large_image\" \/>\n<meta name=\"twitter:label1\" content=\"\u00c9crit par\" \/>\n\t<meta name=\"twitter:data1\" content=\"Tommaso Minardi\" \/>\n<script type=\"application\/ld+json\" class=\"yoast-schema-graph\">{\"@context\":\"https:\\\/\\\/schema.org\",\"@graph\":[{\"@type\":\"Article\",\"@id\":\"https:\\\/\\\/www.garvanacoustic.com\\\/fr\\\/news-lifestyle\\\/artisanat-et-made-in-italy\\\/#article\",\"isPartOf\":{\"@id\":\"https:\\\/\\\/www.garvanacoustic.com\\\/fr\\\/news-lifestyle\\\/artisanat-et-made-in-italy\\\/\"},\"author\":{\"name\":\"Tommaso Minardi\",\"@id\":\"https:\\\/\\\/www.garvanacoustic.com\\\/fr\\\/#\\\/schema\\\/person\\\/6a1c1645f07f7a0aa5e018c2f909f355\"},\"headline\":\"Artisanat et Made in Italy\",\"datePublished\":\"2020-11-07T14:23:09+00:00\",\"dateModified\":\"2021-01-26T10:59:35+00:00\",\"mainEntityOfPage\":{\"@id\":\"https:\\\/\\\/www.garvanacoustic.com\\\/fr\\\/news-lifestyle\\\/artisanat-et-made-in-italy\\\/\"},\"wordCount\":36,\"commentCount\":0,\"publisher\":{\"@id\":\"https:\\\/\\\/www.garvanacoustic.com\\\/fr\\\/#organization\"},\"image\":{\"@id\":\"https:\\\/\\\/www.garvanacoustic.com\\\/fr\\\/news-lifestyle\\\/artisanat-et-made-in-italy\\\/#primaryimage\"},\"thumbnailUrl\":\"https:\\\/\\\/www.garvanacoustic.com\\\/wp-content\\\/uploads\\\/2020\\\/11\\\/577a372036520112a610608ac5ed5b82_123572659_3606153482756433_1345559233397734764_o.jpg\",\"articleSection\":[\"News &amp; Lifestyle\"],\"inLanguage\":\"fr-FR\",\"potentialAction\":[{\"@type\":\"CommentAction\",\"name\":\"Comment\",\"target\":[\"https:\\\/\\\/www.garvanacoustic.com\\\/fr\\\/news-lifestyle\\\/artisanat-et-made-in-italy\\\/#respond\"]}]},{\"@type\":\"WebPage\",\"@id\":\"https:\\\/\\\/www.garvanacoustic.com\\\/fr\\\/news-lifestyle\\\/artisanat-et-made-in-italy\\\/\",\"url\":\"https:\\\/\\\/www.garvanacoustic.com\\\/fr\\\/news-lifestyle\\\/artisanat-et-made-in-italy\\\/\",\"name\":\"Artisanat et Made in Italy - Garvan Acoustic\",\"isPartOf\":{\"@id\":\"https:\\\/\\\/www.garvanacoustic.com\\\/fr\\\/#website\"},\"primaryImageOfPage\":{\"@id\":\"https:\\\/\\\/www.garvanacoustic.com\\\/fr\\\/news-lifestyle\\\/artisanat-et-made-in-italy\\\/#primaryimage\"},\"image\":{\"@id\":\"https:\\\/\\\/www.garvanacoustic.com\\\/fr\\\/news-lifestyle\\\/artisanat-et-made-in-italy\\\/#primaryimage\"},\"thumbnailUrl\":\"https:\\\/\\\/www.garvanacoustic.com\\\/wp-content\\\/uploads\\\/2020\\\/11\\\/577a372036520112a610608ac5ed5b82_123572659_3606153482756433_1345559233397734764_o.jpg\",\"datePublished\":\"2020-11-07T14:23:09+00:00\",\"dateModified\":\"2021-01-26T10:59:35+00:00\",\"description\":\"Artisanat, Made in Italy et fabrication sur-mesure sont les caract\u00e9ristiques distinctives de nos enceintes.\",\"breadcrumb\":{\"@id\":\"https:\\\/\\\/www.garvanacoustic.com\\\/fr\\\/news-lifestyle\\\/artisanat-et-made-in-italy\\\/#breadcrumb\"},\"inLanguage\":\"fr-FR\",\"potentialAction\":[{\"@type\":\"ReadAction\",\"target\":[\"https:\\\/\\\/www.garvanacoustic.com\\\/fr\\\/news-lifestyle\\\/artisanat-et-made-in-italy\\\/\"]}]},{\"@type\":\"ImageObject\",\"inLanguage\":\"fr-FR\",\"@id\":\"https:\\\/\\\/www.garvanacoustic.com\\\/fr\\\/news-lifestyle\\\/artisanat-et-made-in-italy\\\/#primaryimage\",\"url\":\"https:\\\/\\\/www.garvanacoustic.com\\\/wp-content\\\/uploads\\\/2020\\\/11\\\/577a372036520112a610608ac5ed5b82_123572659_3606153482756433_1345559233397734764_o.jpg\",\"contentUrl\":\"https:\\\/\\\/www.garvanacoustic.com\\\/wp-content\\\/uploads\\\/2020\\\/11\\\/577a372036520112a610608ac5ed5b82_123572659_3606153482756433_1345559233397734764_o.jpg\",\"width\":721,\"height\":480,\"caption\":\"Made in Italy acoustic speakers and know-how. Goccia speakers by Garvan Acoustic\"},{\"@type\":\"BreadcrumbList\",\"@id\":\"https:\\\/\\\/www.garvanacoustic.com\\\/fr\\\/news-lifestyle\\\/artisanat-et-made-in-italy\\\/#breadcrumb\",\"itemListElement\":[{\"@type\":\"ListItem\",\"position\":1,\"name\":\"Home\",\"item\":\"https:\\\/\\\/www.garvanacoustic.com\\\/fr\\\/\"},{\"@type\":\"ListItem\",\"position\":2,\"name\":\"Artisanat et Made in Italy\"}]},{\"@type\":\"WebSite\",\"@id\":\"https:\\\/\\\/www.garvanacoustic.com\\\/fr\\\/#website\",\"url\":\"https:\\\/\\\/www.garvanacoustic.com\\\/fr\\\/\",\"name\":\"Garvan Acoustic\",\"description\":\"Diffusori e trattamento acustico: scopri la qualit\u00e0 del Made in Italy\",\"publisher\":{\"@id\":\"https:\\\/\\\/www.garvanacoustic.com\\\/fr\\\/#organization\"},\"potentialAction\":[{\"@type\":\"SearchAction\",\"target\":{\"@type\":\"EntryPoint\",\"urlTemplate\":\"https:\\\/\\\/www.garvanacoustic.com\\\/fr\\\/?s={search_term_string}\"},\"query-input\":{\"@type\":\"PropertyValueSpecification\",\"valueRequired\":true,\"valueName\":\"search_term_string\"}}],\"inLanguage\":\"fr-FR\"},{\"@type\":\"Organization\",\"@id\":\"https:\\\/\\\/www.garvanacoustic.com\\\/fr\\\/#organization\",\"name\":\"Garvan Acoustic\",\"url\":\"https:\\\/\\\/www.garvanacoustic.com\\\/fr\\\/\",\"logo\":{\"@type\":\"ImageObject\",\"inLanguage\":\"fr-FR\",\"@id\":\"https:\\\/\\\/www.garvanacoustic.com\\\/fr\\\/#\\\/schema\\\/logo\\\/image\\\/\",\"url\":\"https:\\\/\\\/www.garvanacoustic.com\\\/wp-content\\\/uploads\\\/2018\\\/07\\\/garvan-acoustic-logo.png\",\"contentUrl\":\"https:\\\/\\\/www.garvanacoustic.com\\\/wp-content\\\/uploads\\\/2018\\\/07\\\/garvan-acoustic-logo.png\",\"width\":400,\"height\":161,\"caption\":\"Garvan Acoustic\"},\"image\":{\"@id\":\"https:\\\/\\\/www.garvanacoustic.com\\\/fr\\\/#\\\/schema\\\/logo\\\/image\\\/\"},\"sameAs\":[\"https:\\\/\\\/www.facebook.com\\\/garvanacoustic\",\"https:\\\/\\\/www.instagram.com\\\/garvanacoustic\\\/\"],\"description\":\"Produttori di Diffusori Acustici e Pannelli Fonoassorbenti Made in Italy\",\"email\":\"garvan@garvanacoustic.com\",\"telephone\":\"0546 682097\"},{\"@type\":\"Person\",\"@id\":\"https:\\\/\\\/www.garvanacoustic.com\\\/fr\\\/#\\\/schema\\\/person\\\/6a1c1645f07f7a0aa5e018c2f909f355\",\"name\":\"Tommaso Minardi\",\"image\":{\"@type\":\"ImageObject\",\"inLanguage\":\"fr-FR\",\"@id\":\"https:\\\/\\\/secure.gravatar.com\\\/avatar\\\/8c401eaabbdcdfbe0fe41e1798828bd51d99183ae86864950e8146a9c5cf079d?s=96&d=mm&r=g\",\"url\":\"https:\\\/\\\/secure.gravatar.com\\\/avatar\\\/8c401eaabbdcdfbe0fe41e1798828bd51d99183ae86864950e8146a9c5cf079d?s=96&d=mm&r=g\",\"contentUrl\":\"https:\\\/\\\/secure.gravatar.com\\\/avatar\\\/8c401eaabbdcdfbe0fe41e1798828bd51d99183ae86864950e8146a9c5cf079d?s=96&d=mm&r=g\",\"caption\":\"Tommaso Minardi\"},\"url\":\"https:\\\/\\\/www.garvanacoustic.com\\\/fr\\\/author\\\/studioin3\\\/\"}]}<\/script>\n<!-- \/ Yoast SEO Premium plugin. -->","yoast_head_json":{"title":"Artisanat et Made in Italy - Garvan Acoustic","description":"Artisanat, Made in Italy et fabrication sur-mesure sont les caract\u00e9ristiques distinctives de nos enceintes.","robots":{"index":"index","follow":"follow","max-snippet":"max-snippet:-1","max-image-preview":"max-image-preview:large","max-video-preview":"max-video-preview:-1"},"canonical":"https:\/\/www.garvanacoustic.com\/fr\/news-lifestyle\/artisanat-et-made-in-italy\/","og_locale":"fr_FR","og_type":"article","og_title":"Artisanat et Made in Italy","og_description":"Artisanat, Made in Italy et fabrication sur-mesure sont les caract\u00e9ristiques distinctives de nos enceintes.","og_url":"https:\/\/www.garvanacoustic.com\/fr\/news-lifestyle\/artisanat-et-made-in-italy\/","og_site_name":"Garvan Acoustic","article_publisher":"https:\/\/www.facebook.com\/garvanacoustic","article_published_time":"2020-11-07T14:23:09+00:00","article_modified_time":"2021-01-26T10:59:35+00:00","og_image":[{"width":721,"height":480,"url":"https:\/\/www.garvanacoustic.com\/wp-content\/uploads\/2020\/11\/577a372036520112a610608ac5ed5b82_123572659_3606153482756433_1345559233397734764_o.jpg","type":"image\/jpeg"}],"author":"Tommaso Minardi","twitter_card":"summary_large_image","twitter_misc":{"\u00c9crit par":"Tommaso Minardi"},"schema":{"@context":"https:\/\/schema.org","@graph":[{"@type":"Article","@id":"https:\/\/www.garvanacoustic.com\/fr\/news-lifestyle\/artisanat-et-made-in-italy\/#article","isPartOf":{"@id":"https:\/\/www.garvanacoustic.com\/fr\/news-lifestyle\/artisanat-et-made-in-italy\/"},"author":{"name":"Tommaso Minardi","@id":"https:\/\/www.garvanacoustic.com\/fr\/#\/schema\/person\/6a1c1645f07f7a0aa5e018c2f909f355"},"headline":"Artisanat et Made in Italy","datePublished":"2020-11-07T14:23:09+00:00","dateModified":"2021-01-26T10:59:35+00:00","mainEntityOfPage":{"@id":"https:\/\/www.garvanacoustic.com\/fr\/news-lifestyle\/artisanat-et-made-in-italy\/"},"wordCount":36,"commentCount":0,"publisher":{"@id":"https:\/\/www.garvanacoustic.com\/fr\/#organization"},"image":{"@id":"https:\/\/www.garvanacoustic.com\/fr\/news-lifestyle\/artisanat-et-made-in-italy\/#primaryimage"},"thumbnailUrl":"https:\/\/www.garvanacoustic.com\/wp-content\/uploads\/2020\/11\/577a372036520112a610608ac5ed5b82_123572659_3606153482756433_1345559233397734764_o.jpg","articleSection":["News &amp; Lifestyle"],"inLanguage":"fr-FR","potentialAction":[{"@type":"CommentAction","name":"Comment","target":["https:\/\/www.garvanacoustic.com\/fr\/news-lifestyle\/artisanat-et-made-in-italy\/#respond"]}]},{"@type":"WebPage","@id":"https:\/\/www.garvanacoustic.com\/fr\/news-lifestyle\/artisanat-et-made-in-italy\/","url":"https:\/\/www.garvanacoustic.com\/fr\/news-lifestyle\/artisanat-et-made-in-italy\/","name":"Artisanat et Made in Italy - Garvan Acoustic","isPartOf":{"@id":"https:\/\/www.garvanacoustic.com\/fr\/#website"},"primaryImageOfPage":{"@id":"https:\/\/www.garvanacoustic.com\/fr\/news-lifestyle\/artisanat-et-made-in-italy\/#primaryimage"},"image":{"@id":"https:\/\/www.garvanacoustic.com\/fr\/news-lifestyle\/artisanat-et-made-in-italy\/#primaryimage"},"thumbnailUrl":"https:\/\/www.garvanacoustic.com\/wp-content\/uploads\/2020\/11\/577a372036520112a610608ac5ed5b82_123572659_3606153482756433_1345559233397734764_o.jpg","datePublished":"2020-11-07T14:23:09+00:00","dateModified":"2021-01-26T10:59:35+00:00","description":"Artisanat, Made in Italy et fabrication sur-mesure sont les caract\u00e9ristiques distinctives de nos enceintes.","breadcrumb":{"@id":"https:\/\/www.garvanacoustic.com\/fr\/news-lifestyle\/artisanat-et-made-in-italy\/#breadcrumb"},"inLanguage":"fr-FR","potentialAction":[{"@type":"ReadAction","target":["https:\/\/www.garvanacoustic.com\/fr\/news-lifestyle\/artisanat-et-made-in-italy\/"]}]},{"@type":"ImageObject","inLanguage":"fr-FR","@id":"https:\/\/www.garvanacoustic.com\/fr\/news-lifestyle\/artisanat-et-made-in-italy\/#primaryimage","url":"https:\/\/www.garvanacoustic.com\/wp-content\/uploads\/2020\/11\/577a372036520112a610608ac5ed5b82_123572659_3606153482756433_1345559233397734764_o.jpg","contentUrl":"https:\/\/www.garvanacoustic.com\/wp-content\/uploads\/2020\/11\/577a372036520112a610608ac5ed5b82_123572659_3606153482756433_1345559233397734764_o.jpg","width":721,"height":480,"caption":"Made in Italy acoustic speakers and know-how. Goccia speakers by Garvan Acoustic"},{"@type":"BreadcrumbList","@id":"https:\/\/www.garvanacoustic.com\/fr\/news-lifestyle\/artisanat-et-made-in-italy\/#breadcrumb","itemListElement":[{"@type":"ListItem","position":1,"name":"Home","item":"https:\/\/www.garvanacoustic.com\/fr\/"},{"@type":"ListItem","position":2,"name":"Artisanat et Made in Italy"}]},{"@type":"WebSite","@id":"https:\/\/www.garvanacoustic.com\/fr\/#website","url":"https:\/\/www.garvanacoustic.com\/fr\/","name":"Garvan Acoustic","description":"Diffusori e trattamento acustico: scopri la qualit\u00e0 del Made in Italy","publisher":{"@id":"https:\/\/www.garvanacoustic.com\/fr\/#organization"},"potentialAction":[{"@type":"SearchAction","target":{"@type":"EntryPoint","urlTemplate":"https:\/\/www.garvanacoustic.com\/fr\/?s={search_term_string}"},"query-input":{"@type":"PropertyValueSpecification","valueRequired":true,"valueName":"search_term_string"}}],"inLanguage":"fr-FR"},{"@type":"Organization","@id":"https:\/\/www.garvanacoustic.com\/fr\/#organization","name":"Garvan Acoustic","url":"https:\/\/www.garvanacoustic.com\/fr\/","logo":{"@type":"ImageObject","inLanguage":"fr-FR","@id":"https:\/\/www.garvanacoustic.com\/fr\/#\/schema\/logo\/image\/","url":"https:\/\/www.garvanacoustic.com\/wp-content\/uploads\/2018\/07\/garvan-acoustic-logo.png","contentUrl":"https:\/\/www.garvanacoustic.com\/wp-content\/uploads\/2018\/07\/garvan-acoustic-logo.png","width":400,"height":161,"caption":"Garvan Acoustic"},"image":{"@id":"https:\/\/www.garvanacoustic.com\/fr\/#\/schema\/logo\/image\/"},"sameAs":["https:\/\/www.facebook.com\/garvanacoustic","https:\/\/www.instagram.com\/garvanacoustic\/"],"description":"Produttori di Diffusori Acustici e Pannelli Fonoassorbenti Made in Italy","email":"garvan@garvanacoustic.com","telephone":"0546 682097"},{"@type":"Person","@id":"https:\/\/www.garvanacoustic.com\/fr\/#\/schema\/person\/6a1c1645f07f7a0aa5e018c2f909f355","name":"Tommaso Minardi","image":{"@type":"ImageObject","inLanguage":"fr-FR","@id":"https:\/\/secure.gravatar.com\/avatar\/8c401eaabbdcdfbe0fe41e1798828bd51d99183ae86864950e8146a9c5cf079d?s=96&d=mm&r=g","url":"https:\/\/secure.gravatar.com\/avatar\/8c401eaabbdcdfbe0fe41e1798828bd51d99183ae86864950e8146a9c5cf079d?s=96&d=mm&r=g","contentUrl":"https:\/\/secure.gravatar.com\/avatar\/8c401eaabbdcdfbe0fe41e1798828bd51d99183ae86864950e8146a9c5cf079d?s=96&d=mm&r=g","caption":"Tommaso Minardi"},"url":"https:\/\/www.garvanacoustic.com\/fr\/author\/studioin3\/"}]}},"_links":{"self":[{"href":"https:\/\/www.garvanacoustic.com\/fr\/wp-json\/wp\/v2\/posts\/42352","targetHints":{"allow":["GET"]}}],"collection":[{"href":"https:\/\/www.garvanacoustic.com\/fr\/wp-json\/wp\/v2\/posts"}],"about":[{"href":"https:\/\/www.garvanacoustic.com\/fr\/wp-json\/wp\/v2\/types\/post"}],"author":[{"embeddable":true,"href":"https:\/\/www.garvanacoustic.com\/fr\/wp-json\/wp\/v2\/users\/8"}],"replies":[{"embeddable":true,"href":"https:\/\/www.garvanacoustic.com\/fr\/wp-json\/wp\/v2\/comments?post=42352"}],"version-history":[{"count":2,"href":"https:\/\/www.garvanacoustic.com\/fr\/wp-json\/wp\/v2\/posts\/42352\/revisions"}],"predecessor-version":[{"id":42354,"href":"https:\/\/www.garvanacoustic.com\/fr\/wp-json\/wp\/v2\/posts\/42352\/revisions\/42354"}],"wp:featuredmedia":[{"embeddable":true,"href":"https:\/\/www.garvanacoustic.com\/fr\/wp-json\/wp\/v2\/media\/41778"}],"wp:attachment":[{"href":"https:\/\/www.garvanacoustic.com\/fr\/wp-json\/wp\/v2\/media?parent=42352"}],"wp:term":[{"taxonomy":"category","embeddable":true,"href":"https:\/\/www.garvanacoustic.com\/fr\/wp-json\/wp\/v2\/categories?post=42352"},{"taxonomy":"post_tag","embeddable":true,"href":"https:\/\/www.garvanacoustic.com\/fr\/wp-json\/wp\/v2\/tags?post=42352"}],"curies":[{"name":"wp","href":"https:\/\/api.w.org\/{rel}","templated":true}]}}