{"id":46313,"date":"2020-08-14T10:35:52","date_gmt":"2020-08-14T08:35:52","guid":{"rendered":"https:\/\/www.garvanacoustic.com\/?p=46313"},"modified":"2021-03-09T10:42:14","modified_gmt":"2021-03-09T09:42:14","slug":"voulez-vous-reduire-le-bruit-et-la-reverberation-avec-style","status":"publish","type":"post","link":"https:\/\/www.garvanacoustic.com\/fr\/non-classifiee\/voulez-vous-reduire-le-bruit-et-la-reverberation-avec-style\/","title":{"rendered":"Voulez-vous r\u00e9duire le bruit et la r\u00e9verb\u00e9ration avec style?"},"content":{"rendered":"Voulez-vous r\u00e9duire le bruit et la r\u00e9verb\u00e9ration avec style?\r\nChoisissez les panneaux insonorisants de Garvan o\u00f9 le design et l'attention aux d\u00e9tails sont combin\u00e9s avec un pouvoir insonorisant \u00e9lev\u00e9.\r\nEn savoir plus: <a href=\"https:\/\/www.garvanacoustic.com\/fonoassorbente\/collezioni-fonoassorbente\">https:\/\/www.garvanacoustic.com\/fr\/absorption\/collections-absorption\/<\/a>","protected":false},"excerpt":{"rendered":"<p>Voulez-vous r\u00e9duire le bruit et la r\u00e9verb\u00e9ration avec style? Choisissez les panneaux insonorisants de Garvan o\u00f9 le design et l&rsquo;attention aux d\u00e9tails sont combin\u00e9s avec un pouvoir insonorisant \u00e9lev\u00e9. En savoir plus: https:\/\/www.garvanacoustic.com\/fr\/absorption\/collections-absorption\/<\/p>\n","protected":false},"author":8,"featured_media":37337,"comment_status":"open","ping_status":"open","sticky":false,"template":"","format":"image","meta":{"_joinchat":[],"footnotes":""},"categories":[132,101],"tags":[],"class_list":["post-46313","post","type-post","status-publish","format-image","has-post-thumbnail","hentry","category-news-lifestyle","category-non-classifiee","post_format-post-format-image"],"yoast_head":"<!-- This site is optimized with the Yoast SEO Premium plugin v27.4 (Yoast SEO v27.4) - https:\/\/yoast.com\/product\/yoast-seo-premium-wordpress\/ -->\n<title>Voulez-vous r\u00e9duire le bruit et la r\u00e9verb\u00e9ration avec style? - Garvan Acoustic<\/title>\n<meta name=\"description\" content=\"Voulez-vous r\u00e9duire le bruit et la r\u00e9verb\u00e9ration avec style?Choisissez les panneaux insonorisants de Garvan o\u00f9 le design et l&#039;attention aux d\u00e9tails sont combin\u00e9s avec un pouvoir insonorisant \u00e9lev\u00e9.\" \/>\n<meta name=\"robots\" content=\"index, follow, max-snippet:-1, max-image-preview:large, max-video-preview:-1\" \/>\n<link rel=\"canonical\" href=\"https:\/\/www.garvanacoustic.com\/fr\/non-classifiee\/voulez-vous-reduire-le-bruit-et-la-reverberation-avec-style\/\" \/>\n<meta property=\"og:locale\" content=\"fr_FR\" \/>\n<meta property=\"og:type\" content=\"article\" \/>\n<meta property=\"og:title\" content=\"Voulez-vous r\u00e9duire le bruit et la r\u00e9verb\u00e9ration avec style?\" \/>\n<meta property=\"og:description\" content=\"Voulez-vous r\u00e9duire le bruit et la r\u00e9verb\u00e9ration avec style?Choisissez les panneaux insonorisants de Garvan o\u00f9 le design et l&#039;attention aux d\u00e9tails sont combin\u00e9s avec un pouvoir insonorisant \u00e9lev\u00e9.\" \/>\n<meta property=\"og:url\" content=\"https:\/\/www.garvanacoustic.com\/fr\/non-classifiee\/voulez-vous-reduire-le-bruit-et-la-reverberation-avec-style\/\" \/>\n<meta property=\"og:site_name\" content=\"Garvan Acoustic\" \/>\n<meta property=\"article:publisher\" content=\"https:\/\/www.facebook.com\/garvanacoustic\" \/>\n<meta property=\"article:published_time\" content=\"2020-08-14T08:35:52+00:00\" \/>\n<meta property=\"article:modified_time\" content=\"2021-03-09T09:42:14+00:00\" \/>\n<meta property=\"og:image\" content=\"https:\/\/www.garvanacoustic.com\/wp-content\/uploads\/2020\/08\/ec3b3b4a35ff59ea1f1aab8b030e7232_117680481_3338316426206808_3994552913558793810_o.jpg\" \/>\n\t<meta property=\"og:image:width\" content=\"720\" \/>\n\t<meta property=\"og:image:height\" content=\"436\" \/>\n\t<meta property=\"og:image:type\" content=\"image\/jpeg\" \/>\n<meta name=\"author\" content=\"Tommaso Minardi\" \/>\n<meta name=\"twitter:card\" content=\"summary_large_image\" \/>\n<meta name=\"twitter:label1\" content=\"\u00c9crit par\" \/>\n\t<meta name=\"twitter:data1\" content=\"Tommaso Minardi\" \/>\n<script type=\"application\/ld+json\" class=\"yoast-schema-graph\">{\"@context\":\"https:\\\/\\\/schema.org\",\"@graph\":[{\"@type\":\"Article\",\"@id\":\"https:\\\/\\\/www.garvanacoustic.com\\\/fr\\\/non-classifiee\\\/voulez-vous-reduire-le-bruit-et-la-reverberation-avec-style\\\/#article\",\"isPartOf\":{\"@id\":\"https:\\\/\\\/www.garvanacoustic.com\\\/fr\\\/non-classifiee\\\/voulez-vous-reduire-le-bruit-et-la-reverberation-avec-style\\\/\"},\"author\":{\"name\":\"Tommaso Minardi\",\"@id\":\"https:\\\/\\\/www.garvanacoustic.com\\\/fr\\\/#\\\/schema\\\/person\\\/6a1c1645f07f7a0aa5e018c2f909f355\"},\"headline\":\"Voulez-vous r\u00e9duire le bruit et la r\u00e9verb\u00e9ration avec style?\",\"datePublished\":\"2020-08-14T08:35:52+00:00\",\"dateModified\":\"2021-03-09T09:42:14+00:00\",\"mainEntityOfPage\":{\"@id\":\"https:\\\/\\\/www.garvanacoustic.com\\\/fr\\\/non-classifiee\\\/voulez-vous-reduire-le-bruit-et-la-reverberation-avec-style\\\/\"},\"wordCount\":57,\"commentCount\":0,\"publisher\":{\"@id\":\"https:\\\/\\\/www.garvanacoustic.com\\\/fr\\\/#organization\"},\"image\":{\"@id\":\"https:\\\/\\\/www.garvanacoustic.com\\\/fr\\\/non-classifiee\\\/voulez-vous-reduire-le-bruit-et-la-reverberation-avec-style\\\/#primaryimage\"},\"thumbnailUrl\":\"https:\\\/\\\/www.garvanacoustic.com\\\/wp-content\\\/uploads\\\/2020\\\/08\\\/ec3b3b4a35ff59ea1f1aab8b030e7232_117680481_3338316426206808_3994552913558793810_o.jpg\",\"articleSection\":[\"News &amp; Lifestyle\",\"Non classifi\u00e9(e)\"],\"inLanguage\":\"fr-FR\",\"potentialAction\":[{\"@type\":\"CommentAction\",\"name\":\"Comment\",\"target\":[\"https:\\\/\\\/www.garvanacoustic.com\\\/fr\\\/non-classifiee\\\/voulez-vous-reduire-le-bruit-et-la-reverberation-avec-style\\\/#respond\"]}]},{\"@type\":\"WebPage\",\"@id\":\"https:\\\/\\\/www.garvanacoustic.com\\\/fr\\\/non-classifiee\\\/voulez-vous-reduire-le-bruit-et-la-reverberation-avec-style\\\/\",\"url\":\"https:\\\/\\\/www.garvanacoustic.com\\\/fr\\\/non-classifiee\\\/voulez-vous-reduire-le-bruit-et-la-reverberation-avec-style\\\/\",\"name\":\"Voulez-vous r\u00e9duire le bruit et la r\u00e9verb\u00e9ration avec style? - Garvan Acoustic\",\"isPartOf\":{\"@id\":\"https:\\\/\\\/www.garvanacoustic.com\\\/fr\\\/#website\"},\"primaryImageOfPage\":{\"@id\":\"https:\\\/\\\/www.garvanacoustic.com\\\/fr\\\/non-classifiee\\\/voulez-vous-reduire-le-bruit-et-la-reverberation-avec-style\\\/#primaryimage\"},\"image\":{\"@id\":\"https:\\\/\\\/www.garvanacoustic.com\\\/fr\\\/non-classifiee\\\/voulez-vous-reduire-le-bruit-et-la-reverberation-avec-style\\\/#primaryimage\"},\"thumbnailUrl\":\"https:\\\/\\\/www.garvanacoustic.com\\\/wp-content\\\/uploads\\\/2020\\\/08\\\/ec3b3b4a35ff59ea1f1aab8b030e7232_117680481_3338316426206808_3994552913558793810_o.jpg\",\"datePublished\":\"2020-08-14T08:35:52+00:00\",\"dateModified\":\"2021-03-09T09:42:14+00:00\",\"description\":\"Voulez-vous r\u00e9duire le bruit et la r\u00e9verb\u00e9ration avec style?Choisissez les panneaux insonorisants de Garvan o\u00f9 le design et l'attention aux d\u00e9tails sont combin\u00e9s avec un pouvoir insonorisant \u00e9lev\u00e9.\",\"breadcrumb\":{\"@id\":\"https:\\\/\\\/www.garvanacoustic.com\\\/fr\\\/non-classifiee\\\/voulez-vous-reduire-le-bruit-et-la-reverberation-avec-style\\\/#breadcrumb\"},\"inLanguage\":\"fr-FR\",\"potentialAction\":[{\"@type\":\"ReadAction\",\"target\":[\"https:\\\/\\\/www.garvanacoustic.com\\\/fr\\\/non-classifiee\\\/voulez-vous-reduire-le-bruit-et-la-reverberation-avec-style\\\/\"]}]},{\"@type\":\"ImageObject\",\"inLanguage\":\"fr-FR\",\"@id\":\"https:\\\/\\\/www.garvanacoustic.com\\\/fr\\\/non-classifiee\\\/voulez-vous-reduire-le-bruit-et-la-reverberation-avec-style\\\/#primaryimage\",\"url\":\"https:\\\/\\\/www.garvanacoustic.com\\\/wp-content\\\/uploads\\\/2020\\\/08\\\/ec3b3b4a35ff59ea1f1aab8b030e7232_117680481_3338316426206808_3994552913558793810_o.jpg\",\"contentUrl\":\"https:\\\/\\\/www.garvanacoustic.com\\\/wp-content\\\/uploads\\\/2020\\\/08\\\/ec3b3b4a35ff59ea1f1aab8b030e7232_117680481_3338316426206808_3994552913558793810_o.jpg\",\"width\":720,\"height\":436},{\"@type\":\"BreadcrumbList\",\"@id\":\"https:\\\/\\\/www.garvanacoustic.com\\\/fr\\\/non-classifiee\\\/voulez-vous-reduire-le-bruit-et-la-reverberation-avec-style\\\/#breadcrumb\",\"itemListElement\":[{\"@type\":\"ListItem\",\"position\":1,\"name\":\"Home\",\"item\":\"https:\\\/\\\/www.garvanacoustic.com\\\/fr\\\/\"},{\"@type\":\"ListItem\",\"position\":2,\"name\":\"Voulez-vous r\u00e9duire le bruit et la r\u00e9verb\u00e9ration avec style?\"}]},{\"@type\":\"WebSite\",\"@id\":\"https:\\\/\\\/www.garvanacoustic.com\\\/fr\\\/#website\",\"url\":\"https:\\\/\\\/www.garvanacoustic.com\\\/fr\\\/\",\"name\":\"Garvan Acoustic\",\"description\":\"Diffusori e trattamento acustico: scopri la qualit\u00e0 del Made in Italy\",\"publisher\":{\"@id\":\"https:\\\/\\\/www.garvanacoustic.com\\\/fr\\\/#organization\"},\"potentialAction\":[{\"@type\":\"SearchAction\",\"target\":{\"@type\":\"EntryPoint\",\"urlTemplate\":\"https:\\\/\\\/www.garvanacoustic.com\\\/fr\\\/?s={search_term_string}\"},\"query-input\":{\"@type\":\"PropertyValueSpecification\",\"valueRequired\":true,\"valueName\":\"search_term_string\"}}],\"inLanguage\":\"fr-FR\"},{\"@type\":\"Organization\",\"@id\":\"https:\\\/\\\/www.garvanacoustic.com\\\/fr\\\/#organization\",\"name\":\"Garvan Acoustic\",\"url\":\"https:\\\/\\\/www.garvanacoustic.com\\\/fr\\\/\",\"logo\":{\"@type\":\"ImageObject\",\"inLanguage\":\"fr-FR\",\"@id\":\"https:\\\/\\\/www.garvanacoustic.com\\\/fr\\\/#\\\/schema\\\/logo\\\/image\\\/\",\"url\":\"https:\\\/\\\/www.garvanacoustic.com\\\/wp-content\\\/uploads\\\/2018\\\/07\\\/garvan-acoustic-logo.png\",\"contentUrl\":\"https:\\\/\\\/www.garvanacoustic.com\\\/wp-content\\\/uploads\\\/2018\\\/07\\\/garvan-acoustic-logo.png\",\"width\":400,\"height\":161,\"caption\":\"Garvan Acoustic\"},\"image\":{\"@id\":\"https:\\\/\\\/www.garvanacoustic.com\\\/fr\\\/#\\\/schema\\\/logo\\\/image\\\/\"},\"sameAs\":[\"https:\\\/\\\/www.facebook.com\\\/garvanacoustic\",\"https:\\\/\\\/www.instagram.com\\\/garvanacoustic\\\/\"],\"description\":\"Produttori di Diffusori Acustici e Pannelli Fonoassorbenti Made in Italy\",\"email\":\"garvan@garvanacoustic.com\",\"telephone\":\"0546 682097\"},{\"@type\":\"Person\",\"@id\":\"https:\\\/\\\/www.garvanacoustic.com\\\/fr\\\/#\\\/schema\\\/person\\\/6a1c1645f07f7a0aa5e018c2f909f355\",\"name\":\"Tommaso Minardi\",\"image\":{\"@type\":\"ImageObject\",\"inLanguage\":\"fr-FR\",\"@id\":\"https:\\\/\\\/secure.gravatar.com\\\/avatar\\\/8c401eaabbdcdfbe0fe41e1798828bd51d99183ae86864950e8146a9c5cf079d?s=96&d=mm&r=g\",\"url\":\"https:\\\/\\\/secure.gravatar.com\\\/avatar\\\/8c401eaabbdcdfbe0fe41e1798828bd51d99183ae86864950e8146a9c5cf079d?s=96&d=mm&r=g\",\"contentUrl\":\"https:\\\/\\\/secure.gravatar.com\\\/avatar\\\/8c401eaabbdcdfbe0fe41e1798828bd51d99183ae86864950e8146a9c5cf079d?s=96&d=mm&r=g\",\"caption\":\"Tommaso Minardi\"},\"url\":\"https:\\\/\\\/www.garvanacoustic.com\\\/fr\\\/author\\\/studioin3\\\/\"}]}<\/script>\n<!-- \/ Yoast SEO Premium plugin. -->","yoast_head_json":{"title":"Voulez-vous r\u00e9duire le bruit et la r\u00e9verb\u00e9ration avec style? - Garvan Acoustic","description":"Voulez-vous r\u00e9duire le bruit et la r\u00e9verb\u00e9ration avec style?Choisissez les panneaux insonorisants de Garvan o\u00f9 le design et l'attention aux d\u00e9tails sont combin\u00e9s avec un pouvoir insonorisant \u00e9lev\u00e9.","robots":{"index":"index","follow":"follow","max-snippet":"max-snippet:-1","max-image-preview":"max-image-preview:large","max-video-preview":"max-video-preview:-1"},"canonical":"https:\/\/www.garvanacoustic.com\/fr\/non-classifiee\/voulez-vous-reduire-le-bruit-et-la-reverberation-avec-style\/","og_locale":"fr_FR","og_type":"article","og_title":"Voulez-vous r\u00e9duire le bruit et la r\u00e9verb\u00e9ration avec style?","og_description":"Voulez-vous r\u00e9duire le bruit et la r\u00e9verb\u00e9ration avec style?Choisissez les panneaux insonorisants de Garvan o\u00f9 le design et l'attention aux d\u00e9tails sont combin\u00e9s avec un pouvoir insonorisant \u00e9lev\u00e9.","og_url":"https:\/\/www.garvanacoustic.com\/fr\/non-classifiee\/voulez-vous-reduire-le-bruit-et-la-reverberation-avec-style\/","og_site_name":"Garvan Acoustic","article_publisher":"https:\/\/www.facebook.com\/garvanacoustic","article_published_time":"2020-08-14T08:35:52+00:00","article_modified_time":"2021-03-09T09:42:14+00:00","og_image":[{"width":720,"height":436,"url":"https:\/\/www.garvanacoustic.com\/wp-content\/uploads\/2020\/08\/ec3b3b4a35ff59ea1f1aab8b030e7232_117680481_3338316426206808_3994552913558793810_o.jpg","type":"image\/jpeg"}],"author":"Tommaso Minardi","twitter_card":"summary_large_image","twitter_misc":{"\u00c9crit par":"Tommaso Minardi"},"schema":{"@context":"https:\/\/schema.org","@graph":[{"@type":"Article","@id":"https:\/\/www.garvanacoustic.com\/fr\/non-classifiee\/voulez-vous-reduire-le-bruit-et-la-reverberation-avec-style\/#article","isPartOf":{"@id":"https:\/\/www.garvanacoustic.com\/fr\/non-classifiee\/voulez-vous-reduire-le-bruit-et-la-reverberation-avec-style\/"},"author":{"name":"Tommaso Minardi","@id":"https:\/\/www.garvanacoustic.com\/fr\/#\/schema\/person\/6a1c1645f07f7a0aa5e018c2f909f355"},"headline":"Voulez-vous r\u00e9duire le bruit et la r\u00e9verb\u00e9ration avec style?","datePublished":"2020-08-14T08:35:52+00:00","dateModified":"2021-03-09T09:42:14+00:00","mainEntityOfPage":{"@id":"https:\/\/www.garvanacoustic.com\/fr\/non-classifiee\/voulez-vous-reduire-le-bruit-et-la-reverberation-avec-style\/"},"wordCount":57,"commentCount":0,"publisher":{"@id":"https:\/\/www.garvanacoustic.com\/fr\/#organization"},"image":{"@id":"https:\/\/www.garvanacoustic.com\/fr\/non-classifiee\/voulez-vous-reduire-le-bruit-et-la-reverberation-avec-style\/#primaryimage"},"thumbnailUrl":"https:\/\/www.garvanacoustic.com\/wp-content\/uploads\/2020\/08\/ec3b3b4a35ff59ea1f1aab8b030e7232_117680481_3338316426206808_3994552913558793810_o.jpg","articleSection":["News &amp; Lifestyle","Non classifi\u00e9(e)"],"inLanguage":"fr-FR","potentialAction":[{"@type":"CommentAction","name":"Comment","target":["https:\/\/www.garvanacoustic.com\/fr\/non-classifiee\/voulez-vous-reduire-le-bruit-et-la-reverberation-avec-style\/#respond"]}]},{"@type":"WebPage","@id":"https:\/\/www.garvanacoustic.com\/fr\/non-classifiee\/voulez-vous-reduire-le-bruit-et-la-reverberation-avec-style\/","url":"https:\/\/www.garvanacoustic.com\/fr\/non-classifiee\/voulez-vous-reduire-le-bruit-et-la-reverberation-avec-style\/","name":"Voulez-vous r\u00e9duire le bruit et la r\u00e9verb\u00e9ration avec style? - Garvan Acoustic","isPartOf":{"@id":"https:\/\/www.garvanacoustic.com\/fr\/#website"},"primaryImageOfPage":{"@id":"https:\/\/www.garvanacoustic.com\/fr\/non-classifiee\/voulez-vous-reduire-le-bruit-et-la-reverberation-avec-style\/#primaryimage"},"image":{"@id":"https:\/\/www.garvanacoustic.com\/fr\/non-classifiee\/voulez-vous-reduire-le-bruit-et-la-reverberation-avec-style\/#primaryimage"},"thumbnailUrl":"https:\/\/www.garvanacoustic.com\/wp-content\/uploads\/2020\/08\/ec3b3b4a35ff59ea1f1aab8b030e7232_117680481_3338316426206808_3994552913558793810_o.jpg","datePublished":"2020-08-14T08:35:52+00:00","dateModified":"2021-03-09T09:42:14+00:00","description":"Voulez-vous r\u00e9duire le bruit et la r\u00e9verb\u00e9ration avec style?Choisissez les panneaux insonorisants de Garvan o\u00f9 le design et l'attention aux d\u00e9tails sont combin\u00e9s avec un pouvoir insonorisant \u00e9lev\u00e9.","breadcrumb":{"@id":"https:\/\/www.garvanacoustic.com\/fr\/non-classifiee\/voulez-vous-reduire-le-bruit-et-la-reverberation-avec-style\/#breadcrumb"},"inLanguage":"fr-FR","potentialAction":[{"@type":"ReadAction","target":["https:\/\/www.garvanacoustic.com\/fr\/non-classifiee\/voulez-vous-reduire-le-bruit-et-la-reverberation-avec-style\/"]}]},{"@type":"ImageObject","inLanguage":"fr-FR","@id":"https:\/\/www.garvanacoustic.com\/fr\/non-classifiee\/voulez-vous-reduire-le-bruit-et-la-reverberation-avec-style\/#primaryimage","url":"https:\/\/www.garvanacoustic.com\/wp-content\/uploads\/2020\/08\/ec3b3b4a35ff59ea1f1aab8b030e7232_117680481_3338316426206808_3994552913558793810_o.jpg","contentUrl":"https:\/\/www.garvanacoustic.com\/wp-content\/uploads\/2020\/08\/ec3b3b4a35ff59ea1f1aab8b030e7232_117680481_3338316426206808_3994552913558793810_o.jpg","width":720,"height":436},{"@type":"BreadcrumbList","@id":"https:\/\/www.garvanacoustic.com\/fr\/non-classifiee\/voulez-vous-reduire-le-bruit-et-la-reverberation-avec-style\/#breadcrumb","itemListElement":[{"@type":"ListItem","position":1,"name":"Home","item":"https:\/\/www.garvanacoustic.com\/fr\/"},{"@type":"ListItem","position":2,"name":"Voulez-vous r\u00e9duire le bruit et la r\u00e9verb\u00e9ration avec style?"}]},{"@type":"WebSite","@id":"https:\/\/www.garvanacoustic.com\/fr\/#website","url":"https:\/\/www.garvanacoustic.com\/fr\/","name":"Garvan Acoustic","description":"Diffusori e trattamento acustico: scopri la qualit\u00e0 del Made in Italy","publisher":{"@id":"https:\/\/www.garvanacoustic.com\/fr\/#organization"},"potentialAction":[{"@type":"SearchAction","target":{"@type":"EntryPoint","urlTemplate":"https:\/\/www.garvanacoustic.com\/fr\/?s={search_term_string}"},"query-input":{"@type":"PropertyValueSpecification","valueRequired":true,"valueName":"search_term_string"}}],"inLanguage":"fr-FR"},{"@type":"Organization","@id":"https:\/\/www.garvanacoustic.com\/fr\/#organization","name":"Garvan Acoustic","url":"https:\/\/www.garvanacoustic.com\/fr\/","logo":{"@type":"ImageObject","inLanguage":"fr-FR","@id":"https:\/\/www.garvanacoustic.com\/fr\/#\/schema\/logo\/image\/","url":"https:\/\/www.garvanacoustic.com\/wp-content\/uploads\/2018\/07\/garvan-acoustic-logo.png","contentUrl":"https:\/\/www.garvanacoustic.com\/wp-content\/uploads\/2018\/07\/garvan-acoustic-logo.png","width":400,"height":161,"caption":"Garvan Acoustic"},"image":{"@id":"https:\/\/www.garvanacoustic.com\/fr\/#\/schema\/logo\/image\/"},"sameAs":["https:\/\/www.facebook.com\/garvanacoustic","https:\/\/www.instagram.com\/garvanacoustic\/"],"description":"Produttori di Diffusori Acustici e Pannelli Fonoassorbenti Made in Italy","email":"garvan@garvanacoustic.com","telephone":"0546 682097"},{"@type":"Person","@id":"https:\/\/www.garvanacoustic.com\/fr\/#\/schema\/person\/6a1c1645f07f7a0aa5e018c2f909f355","name":"Tommaso Minardi","image":{"@type":"ImageObject","inLanguage":"fr-FR","@id":"https:\/\/secure.gravatar.com\/avatar\/8c401eaabbdcdfbe0fe41e1798828bd51d99183ae86864950e8146a9c5cf079d?s=96&d=mm&r=g","url":"https:\/\/secure.gravatar.com\/avatar\/8c401eaabbdcdfbe0fe41e1798828bd51d99183ae86864950e8146a9c5cf079d?s=96&d=mm&r=g","contentUrl":"https:\/\/secure.gravatar.com\/avatar\/8c401eaabbdcdfbe0fe41e1798828bd51d99183ae86864950e8146a9c5cf079d?s=96&d=mm&r=g","caption":"Tommaso Minardi"},"url":"https:\/\/www.garvanacoustic.com\/fr\/author\/studioin3\/"}]}},"_links":{"self":[{"href":"https:\/\/www.garvanacoustic.com\/fr\/wp-json\/wp\/v2\/posts\/46313","targetHints":{"allow":["GET"]}}],"collection":[{"href":"https:\/\/www.garvanacoustic.com\/fr\/wp-json\/wp\/v2\/posts"}],"about":[{"href":"https:\/\/www.garvanacoustic.com\/fr\/wp-json\/wp\/v2\/types\/post"}],"author":[{"embeddable":true,"href":"https:\/\/www.garvanacoustic.com\/fr\/wp-json\/wp\/v2\/users\/8"}],"replies":[{"embeddable":true,"href":"https:\/\/www.garvanacoustic.com\/fr\/wp-json\/wp\/v2\/comments?post=46313"}],"version-history":[{"count":2,"href":"https:\/\/www.garvanacoustic.com\/fr\/wp-json\/wp\/v2\/posts\/46313\/revisions"}],"predecessor-version":[{"id":46317,"href":"https:\/\/www.garvanacoustic.com\/fr\/wp-json\/wp\/v2\/posts\/46313\/revisions\/46317"}],"wp:featuredmedia":[{"embeddable":true,"href":"https:\/\/www.garvanacoustic.com\/fr\/wp-json\/wp\/v2\/media\/37337"}],"wp:attachment":[{"href":"https:\/\/www.garvanacoustic.com\/fr\/wp-json\/wp\/v2\/media?parent=46313"}],"wp:term":[{"taxonomy":"category","embeddable":true,"href":"https:\/\/www.garvanacoustic.com\/fr\/wp-json\/wp\/v2\/categories?post=46313"},{"taxonomy":"post_tag","embeddable":true,"href":"https:\/\/www.garvanacoustic.com\/fr\/wp-json\/wp\/v2\/tags?post=46313"}],"curies":[{"name":"wp","href":"https:\/\/api.w.org\/{rel}","templated":true}]}}