{"id":53869,"date":"2021-12-08T13:25:49","date_gmt":"2021-12-08T12:25:49","guid":{"rendered":"https:\/\/www.garvanacoustic.com\/?p=53869"},"modified":"2022-04-15T13:28:09","modified_gmt":"2022-04-15T11:28:09","slug":"les-enceinte-goccia-dans-la-serie-ritoccati","status":"publish","type":"post","link":"https:\/\/www.garvanacoustic.com\/fr\/references-fr-2\/films-et-serie-tele\/les-enceinte-goccia-dans-la-serie-ritoccati\/","title":{"rendered":"Les enceinte Goccia dans la s\u00e9rie \u00ab\u00a0Ritoccati\u00a0\u00bb"},"content":{"rendered":"<section class=\"no-padding\"><div class=\"container\"><div class=\"row\"><div class=\"wpb_column hcode-column-container  col-xs-mobile-fullwidth\" data-front-class=\"col-xs-mobile-fullwidth front-column-class\"><div class=\"vc-column-innner-wrapper\"><p>Les enceintes en c\u00e9ramique Goccia sont pr\u00e9sentes sur la sc\u00e8ne de \u00ab Ritoccati \u00bb, la s\u00e9rie italienne r\u00e9alis\u00e9e par Alessandro Guida consacr\u00e9e \u00e0 la chirurgie esth\u00e9tique, diffus\u00e9e sur Sky.<\/p>\n<p>Les haut-parleurs en c\u00e9ramique de Garvan Acoustic enrichissent le cabinet du c\u00e9l\u00e8bre chirurgien plasticien, le professeur Giulio Basoccu.<\/p>\n<p><a href=\"\/?page_id=26665\">D\u00e9couvrez la collection Goccia de Garvan Acoustic !<\/a><\/p>\n<\/div><\/div><\/div><\/div><\/section>","protected":false},"excerpt":{"rendered":"<p>Les enceintes en c\u00e9ramique Goccia sont pr\u00e9sentes sur la sc\u00e8ne de \u00ab Ritoccati \u00bb, la s\u00e9rie italienne r\u00e9alis\u00e9e par Alessandro Guida consacr\u00e9e \u00e0 la chirurgie esth\u00e9tique, diffus\u00e9e sur Sky. Les haut-parleurs en c\u00e9ramique de Garvan Acoustic enrichissent le cabinet du c\u00e9l\u00e8bre chirurgien plasticien, le professeur Giulio Basoccu. D\u00e9couvrez la collection Goccia de Garvan Acoustic !<\/p>\n","protected":false},"author":8,"featured_media":51464,"comment_status":"open","ping_status":"open","sticky":false,"template":"","format":"image","meta":{"_joinchat":[],"footnotes":""},"categories":[1515],"tags":[],"class_list":["post-53869","post","type-post","status-publish","format-image","has-post-thumbnail","hentry","category-films-et-serie-tele","post_format-post-format-image"],"yoast_head":"<!-- This site is optimized with the Yoast SEO Premium plugin v27.4 (Yoast SEO v27.4) - https:\/\/yoast.com\/product\/yoast-seo-premium-wordpress\/ -->\n<title>Les enceinte Goccia dans la s\u00e9rie &quot;Ritoccati&quot; - Garvan Acoustic<\/title>\n<meta name=\"description\" content=\"Les enceintes en c\u00e9ramique Goccia sont pr\u00e9sentes sur la sc\u00e8ne de \u00ab Ritoccati \u00bb, la s\u00e9rie italienne r\u00e9alis\u00e9e par Alessandro Guida.\" \/>\n<meta name=\"robots\" content=\"index, follow, max-snippet:-1, max-image-preview:large, max-video-preview:-1\" \/>\n<link rel=\"canonical\" href=\"https:\/\/www.garvanacoustic.com\/fr\/references-fr-2\/films-et-serie-tele\/les-enceinte-goccia-dans-la-serie-ritoccati\/\" \/>\n<meta property=\"og:locale\" content=\"fr_FR\" \/>\n<meta property=\"og:type\" content=\"article\" \/>\n<meta property=\"og:title\" content=\"Les enceinte Goccia dans la s\u00e9rie &quot;Ritoccati&quot;\" \/>\n<meta property=\"og:description\" content=\"Les enceintes en c\u00e9ramique Goccia sont pr\u00e9sentes sur la sc\u00e8ne de \u00ab Ritoccati \u00bb, la s\u00e9rie italienne r\u00e9alis\u00e9e par Alessandro Guida.\" \/>\n<meta property=\"og:url\" content=\"https:\/\/www.garvanacoustic.com\/fr\/references-fr-2\/films-et-serie-tele\/les-enceinte-goccia-dans-la-serie-ritoccati\/\" \/>\n<meta property=\"og:site_name\" content=\"Garvan Acoustic\" \/>\n<meta property=\"article:publisher\" content=\"https:\/\/www.facebook.com\/garvanacoustic\" \/>\n<meta property=\"article:published_time\" content=\"2021-12-08T12:25:49+00:00\" \/>\n<meta property=\"article:modified_time\" content=\"2022-04-15T11:28:09+00:00\" \/>\n<meta property=\"og:image\" content=\"https:\/\/www.garvanacoustic.com\/wp-content\/uploads\/2021\/12\/ritoccati.jpg\" \/>\n\t<meta property=\"og:image:width\" content=\"760\" \/>\n\t<meta property=\"og:image:height\" content=\"570\" \/>\n\t<meta property=\"og:image:type\" content=\"image\/jpeg\" \/>\n<meta name=\"author\" content=\"Tommaso Minardi\" \/>\n<meta name=\"twitter:card\" content=\"summary_large_image\" \/>\n<meta name=\"twitter:label1\" content=\"\u00c9crit par\" \/>\n\t<meta name=\"twitter:data1\" content=\"Tommaso Minardi\" \/>\n<script type=\"application\/ld+json\" class=\"yoast-schema-graph\">{\"@context\":\"https:\\\/\\\/schema.org\",\"@graph\":[{\"@type\":\"Article\",\"@id\":\"https:\\\/\\\/www.garvanacoustic.com\\\/fr\\\/references-fr-2\\\/films-et-serie-tele\\\/les-enceinte-goccia-dans-la-serie-ritoccati\\\/#article\",\"isPartOf\":{\"@id\":\"https:\\\/\\\/www.garvanacoustic.com\\\/fr\\\/references-fr-2\\\/films-et-serie-tele\\\/les-enceinte-goccia-dans-la-serie-ritoccati\\\/\"},\"author\":{\"name\":\"Tommaso Minardi\",\"@id\":\"https:\\\/\\\/www.garvanacoustic.com\\\/fr\\\/#\\\/schema\\\/person\\\/6a1c1645f07f7a0aa5e018c2f909f355\"},\"headline\":\"Les enceinte Goccia dans la s\u00e9rie \u00ab\u00a0Ritoccati\u00a0\u00bb\",\"datePublished\":\"2021-12-08T12:25:49+00:00\",\"dateModified\":\"2022-04-15T11:28:09+00:00\",\"mainEntityOfPage\":{\"@id\":\"https:\\\/\\\/www.garvanacoustic.com\\\/fr\\\/references-fr-2\\\/films-et-serie-tele\\\/les-enceinte-goccia-dans-la-serie-ritoccati\\\/\"},\"wordCount\":91,\"commentCount\":0,\"publisher\":{\"@id\":\"https:\\\/\\\/www.garvanacoustic.com\\\/fr\\\/#organization\"},\"image\":{\"@id\":\"https:\\\/\\\/www.garvanacoustic.com\\\/fr\\\/references-fr-2\\\/films-et-serie-tele\\\/les-enceinte-goccia-dans-la-serie-ritoccati\\\/#primaryimage\"},\"thumbnailUrl\":\"https:\\\/\\\/www.garvanacoustic.com\\\/wp-content\\\/uploads\\\/2021\\\/12\\\/ritoccati.jpg\",\"articleSection\":[\"Films et s\u00e9rie t\u00e9l\u00e9\"],\"inLanguage\":\"fr-FR\",\"potentialAction\":[{\"@type\":\"CommentAction\",\"name\":\"Comment\",\"target\":[\"https:\\\/\\\/www.garvanacoustic.com\\\/fr\\\/references-fr-2\\\/films-et-serie-tele\\\/les-enceinte-goccia-dans-la-serie-ritoccati\\\/#respond\"]}]},{\"@type\":\"WebPage\",\"@id\":\"https:\\\/\\\/www.garvanacoustic.com\\\/fr\\\/references-fr-2\\\/films-et-serie-tele\\\/les-enceinte-goccia-dans-la-serie-ritoccati\\\/\",\"url\":\"https:\\\/\\\/www.garvanacoustic.com\\\/fr\\\/references-fr-2\\\/films-et-serie-tele\\\/les-enceinte-goccia-dans-la-serie-ritoccati\\\/\",\"name\":\"Les enceinte Goccia dans la s\u00e9rie \\\"Ritoccati\\\" - Garvan Acoustic\",\"isPartOf\":{\"@id\":\"https:\\\/\\\/www.garvanacoustic.com\\\/fr\\\/#website\"},\"primaryImageOfPage\":{\"@id\":\"https:\\\/\\\/www.garvanacoustic.com\\\/fr\\\/references-fr-2\\\/films-et-serie-tele\\\/les-enceinte-goccia-dans-la-serie-ritoccati\\\/#primaryimage\"},\"image\":{\"@id\":\"https:\\\/\\\/www.garvanacoustic.com\\\/fr\\\/references-fr-2\\\/films-et-serie-tele\\\/les-enceinte-goccia-dans-la-serie-ritoccati\\\/#primaryimage\"},\"thumbnailUrl\":\"https:\\\/\\\/www.garvanacoustic.com\\\/wp-content\\\/uploads\\\/2021\\\/12\\\/ritoccati.jpg\",\"datePublished\":\"2021-12-08T12:25:49+00:00\",\"dateModified\":\"2022-04-15T11:28:09+00:00\",\"description\":\"Les enceintes en c\u00e9ramique Goccia sont pr\u00e9sentes sur la sc\u00e8ne de \u00ab Ritoccati \u00bb, la s\u00e9rie italienne r\u00e9alis\u00e9e par Alessandro Guida.\",\"breadcrumb\":{\"@id\":\"https:\\\/\\\/www.garvanacoustic.com\\\/fr\\\/references-fr-2\\\/films-et-serie-tele\\\/les-enceinte-goccia-dans-la-serie-ritoccati\\\/#breadcrumb\"},\"inLanguage\":\"fr-FR\",\"potentialAction\":[{\"@type\":\"ReadAction\",\"target\":[\"https:\\\/\\\/www.garvanacoustic.com\\\/fr\\\/references-fr-2\\\/films-et-serie-tele\\\/les-enceinte-goccia-dans-la-serie-ritoccati\\\/\"]}]},{\"@type\":\"ImageObject\",\"inLanguage\":\"fr-FR\",\"@id\":\"https:\\\/\\\/www.garvanacoustic.com\\\/fr\\\/references-fr-2\\\/films-et-serie-tele\\\/les-enceinte-goccia-dans-la-serie-ritoccati\\\/#primaryimage\",\"url\":\"https:\\\/\\\/www.garvanacoustic.com\\\/wp-content\\\/uploads\\\/2021\\\/12\\\/ritoccati.jpg\",\"contentUrl\":\"https:\\\/\\\/www.garvanacoustic.com\\\/wp-content\\\/uploads\\\/2021\\\/12\\\/ritoccati.jpg\",\"width\":760,\"height\":570,\"caption\":\"Goccia nella serie Sky \\\"Ritoccati\\\"\"},{\"@type\":\"BreadcrumbList\",\"@id\":\"https:\\\/\\\/www.garvanacoustic.com\\\/fr\\\/references-fr-2\\\/films-et-serie-tele\\\/les-enceinte-goccia-dans-la-serie-ritoccati\\\/#breadcrumb\",\"itemListElement\":[{\"@type\":\"ListItem\",\"position\":1,\"name\":\"Home\",\"item\":\"https:\\\/\\\/www.garvanacoustic.com\\\/fr\\\/\"},{\"@type\":\"ListItem\",\"position\":2,\"name\":\"Les enceinte Goccia dans la s\u00e9rie &#8220;Ritoccati&#8221;\"}]},{\"@type\":\"WebSite\",\"@id\":\"https:\\\/\\\/www.garvanacoustic.com\\\/fr\\\/#website\",\"url\":\"https:\\\/\\\/www.garvanacoustic.com\\\/fr\\\/\",\"name\":\"Garvan Acoustic\",\"description\":\"Diffusori e trattamento acustico: scopri la qualit\u00e0 del Made in Italy\",\"publisher\":{\"@id\":\"https:\\\/\\\/www.garvanacoustic.com\\\/fr\\\/#organization\"},\"potentialAction\":[{\"@type\":\"SearchAction\",\"target\":{\"@type\":\"EntryPoint\",\"urlTemplate\":\"https:\\\/\\\/www.garvanacoustic.com\\\/fr\\\/?s={search_term_string}\"},\"query-input\":{\"@type\":\"PropertyValueSpecification\",\"valueRequired\":true,\"valueName\":\"search_term_string\"}}],\"inLanguage\":\"fr-FR\"},{\"@type\":\"Organization\",\"@id\":\"https:\\\/\\\/www.garvanacoustic.com\\\/fr\\\/#organization\",\"name\":\"Garvan Acoustic\",\"url\":\"https:\\\/\\\/www.garvanacoustic.com\\\/fr\\\/\",\"logo\":{\"@type\":\"ImageObject\",\"inLanguage\":\"fr-FR\",\"@id\":\"https:\\\/\\\/www.garvanacoustic.com\\\/fr\\\/#\\\/schema\\\/logo\\\/image\\\/\",\"url\":\"https:\\\/\\\/www.garvanacoustic.com\\\/wp-content\\\/uploads\\\/2018\\\/07\\\/garvan-acoustic-logo.png\",\"contentUrl\":\"https:\\\/\\\/www.garvanacoustic.com\\\/wp-content\\\/uploads\\\/2018\\\/07\\\/garvan-acoustic-logo.png\",\"width\":400,\"height\":161,\"caption\":\"Garvan Acoustic\"},\"image\":{\"@id\":\"https:\\\/\\\/www.garvanacoustic.com\\\/fr\\\/#\\\/schema\\\/logo\\\/image\\\/\"},\"sameAs\":[\"https:\\\/\\\/www.facebook.com\\\/garvanacoustic\",\"https:\\\/\\\/www.instagram.com\\\/garvanacoustic\\\/\"],\"description\":\"Produttori di Diffusori Acustici e Pannelli Fonoassorbenti Made in Italy\",\"email\":\"garvan@garvanacoustic.com\",\"telephone\":\"0546 682097\"},{\"@type\":\"Person\",\"@id\":\"https:\\\/\\\/www.garvanacoustic.com\\\/fr\\\/#\\\/schema\\\/person\\\/6a1c1645f07f7a0aa5e018c2f909f355\",\"name\":\"Tommaso Minardi\",\"image\":{\"@type\":\"ImageObject\",\"inLanguage\":\"fr-FR\",\"@id\":\"https:\\\/\\\/secure.gravatar.com\\\/avatar\\\/8c401eaabbdcdfbe0fe41e1798828bd51d99183ae86864950e8146a9c5cf079d?s=96&d=mm&r=g\",\"url\":\"https:\\\/\\\/secure.gravatar.com\\\/avatar\\\/8c401eaabbdcdfbe0fe41e1798828bd51d99183ae86864950e8146a9c5cf079d?s=96&d=mm&r=g\",\"contentUrl\":\"https:\\\/\\\/secure.gravatar.com\\\/avatar\\\/8c401eaabbdcdfbe0fe41e1798828bd51d99183ae86864950e8146a9c5cf079d?s=96&d=mm&r=g\",\"caption\":\"Tommaso Minardi\"},\"url\":\"https:\\\/\\\/www.garvanacoustic.com\\\/fr\\\/author\\\/studioin3\\\/\"}]}<\/script>\n<!-- \/ Yoast SEO Premium plugin. -->","yoast_head_json":{"title":"Les enceinte Goccia dans la s\u00e9rie \"Ritoccati\" - Garvan Acoustic","description":"Les enceintes en c\u00e9ramique Goccia sont pr\u00e9sentes sur la sc\u00e8ne de \u00ab Ritoccati \u00bb, la s\u00e9rie italienne r\u00e9alis\u00e9e par Alessandro Guida.","robots":{"index":"index","follow":"follow","max-snippet":"max-snippet:-1","max-image-preview":"max-image-preview:large","max-video-preview":"max-video-preview:-1"},"canonical":"https:\/\/www.garvanacoustic.com\/fr\/references-fr-2\/films-et-serie-tele\/les-enceinte-goccia-dans-la-serie-ritoccati\/","og_locale":"fr_FR","og_type":"article","og_title":"Les enceinte Goccia dans la s\u00e9rie \"Ritoccati\"","og_description":"Les enceintes en c\u00e9ramique Goccia sont pr\u00e9sentes sur la sc\u00e8ne de \u00ab Ritoccati \u00bb, la s\u00e9rie italienne r\u00e9alis\u00e9e par Alessandro Guida.","og_url":"https:\/\/www.garvanacoustic.com\/fr\/references-fr-2\/films-et-serie-tele\/les-enceinte-goccia-dans-la-serie-ritoccati\/","og_site_name":"Garvan Acoustic","article_publisher":"https:\/\/www.facebook.com\/garvanacoustic","article_published_time":"2021-12-08T12:25:49+00:00","article_modified_time":"2022-04-15T11:28:09+00:00","og_image":[{"width":760,"height":570,"url":"https:\/\/www.garvanacoustic.com\/wp-content\/uploads\/2021\/12\/ritoccati.jpg","type":"image\/jpeg"}],"author":"Tommaso Minardi","twitter_card":"summary_large_image","twitter_misc":{"\u00c9crit par":"Tommaso Minardi"},"schema":{"@context":"https:\/\/schema.org","@graph":[{"@type":"Article","@id":"https:\/\/www.garvanacoustic.com\/fr\/references-fr-2\/films-et-serie-tele\/les-enceinte-goccia-dans-la-serie-ritoccati\/#article","isPartOf":{"@id":"https:\/\/www.garvanacoustic.com\/fr\/references-fr-2\/films-et-serie-tele\/les-enceinte-goccia-dans-la-serie-ritoccati\/"},"author":{"name":"Tommaso Minardi","@id":"https:\/\/www.garvanacoustic.com\/fr\/#\/schema\/person\/6a1c1645f07f7a0aa5e018c2f909f355"},"headline":"Les enceinte Goccia dans la s\u00e9rie \u00ab\u00a0Ritoccati\u00a0\u00bb","datePublished":"2021-12-08T12:25:49+00:00","dateModified":"2022-04-15T11:28:09+00:00","mainEntityOfPage":{"@id":"https:\/\/www.garvanacoustic.com\/fr\/references-fr-2\/films-et-serie-tele\/les-enceinte-goccia-dans-la-serie-ritoccati\/"},"wordCount":91,"commentCount":0,"publisher":{"@id":"https:\/\/www.garvanacoustic.com\/fr\/#organization"},"image":{"@id":"https:\/\/www.garvanacoustic.com\/fr\/references-fr-2\/films-et-serie-tele\/les-enceinte-goccia-dans-la-serie-ritoccati\/#primaryimage"},"thumbnailUrl":"https:\/\/www.garvanacoustic.com\/wp-content\/uploads\/2021\/12\/ritoccati.jpg","articleSection":["Films et s\u00e9rie t\u00e9l\u00e9"],"inLanguage":"fr-FR","potentialAction":[{"@type":"CommentAction","name":"Comment","target":["https:\/\/www.garvanacoustic.com\/fr\/references-fr-2\/films-et-serie-tele\/les-enceinte-goccia-dans-la-serie-ritoccati\/#respond"]}]},{"@type":"WebPage","@id":"https:\/\/www.garvanacoustic.com\/fr\/references-fr-2\/films-et-serie-tele\/les-enceinte-goccia-dans-la-serie-ritoccati\/","url":"https:\/\/www.garvanacoustic.com\/fr\/references-fr-2\/films-et-serie-tele\/les-enceinte-goccia-dans-la-serie-ritoccati\/","name":"Les enceinte Goccia dans la s\u00e9rie \"Ritoccati\" - Garvan Acoustic","isPartOf":{"@id":"https:\/\/www.garvanacoustic.com\/fr\/#website"},"primaryImageOfPage":{"@id":"https:\/\/www.garvanacoustic.com\/fr\/references-fr-2\/films-et-serie-tele\/les-enceinte-goccia-dans-la-serie-ritoccati\/#primaryimage"},"image":{"@id":"https:\/\/www.garvanacoustic.com\/fr\/references-fr-2\/films-et-serie-tele\/les-enceinte-goccia-dans-la-serie-ritoccati\/#primaryimage"},"thumbnailUrl":"https:\/\/www.garvanacoustic.com\/wp-content\/uploads\/2021\/12\/ritoccati.jpg","datePublished":"2021-12-08T12:25:49+00:00","dateModified":"2022-04-15T11:28:09+00:00","description":"Les enceintes en c\u00e9ramique Goccia sont pr\u00e9sentes sur la sc\u00e8ne de \u00ab Ritoccati \u00bb, la s\u00e9rie italienne r\u00e9alis\u00e9e par Alessandro Guida.","breadcrumb":{"@id":"https:\/\/www.garvanacoustic.com\/fr\/references-fr-2\/films-et-serie-tele\/les-enceinte-goccia-dans-la-serie-ritoccati\/#breadcrumb"},"inLanguage":"fr-FR","potentialAction":[{"@type":"ReadAction","target":["https:\/\/www.garvanacoustic.com\/fr\/references-fr-2\/films-et-serie-tele\/les-enceinte-goccia-dans-la-serie-ritoccati\/"]}]},{"@type":"ImageObject","inLanguage":"fr-FR","@id":"https:\/\/www.garvanacoustic.com\/fr\/references-fr-2\/films-et-serie-tele\/les-enceinte-goccia-dans-la-serie-ritoccati\/#primaryimage","url":"https:\/\/www.garvanacoustic.com\/wp-content\/uploads\/2021\/12\/ritoccati.jpg","contentUrl":"https:\/\/www.garvanacoustic.com\/wp-content\/uploads\/2021\/12\/ritoccati.jpg","width":760,"height":570,"caption":"Goccia nella serie Sky \"Ritoccati\""},{"@type":"BreadcrumbList","@id":"https:\/\/www.garvanacoustic.com\/fr\/references-fr-2\/films-et-serie-tele\/les-enceinte-goccia-dans-la-serie-ritoccati\/#breadcrumb","itemListElement":[{"@type":"ListItem","position":1,"name":"Home","item":"https:\/\/www.garvanacoustic.com\/fr\/"},{"@type":"ListItem","position":2,"name":"Les enceinte Goccia dans la s\u00e9rie &#8220;Ritoccati&#8221;"}]},{"@type":"WebSite","@id":"https:\/\/www.garvanacoustic.com\/fr\/#website","url":"https:\/\/www.garvanacoustic.com\/fr\/","name":"Garvan Acoustic","description":"Diffusori e trattamento acustico: scopri la qualit\u00e0 del Made in Italy","publisher":{"@id":"https:\/\/www.garvanacoustic.com\/fr\/#organization"},"potentialAction":[{"@type":"SearchAction","target":{"@type":"EntryPoint","urlTemplate":"https:\/\/www.garvanacoustic.com\/fr\/?s={search_term_string}"},"query-input":{"@type":"PropertyValueSpecification","valueRequired":true,"valueName":"search_term_string"}}],"inLanguage":"fr-FR"},{"@type":"Organization","@id":"https:\/\/www.garvanacoustic.com\/fr\/#organization","name":"Garvan Acoustic","url":"https:\/\/www.garvanacoustic.com\/fr\/","logo":{"@type":"ImageObject","inLanguage":"fr-FR","@id":"https:\/\/www.garvanacoustic.com\/fr\/#\/schema\/logo\/image\/","url":"https:\/\/www.garvanacoustic.com\/wp-content\/uploads\/2018\/07\/garvan-acoustic-logo.png","contentUrl":"https:\/\/www.garvanacoustic.com\/wp-content\/uploads\/2018\/07\/garvan-acoustic-logo.png","width":400,"height":161,"caption":"Garvan Acoustic"},"image":{"@id":"https:\/\/www.garvanacoustic.com\/fr\/#\/schema\/logo\/image\/"},"sameAs":["https:\/\/www.facebook.com\/garvanacoustic","https:\/\/www.instagram.com\/garvanacoustic\/"],"description":"Produttori di Diffusori Acustici e Pannelli Fonoassorbenti Made in Italy","email":"garvan@garvanacoustic.com","telephone":"0546 682097"},{"@type":"Person","@id":"https:\/\/www.garvanacoustic.com\/fr\/#\/schema\/person\/6a1c1645f07f7a0aa5e018c2f909f355","name":"Tommaso Minardi","image":{"@type":"ImageObject","inLanguage":"fr-FR","@id":"https:\/\/secure.gravatar.com\/avatar\/8c401eaabbdcdfbe0fe41e1798828bd51d99183ae86864950e8146a9c5cf079d?s=96&d=mm&r=g","url":"https:\/\/secure.gravatar.com\/avatar\/8c401eaabbdcdfbe0fe41e1798828bd51d99183ae86864950e8146a9c5cf079d?s=96&d=mm&r=g","contentUrl":"https:\/\/secure.gravatar.com\/avatar\/8c401eaabbdcdfbe0fe41e1798828bd51d99183ae86864950e8146a9c5cf079d?s=96&d=mm&r=g","caption":"Tommaso Minardi"},"url":"https:\/\/www.garvanacoustic.com\/fr\/author\/studioin3\/"}]}},"_links":{"self":[{"href":"https:\/\/www.garvanacoustic.com\/fr\/wp-json\/wp\/v2\/posts\/53869","targetHints":{"allow":["GET"]}}],"collection":[{"href":"https:\/\/www.garvanacoustic.com\/fr\/wp-json\/wp\/v2\/posts"}],"about":[{"href":"https:\/\/www.garvanacoustic.com\/fr\/wp-json\/wp\/v2\/types\/post"}],"author":[{"embeddable":true,"href":"https:\/\/www.garvanacoustic.com\/fr\/wp-json\/wp\/v2\/users\/8"}],"replies":[{"embeddable":true,"href":"https:\/\/www.garvanacoustic.com\/fr\/wp-json\/wp\/v2\/comments?post=53869"}],"version-history":[{"count":4,"href":"https:\/\/www.garvanacoustic.com\/fr\/wp-json\/wp\/v2\/posts\/53869\/revisions"}],"predecessor-version":[{"id":53873,"href":"https:\/\/www.garvanacoustic.com\/fr\/wp-json\/wp\/v2\/posts\/53869\/revisions\/53873"}],"wp:featuredmedia":[{"embeddable":true,"href":"https:\/\/www.garvanacoustic.com\/fr\/wp-json\/wp\/v2\/media\/51464"}],"wp:attachment":[{"href":"https:\/\/www.garvanacoustic.com\/fr\/wp-json\/wp\/v2\/media?parent=53869"}],"wp:term":[{"taxonomy":"category","embeddable":true,"href":"https:\/\/www.garvanacoustic.com\/fr\/wp-json\/wp\/v2\/categories?post=53869"},{"taxonomy":"post_tag","embeddable":true,"href":"https:\/\/www.garvanacoustic.com\/fr\/wp-json\/wp\/v2\/tags?post=53869"}],"curies":[{"name":"wp","href":"https:\/\/api.w.org\/{rel}","templated":true}]}}