{"id":67258,"date":"2019-12-17T10:44:59","date_gmt":"2019-12-17T09:44:59","guid":{"rendered":"https:\/\/www.garvanacoustic.com\/?p=67258"},"modified":"2024-03-12T22:05:38","modified_gmt":"2024-03-12T21:05:38","slug":"prix-de-la-jeune-entreprise-entre-linnovation-et-lavenir","status":"publish","type":"post","link":"https:\/\/www.garvanacoustic.com\/fr\/non-classifiee\/prix-de-la-jeune-entreprise-entre-linnovation-et-lavenir\/","title":{"rendered":"Prix de la jeune entreprise entre l&rsquo;innovation et l&rsquo;avenir"},"content":{"rendered":"<section class=\"no-padding\"><div class=\"container\"><div class=\"wpb_column hcode-column-container vc_col-sm-6 col-xs-mobile-fullwidth\" data-front-class=\"col-xs-mobile-fullwidth\"><div class=\"vc-column-innner-wrapper\"><div  class=\"lightbox-gallery\"><div class=\"col-md-12 col-sm-12no-padding \"><a href=\"https:\/\/www.garvanacoustic.com\/wp-content\/uploads\/2024\/03\/Premio-Confartigianato-2019.jpg\" class=\"lightboxgalleryitem\" data-group=\"default\" ><img decoding=\"async\" width=\"2050\" height=\"1435\" src=\"https:\/\/www.garvanacoustic.com\/wp-content\/uploads\/2024\/03\/Premio-Confartigianato-2019.jpg\" class=\"project-img-gallery\" alt=\"\" srcset=\"https:\/\/www.garvanacoustic.com\/wp-content\/uploads\/2024\/03\/Premio-Confartigianato-2019.jpg 2050w, https:\/\/www.garvanacoustic.com\/wp-content\/uploads\/2024\/03\/Premio-Confartigianato-2019-300x210.jpg 300w, https:\/\/www.garvanacoustic.com\/wp-content\/uploads\/2024\/03\/Premio-Confartigianato-2019-1024x717.jpg 1024w, https:\/\/www.garvanacoustic.com\/wp-content\/uploads\/2024\/03\/Premio-Confartigianato-2019-768x538.jpg 768w, https:\/\/www.garvanacoustic.com\/wp-content\/uploads\/2024\/03\/Premio-Confartigianato-2019-1536x1075.jpg 1536w, https:\/\/www.garvanacoustic.com\/wp-content\/uploads\/2024\/03\/Premio-Confartigianato-2019-2048x1434.jpg 2048w, https:\/\/www.garvanacoustic.com\/wp-content\/uploads\/2024\/03\/Premio-Confartigianato-2019-81x57.jpg 81w\" sizes=\"(max-width: 2050px) 100vw, 2050px\" \/><\/a><\/div><\/div><\/div><\/div><div class=\"wpb_column hcode-column-container vc_col-sm-6 col-xs-mobile-fullwidth\" data-front-class=\"col-xs-mobile-fullwidth\"><div class=\"vc-column-innner-wrapper\"><div  class=\"lightbox-gallery\"><div class=\"col-md-12 col-sm-12no-padding \"><a href=\"https:\/\/www.garvanacoustic.com\/wp-content\/uploads\/2024\/03\/Confart-2019-premiazione.jpg\" class=\"lightboxgalleryitem\" data-group=\"default\" ><img decoding=\"async\" width=\"960\" height=\"799\" src=\"https:\/\/www.garvanacoustic.com\/wp-content\/uploads\/2024\/03\/Confart-2019-premiazione.jpg\" class=\"project-img-gallery\" alt=\"\" srcset=\"https:\/\/www.garvanacoustic.com\/wp-content\/uploads\/2024\/03\/Confart-2019-premiazione.jpg 960w, https:\/\/www.garvanacoustic.com\/wp-content\/uploads\/2024\/03\/Confart-2019-premiazione-300x250.jpg 300w, https:\/\/www.garvanacoustic.com\/wp-content\/uploads\/2024\/03\/Confart-2019-premiazione-768x639.jpg 768w, https:\/\/www.garvanacoustic.com\/wp-content\/uploads\/2024\/03\/Confart-2019-premiazione-81x67.jpg 81w\" sizes=\"(max-width: 960px) 100vw, 960px\" \/><\/a><\/div><\/div><\/div><\/div><div class=\"wpb_column hcode-column-container vc_col-sm-12 col-xs-mobile-fullwidth\" data-front-class=\"col-xs-mobile-fullwidth\"><div class=\"vc-column-innner-wrapper\">[vc_empty_space]<p class=\"text-large\"><strong>\u00c9dition r\u00e9gionale 2019<\/strong><\/p>\n<p>L'entreprise Garvan a \u00e9t\u00e9 r\u00e9compens\u00e9e comme l'une des excellences de la province de Ravenne pour sa croissance \u00e9conomique, son emploi, son innovation et sa qualit\u00e9. Cette r\u00e9alisation importante souligne l'engagement constant de Garvan dans le d\u00e9veloppement et la recherche de nouveaux produits et solutions, qui la font appr\u00e9cier tant sur le march\u00e9 national qu'international. Garvan remercie tous ceux qui, avec passion et d\u00e9vouement, contribuent quotidiennement au succ\u00e8s commun et avec qui l'entreprise est heureuse de partager cette reconnaissance.<\/p>\n<\/div><\/div><\/div><\/section>","protected":false},"excerpt":{"rendered":"<p>[vc_empty_space]\u00c9dition r\u00e9gionale 2019 L&rsquo;entreprise Garvan a \u00e9t\u00e9 r\u00e9compens\u00e9e comme l&rsquo;une des excellences de la province de Ravenne pour sa croissance \u00e9conomique, son emploi, son innovation et sa qualit\u00e9. Cette r\u00e9alisation importante souligne l&rsquo;engagement constant de Garvan dans le d\u00e9veloppement et la recherche de nouveaux produits et solutions, qui la font appr\u00e9cier tant sur le march\u00e9 [&hellip;]<\/p>\n","protected":false},"author":11,"featured_media":30108,"comment_status":"closed","ping_status":"open","sticky":false,"template":"","format":"standard","meta":{"_joinchat":[],"footnotes":""},"categories":[101],"tags":[],"class_list":["post-67258","post","type-post","status-publish","format-standard","has-post-thumbnail","hentry","category-non-classifiee"],"yoast_head":"<!-- This site is optimized with the Yoast SEO Premium plugin v27.4 (Yoast SEO v27.4) - https:\/\/yoast.com\/product\/yoast-seo-premium-wordpress\/ -->\n<title>Prix de la jeune entreprise entre l&#039;innovation et l&#039;avenir - Garvan Acoustic<\/title>\n<meta name=\"description\" content=\"L&#039;association Confartigianato a remis \u00e0 Garvan un prix sp\u00e9cial pour son effort pour la croissance \u00e9conomique, l&#039;emploi dans la province de Ravenne.\" \/>\n<meta name=\"robots\" content=\"index, follow, max-snippet:-1, max-image-preview:large, max-video-preview:-1\" \/>\n<link rel=\"canonical\" href=\"https:\/\/www.garvanacoustic.com\/fr\/non-classifiee\/prix-de-la-jeune-entreprise-entre-linnovation-et-lavenir\/\" \/>\n<meta property=\"og:locale\" content=\"fr_FR\" \/>\n<meta property=\"og:type\" content=\"article\" \/>\n<meta property=\"og:title\" content=\"Prix de la jeune entreprise entre l&#039;innovation et l&#039;avenir\" \/>\n<meta property=\"og:description\" content=\"L&#039;association Confartigianato a remis \u00e0 Garvan un prix sp\u00e9cial pour son effort pour la croissance \u00e9conomique, l&#039;emploi dans la province de Ravenne.\" \/>\n<meta property=\"og:url\" content=\"https:\/\/www.garvanacoustic.com\/fr\/non-classifiee\/prix-de-la-jeune-entreprise-entre-linnovation-et-lavenir\/\" \/>\n<meta property=\"og:site_name\" content=\"Garvan Acoustic\" \/>\n<meta property=\"article:publisher\" content=\"https:\/\/www.facebook.com\/garvanacoustic\" \/>\n<meta property=\"article:published_time\" content=\"2019-12-17T09:44:59+00:00\" \/>\n<meta property=\"article:modified_time\" content=\"2024-03-12T21:05:38+00:00\" \/>\n<meta property=\"og:image\" content=\"https:\/\/www.garvanacoustic.com\/wp-content\/uploads\/2014\/01\/sviluppo-2014.jpg\" \/>\n\t<meta property=\"og:image:width\" content=\"1920\" \/>\n\t<meta property=\"og:image:height\" content=\"1200\" \/>\n\t<meta property=\"og:image:type\" content=\"image\/jpeg\" \/>\n<meta name=\"author\" content=\"artigiano\" \/>\n<meta name=\"twitter:card\" content=\"summary_large_image\" \/>\n<meta name=\"twitter:label1\" content=\"\u00c9crit par\" \/>\n\t<meta name=\"twitter:data1\" content=\"artigiano\" \/>\n\t<meta name=\"twitter:label2\" content=\"Dur\u00e9e de lecture estim\u00e9e\" \/>\n\t<meta name=\"twitter:data2\" content=\"1 minute\" \/>\n<script type=\"application\/ld+json\" class=\"yoast-schema-graph\">{\"@context\":\"https:\\\/\\\/schema.org\",\"@graph\":[{\"@type\":\"Article\",\"@id\":\"https:\\\/\\\/www.garvanacoustic.com\\\/fr\\\/non-classifiee\\\/prix-de-la-jeune-entreprise-entre-linnovation-et-lavenir\\\/#article\",\"isPartOf\":{\"@id\":\"https:\\\/\\\/www.garvanacoustic.com\\\/fr\\\/non-classifiee\\\/prix-de-la-jeune-entreprise-entre-linnovation-et-lavenir\\\/\"},\"author\":{\"name\":\"artigiano\",\"@id\":\"https:\\\/\\\/www.garvanacoustic.com\\\/fr\\\/#\\\/schema\\\/person\\\/6ff430ebd72eb07e33862b57a3efd894\"},\"headline\":\"Prix de la jeune entreprise entre l&rsquo;innovation et l&rsquo;avenir\",\"datePublished\":\"2019-12-17T09:44:59+00:00\",\"dateModified\":\"2024-03-12T21:05:38+00:00\",\"mainEntityOfPage\":{\"@id\":\"https:\\\/\\\/www.garvanacoustic.com\\\/fr\\\/non-classifiee\\\/prix-de-la-jeune-entreprise-entre-linnovation-et-lavenir\\\/\"},\"wordCount\":176,\"publisher\":{\"@id\":\"https:\\\/\\\/www.garvanacoustic.com\\\/fr\\\/#organization\"},\"image\":{\"@id\":\"https:\\\/\\\/www.garvanacoustic.com\\\/fr\\\/non-classifiee\\\/prix-de-la-jeune-entreprise-entre-linnovation-et-lavenir\\\/#primaryimage\"},\"thumbnailUrl\":\"https:\\\/\\\/www.garvanacoustic.com\\\/wp-content\\\/uploads\\\/2014\\\/01\\\/sviluppo-2014.jpg\",\"articleSection\":[\"Non classifi\u00e9(e)\"],\"inLanguage\":\"fr-FR\"},{\"@type\":\"WebPage\",\"@id\":\"https:\\\/\\\/www.garvanacoustic.com\\\/fr\\\/non-classifiee\\\/prix-de-la-jeune-entreprise-entre-linnovation-et-lavenir\\\/\",\"url\":\"https:\\\/\\\/www.garvanacoustic.com\\\/fr\\\/non-classifiee\\\/prix-de-la-jeune-entreprise-entre-linnovation-et-lavenir\\\/\",\"name\":\"Prix de la jeune entreprise entre l'innovation et l'avenir - Garvan Acoustic\",\"isPartOf\":{\"@id\":\"https:\\\/\\\/www.garvanacoustic.com\\\/fr\\\/#website\"},\"primaryImageOfPage\":{\"@id\":\"https:\\\/\\\/www.garvanacoustic.com\\\/fr\\\/non-classifiee\\\/prix-de-la-jeune-entreprise-entre-linnovation-et-lavenir\\\/#primaryimage\"},\"image\":{\"@id\":\"https:\\\/\\\/www.garvanacoustic.com\\\/fr\\\/non-classifiee\\\/prix-de-la-jeune-entreprise-entre-linnovation-et-lavenir\\\/#primaryimage\"},\"thumbnailUrl\":\"https:\\\/\\\/www.garvanacoustic.com\\\/wp-content\\\/uploads\\\/2014\\\/01\\\/sviluppo-2014.jpg\",\"datePublished\":\"2019-12-17T09:44:59+00:00\",\"dateModified\":\"2024-03-12T21:05:38+00:00\",\"description\":\"L'association Confartigianato a remis \u00e0 Garvan un prix sp\u00e9cial pour son effort pour la croissance \u00e9conomique, l'emploi dans la province de Ravenne.\",\"breadcrumb\":{\"@id\":\"https:\\\/\\\/www.garvanacoustic.com\\\/fr\\\/non-classifiee\\\/prix-de-la-jeune-entreprise-entre-linnovation-et-lavenir\\\/#breadcrumb\"},\"inLanguage\":\"fr-FR\",\"potentialAction\":[{\"@type\":\"ReadAction\",\"target\":[\"https:\\\/\\\/www.garvanacoustic.com\\\/fr\\\/non-classifiee\\\/prix-de-la-jeune-entreprise-entre-linnovation-et-lavenir\\\/\"]}]},{\"@type\":\"ImageObject\",\"inLanguage\":\"fr-FR\",\"@id\":\"https:\\\/\\\/www.garvanacoustic.com\\\/fr\\\/non-classifiee\\\/prix-de-la-jeune-entreprise-entre-linnovation-et-lavenir\\\/#primaryimage\",\"url\":\"https:\\\/\\\/www.garvanacoustic.com\\\/wp-content\\\/uploads\\\/2014\\\/01\\\/sviluppo-2014.jpg\",\"contentUrl\":\"https:\\\/\\\/www.garvanacoustic.com\\\/wp-content\\\/uploads\\\/2014\\\/01\\\/sviluppo-2014.jpg\",\"width\":1920,\"height\":1200},{\"@type\":\"BreadcrumbList\",\"@id\":\"https:\\\/\\\/www.garvanacoustic.com\\\/fr\\\/non-classifiee\\\/prix-de-la-jeune-entreprise-entre-linnovation-et-lavenir\\\/#breadcrumb\",\"itemListElement\":[{\"@type\":\"ListItem\",\"position\":1,\"name\":\"Home\",\"item\":\"https:\\\/\\\/www.garvanacoustic.com\\\/fr\\\/\"},{\"@type\":\"ListItem\",\"position\":2,\"name\":\"Prix de la jeune entreprise entre l&#8217;innovation et l&#8217;avenir\"}]},{\"@type\":\"WebSite\",\"@id\":\"https:\\\/\\\/www.garvanacoustic.com\\\/fr\\\/#website\",\"url\":\"https:\\\/\\\/www.garvanacoustic.com\\\/fr\\\/\",\"name\":\"Garvan Acoustic\",\"description\":\"Diffusori e trattamento acustico: scopri la qualit\u00e0 del Made in Italy\",\"publisher\":{\"@id\":\"https:\\\/\\\/www.garvanacoustic.com\\\/fr\\\/#organization\"},\"potentialAction\":[{\"@type\":\"SearchAction\",\"target\":{\"@type\":\"EntryPoint\",\"urlTemplate\":\"https:\\\/\\\/www.garvanacoustic.com\\\/fr\\\/?s={search_term_string}\"},\"query-input\":{\"@type\":\"PropertyValueSpecification\",\"valueRequired\":true,\"valueName\":\"search_term_string\"}}],\"inLanguage\":\"fr-FR\"},{\"@type\":\"Organization\",\"@id\":\"https:\\\/\\\/www.garvanacoustic.com\\\/fr\\\/#organization\",\"name\":\"Garvan Acoustic\",\"url\":\"https:\\\/\\\/www.garvanacoustic.com\\\/fr\\\/\",\"logo\":{\"@type\":\"ImageObject\",\"inLanguage\":\"fr-FR\",\"@id\":\"https:\\\/\\\/www.garvanacoustic.com\\\/fr\\\/#\\\/schema\\\/logo\\\/image\\\/\",\"url\":\"https:\\\/\\\/www.garvanacoustic.com\\\/wp-content\\\/uploads\\\/2018\\\/07\\\/garvan-acoustic-logo.png\",\"contentUrl\":\"https:\\\/\\\/www.garvanacoustic.com\\\/wp-content\\\/uploads\\\/2018\\\/07\\\/garvan-acoustic-logo.png\",\"width\":400,\"height\":161,\"caption\":\"Garvan Acoustic\"},\"image\":{\"@id\":\"https:\\\/\\\/www.garvanacoustic.com\\\/fr\\\/#\\\/schema\\\/logo\\\/image\\\/\"},\"sameAs\":[\"https:\\\/\\\/www.facebook.com\\\/garvanacoustic\",\"https:\\\/\\\/www.instagram.com\\\/garvanacoustic\\\/\"],\"description\":\"Produttori di Diffusori Acustici e Pannelli Fonoassorbenti Made in Italy\",\"email\":\"garvan@garvanacoustic.com\",\"telephone\":\"0546 682097\"},{\"@type\":\"Person\",\"@id\":\"https:\\\/\\\/www.garvanacoustic.com\\\/fr\\\/#\\\/schema\\\/person\\\/6ff430ebd72eb07e33862b57a3efd894\",\"name\":\"artigiano\",\"image\":{\"@type\":\"ImageObject\",\"inLanguage\":\"fr-FR\",\"@id\":\"https:\\\/\\\/secure.gravatar.com\\\/avatar\\\/435d84d0f64910211a3e5facb0097811767e6bf4e5c8988a895350929ecaa02a?s=96&d=mm&r=g\",\"url\":\"https:\\\/\\\/secure.gravatar.com\\\/avatar\\\/435d84d0f64910211a3e5facb0097811767e6bf4e5c8988a895350929ecaa02a?s=96&d=mm&r=g\",\"contentUrl\":\"https:\\\/\\\/secure.gravatar.com\\\/avatar\\\/435d84d0f64910211a3e5facb0097811767e6bf4e5c8988a895350929ecaa02a?s=96&d=mm&r=g\",\"caption\":\"artigiano\"},\"url\":\"https:\\\/\\\/www.garvanacoustic.com\\\/fr\\\/author\\\/artigianodigitale\\\/\"}]}<\/script>\n<!-- \/ Yoast SEO Premium plugin. -->","yoast_head_json":{"title":"Prix de la jeune entreprise entre l'innovation et l'avenir - Garvan Acoustic","description":"L'association Confartigianato a remis \u00e0 Garvan un prix sp\u00e9cial pour son effort pour la croissance \u00e9conomique, l'emploi dans la province de Ravenne.","robots":{"index":"index","follow":"follow","max-snippet":"max-snippet:-1","max-image-preview":"max-image-preview:large","max-video-preview":"max-video-preview:-1"},"canonical":"https:\/\/www.garvanacoustic.com\/fr\/non-classifiee\/prix-de-la-jeune-entreprise-entre-linnovation-et-lavenir\/","og_locale":"fr_FR","og_type":"article","og_title":"Prix de la jeune entreprise entre l'innovation et l'avenir","og_description":"L'association Confartigianato a remis \u00e0 Garvan un prix sp\u00e9cial pour son effort pour la croissance \u00e9conomique, l'emploi dans la province de Ravenne.","og_url":"https:\/\/www.garvanacoustic.com\/fr\/non-classifiee\/prix-de-la-jeune-entreprise-entre-linnovation-et-lavenir\/","og_site_name":"Garvan Acoustic","article_publisher":"https:\/\/www.facebook.com\/garvanacoustic","article_published_time":"2019-12-17T09:44:59+00:00","article_modified_time":"2024-03-12T21:05:38+00:00","og_image":[{"width":1920,"height":1200,"url":"https:\/\/www.garvanacoustic.com\/wp-content\/uploads\/2014\/01\/sviluppo-2014.jpg","type":"image\/jpeg"}],"author":"artigiano","twitter_card":"summary_large_image","twitter_misc":{"\u00c9crit par":"artigiano","Dur\u00e9e de lecture estim\u00e9e":"1 minute"},"schema":{"@context":"https:\/\/schema.org","@graph":[{"@type":"Article","@id":"https:\/\/www.garvanacoustic.com\/fr\/non-classifiee\/prix-de-la-jeune-entreprise-entre-linnovation-et-lavenir\/#article","isPartOf":{"@id":"https:\/\/www.garvanacoustic.com\/fr\/non-classifiee\/prix-de-la-jeune-entreprise-entre-linnovation-et-lavenir\/"},"author":{"name":"artigiano","@id":"https:\/\/www.garvanacoustic.com\/fr\/#\/schema\/person\/6ff430ebd72eb07e33862b57a3efd894"},"headline":"Prix de la jeune entreprise entre l&rsquo;innovation et l&rsquo;avenir","datePublished":"2019-12-17T09:44:59+00:00","dateModified":"2024-03-12T21:05:38+00:00","mainEntityOfPage":{"@id":"https:\/\/www.garvanacoustic.com\/fr\/non-classifiee\/prix-de-la-jeune-entreprise-entre-linnovation-et-lavenir\/"},"wordCount":176,"publisher":{"@id":"https:\/\/www.garvanacoustic.com\/fr\/#organization"},"image":{"@id":"https:\/\/www.garvanacoustic.com\/fr\/non-classifiee\/prix-de-la-jeune-entreprise-entre-linnovation-et-lavenir\/#primaryimage"},"thumbnailUrl":"https:\/\/www.garvanacoustic.com\/wp-content\/uploads\/2014\/01\/sviluppo-2014.jpg","articleSection":["Non classifi\u00e9(e)"],"inLanguage":"fr-FR"},{"@type":"WebPage","@id":"https:\/\/www.garvanacoustic.com\/fr\/non-classifiee\/prix-de-la-jeune-entreprise-entre-linnovation-et-lavenir\/","url":"https:\/\/www.garvanacoustic.com\/fr\/non-classifiee\/prix-de-la-jeune-entreprise-entre-linnovation-et-lavenir\/","name":"Prix de la jeune entreprise entre l'innovation et l'avenir - Garvan Acoustic","isPartOf":{"@id":"https:\/\/www.garvanacoustic.com\/fr\/#website"},"primaryImageOfPage":{"@id":"https:\/\/www.garvanacoustic.com\/fr\/non-classifiee\/prix-de-la-jeune-entreprise-entre-linnovation-et-lavenir\/#primaryimage"},"image":{"@id":"https:\/\/www.garvanacoustic.com\/fr\/non-classifiee\/prix-de-la-jeune-entreprise-entre-linnovation-et-lavenir\/#primaryimage"},"thumbnailUrl":"https:\/\/www.garvanacoustic.com\/wp-content\/uploads\/2014\/01\/sviluppo-2014.jpg","datePublished":"2019-12-17T09:44:59+00:00","dateModified":"2024-03-12T21:05:38+00:00","description":"L'association Confartigianato a remis \u00e0 Garvan un prix sp\u00e9cial pour son effort pour la croissance \u00e9conomique, l'emploi dans la province de Ravenne.","breadcrumb":{"@id":"https:\/\/www.garvanacoustic.com\/fr\/non-classifiee\/prix-de-la-jeune-entreprise-entre-linnovation-et-lavenir\/#breadcrumb"},"inLanguage":"fr-FR","potentialAction":[{"@type":"ReadAction","target":["https:\/\/www.garvanacoustic.com\/fr\/non-classifiee\/prix-de-la-jeune-entreprise-entre-linnovation-et-lavenir\/"]}]},{"@type":"ImageObject","inLanguage":"fr-FR","@id":"https:\/\/www.garvanacoustic.com\/fr\/non-classifiee\/prix-de-la-jeune-entreprise-entre-linnovation-et-lavenir\/#primaryimage","url":"https:\/\/www.garvanacoustic.com\/wp-content\/uploads\/2014\/01\/sviluppo-2014.jpg","contentUrl":"https:\/\/www.garvanacoustic.com\/wp-content\/uploads\/2014\/01\/sviluppo-2014.jpg","width":1920,"height":1200},{"@type":"BreadcrumbList","@id":"https:\/\/www.garvanacoustic.com\/fr\/non-classifiee\/prix-de-la-jeune-entreprise-entre-linnovation-et-lavenir\/#breadcrumb","itemListElement":[{"@type":"ListItem","position":1,"name":"Home","item":"https:\/\/www.garvanacoustic.com\/fr\/"},{"@type":"ListItem","position":2,"name":"Prix de la jeune entreprise entre l&#8217;innovation et l&#8217;avenir"}]},{"@type":"WebSite","@id":"https:\/\/www.garvanacoustic.com\/fr\/#website","url":"https:\/\/www.garvanacoustic.com\/fr\/","name":"Garvan Acoustic","description":"Diffusori e trattamento acustico: scopri la qualit\u00e0 del Made in Italy","publisher":{"@id":"https:\/\/www.garvanacoustic.com\/fr\/#organization"},"potentialAction":[{"@type":"SearchAction","target":{"@type":"EntryPoint","urlTemplate":"https:\/\/www.garvanacoustic.com\/fr\/?s={search_term_string}"},"query-input":{"@type":"PropertyValueSpecification","valueRequired":true,"valueName":"search_term_string"}}],"inLanguage":"fr-FR"},{"@type":"Organization","@id":"https:\/\/www.garvanacoustic.com\/fr\/#organization","name":"Garvan Acoustic","url":"https:\/\/www.garvanacoustic.com\/fr\/","logo":{"@type":"ImageObject","inLanguage":"fr-FR","@id":"https:\/\/www.garvanacoustic.com\/fr\/#\/schema\/logo\/image\/","url":"https:\/\/www.garvanacoustic.com\/wp-content\/uploads\/2018\/07\/garvan-acoustic-logo.png","contentUrl":"https:\/\/www.garvanacoustic.com\/wp-content\/uploads\/2018\/07\/garvan-acoustic-logo.png","width":400,"height":161,"caption":"Garvan Acoustic"},"image":{"@id":"https:\/\/www.garvanacoustic.com\/fr\/#\/schema\/logo\/image\/"},"sameAs":["https:\/\/www.facebook.com\/garvanacoustic","https:\/\/www.instagram.com\/garvanacoustic\/"],"description":"Produttori di Diffusori Acustici e Pannelli Fonoassorbenti Made in Italy","email":"garvan@garvanacoustic.com","telephone":"0546 682097"},{"@type":"Person","@id":"https:\/\/www.garvanacoustic.com\/fr\/#\/schema\/person\/6ff430ebd72eb07e33862b57a3efd894","name":"artigiano","image":{"@type":"ImageObject","inLanguage":"fr-FR","@id":"https:\/\/secure.gravatar.com\/avatar\/435d84d0f64910211a3e5facb0097811767e6bf4e5c8988a895350929ecaa02a?s=96&d=mm&r=g","url":"https:\/\/secure.gravatar.com\/avatar\/435d84d0f64910211a3e5facb0097811767e6bf4e5c8988a895350929ecaa02a?s=96&d=mm&r=g","contentUrl":"https:\/\/secure.gravatar.com\/avatar\/435d84d0f64910211a3e5facb0097811767e6bf4e5c8988a895350929ecaa02a?s=96&d=mm&r=g","caption":"artigiano"},"url":"https:\/\/www.garvanacoustic.com\/fr\/author\/artigianodigitale\/"}]}},"_links":{"self":[{"href":"https:\/\/www.garvanacoustic.com\/fr\/wp-json\/wp\/v2\/posts\/67258","targetHints":{"allow":["GET"]}}],"collection":[{"href":"https:\/\/www.garvanacoustic.com\/fr\/wp-json\/wp\/v2\/posts"}],"about":[{"href":"https:\/\/www.garvanacoustic.com\/fr\/wp-json\/wp\/v2\/types\/post"}],"author":[{"embeddable":true,"href":"https:\/\/www.garvanacoustic.com\/fr\/wp-json\/wp\/v2\/users\/11"}],"replies":[{"embeddable":true,"href":"https:\/\/www.garvanacoustic.com\/fr\/wp-json\/wp\/v2\/comments?post=67258"}],"version-history":[{"count":3,"href":"https:\/\/www.garvanacoustic.com\/fr\/wp-json\/wp\/v2\/posts\/67258\/revisions"}],"predecessor-version":[{"id":67281,"href":"https:\/\/www.garvanacoustic.com\/fr\/wp-json\/wp\/v2\/posts\/67258\/revisions\/67281"}],"wp:featuredmedia":[{"embeddable":true,"href":"https:\/\/www.garvanacoustic.com\/fr\/wp-json\/wp\/v2\/media\/30108"}],"wp:attachment":[{"href":"https:\/\/www.garvanacoustic.com\/fr\/wp-json\/wp\/v2\/media?parent=67258"}],"wp:term":[{"taxonomy":"category","embeddable":true,"href":"https:\/\/www.garvanacoustic.com\/fr\/wp-json\/wp\/v2\/categories?post=67258"},{"taxonomy":"post_tag","embeddable":true,"href":"https:\/\/www.garvanacoustic.com\/fr\/wp-json\/wp\/v2\/tags?post=67258"}],"curies":[{"name":"wp","href":"https:\/\/api.w.org\/{rel}","templated":true}]}}